{"id":172036,"date":"2025-10-12T15:51:08","date_gmt":"2025-10-12T15:51:08","guid":{"rendered":"https:\/\/www.europesays.com\/es\/172036\/"},"modified":"2025-10-12T15:51:08","modified_gmt":"2025-10-12T15:51:08","slug":"expectacion-por-el-espanol-marco-perez","status":"publish","type":"post","link":"https:\/\/www.europesays.com\/es\/172036\/","title":{"rendered":"Expectaci\u00f3n por el espa\u00f1ol Marco P\u00e9rez"},"content":{"rendered":"<p>Este domingo en la Plaza de Toros Monumental Monterrey se presenta el joven matador de toros espa\u00f1ol, Marco P\u00e9rez lo que ha despertado el inter\u00e9s del p\u00fablico aficionado por ver a qui\u00e9n se ha catalogado como la futura figura del toreo espa\u00f1ol.<\/p>\n<p>El joven oriundo de Salamanca, Espa\u00f1a, viene bien precedido de un gran cartel, pues desde su debut fue como ni\u00f1o torero, y alcanz\u00f3 sonados triunfos en su tierra natal y ahora en su temporada invernal en M\u00e9xico, busca consolidarse ante los p\u00fablicos mexicanos.<\/p>\n<p>El joven prodigio de la torer\u00eda, alternar\u00e1 este domingo en la Monumental Monterrey con el rejoneador Emiliano Gamero y con la joven Paola San Rom\u00e1n lidiando un encierro de Santa Mar\u00eda de Xalpa.<\/p>\n<p>Con apenas unos meses de haber recibido la alternativa Marco P\u00e9rez viene sumando triunfos importantes en todas las plazas del orbe taurino, recordemos aquel pasado 6 de junio en que tom\u00f3 la alternativa en la Plaza de Nimes, Francia, de manos del sevillano Jos\u00e9 Antonio \u201cMorante de la Puebla\u201d, siendo su testigo Alejandro Talavante con ganado de Garcigrande.<\/p>\n<p>Sin duda este domingo la afici\u00f3n se dar\u00e1 cita en el coso de la avenida Universidad para presenciar el debut en esta plaza del joven diestro salmantino.<\/p>\n<p>Por lo que respecta a los alternantes Paola San Rom\u00e1n y Emiliano Gamero, se tiene la expectativa de que refrenden en Monterrey las buenas actuaciones que han tenido en otros cosos de la rep\u00fablica.<\/p>\n<p>Para la pr\u00f3xima semana la empresa de la Monumental anuncia la presencia del rejoneador espa\u00f1ol Andy Cartagena y los toreros de la tierra Juan Fernando y Sergio Garza, quienes lidiar\u00e1n toros de la ganader\u00eda de \u201cLa Concepci\u00f3n\u201d.<\/p>\n","protected":false},"excerpt":{"rendered":"Este domingo en la Plaza de Toros Monumental Monterrey se presenta el joven matador de toros espa\u00f1ol, Marco&hellip;\n","protected":false},"author":2,"featured_media":172037,"comment_status":"","ping_status":"","sticky":false,"template":"","format":"standard","meta":{"footnotes":""},"categories":[277],"tags":[373,168,25,24,23,167,374,49797],"class_list":{"0":"post-172036","1":"post","2":"type-post","3":"status-publish","4":"format-standard","5":"has-post-thumbnail","7":"category-toreo","8":"tag-bullfighting","9":"tag-deportes","10":"tag-es","11":"tag-espana","12":"tag-spain","13":"tag-sports","14":"tag-toreo","15":"tag-toros-y-ole"},"share_on_mastodon":{"url":"","error":""},"_links":{"self":[{"href":"https:\/\/www.europesays.com\/es\/wp-json\/wp\/v2\/posts\/172036","targetHints":{"allow":["GET"]}}],"collection":[{"href":"https:\/\/www.europesays.com\/es\/wp-json\/wp\/v2\/posts"}],"about":[{"href":"https:\/\/www.europesays.com\/es\/wp-json\/wp\/v2\/types\/post"}],"author":[{"embeddable":true,"href":"https:\/\/www.europesays.com\/es\/wp-json\/wp\/v2\/users\/2"}],"replies":[{"embeddable":true,"href":"https:\/\/www.europesays.com\/es\/wp-json\/wp\/v2\/comments?post=172036"}],"version-history":[{"count":0,"href":"https:\/\/www.europesays.com\/es\/wp-json\/wp\/v2\/posts\/172036\/revisions"}],"wp:featuredmedia":[{"embeddable":true,"href":"https:\/\/www.europesays.com\/es\/wp-json\/wp\/v2\/media\/172037"}],"wp:attachment":[{"href":"https:\/\/www.europesays.com\/es\/wp-json\/wp\/v2\/media?parent=172036"}],"wp:term":[{"taxonomy":"category","embeddable":true,"href":"https:\/\/www.europesays.com\/es\/wp-json\/wp\/v2\/categories?post=172036"},{"taxonomy":"post_tag","embeddable":true,"href":"https:\/\/www.europesays.com\/es\/wp-json\/wp\/v2\/tags?post=172036"}],"curies":[{"name":"wp","href":"https:\/\/api.w.org\/{rel}","templated":true}]}}