{"id":172045,"date":"2025-10-12T15:57:07","date_gmt":"2025-10-12T15:57:07","guid":{"rendered":"https:\/\/www.europesays.com\/es\/172045\/"},"modified":"2025-10-12T15:57:07","modified_gmt":"2025-10-12T15:57:07","slug":"el-casademont-zaragoza-afronta-su-primer-desplazamiento-liguero-a-leganes-nuestro-deporte","status":"publish","type":"post","link":"https:\/\/www.europesays.com\/es\/172045\/","title":{"rendered":"El Casademont Zaragoza afronta su primer desplazamiento liguero a Legan\u00e9s | Nuestro deporte"},"content":{"rendered":"<p>El <strong>Casademont Zaragoza<\/strong> encara su primer partido fuera de casa en la<strong> Liga Femenina Endesa.<\/strong>\u00a0Las de <strong>Carlos Cantero<\/strong> visitan\u00a0a uno de los reci\u00e9n ascendidos: el <strong>Inovva-TSN Legan\u00e9s<\/strong> (17:00 horas, en nuestro streaming de <strong>Arag\u00f3n Deporte<\/strong>). <a href=\"https:\/\/www.cartv.es\/aragondeporte\/nuestro-deporte\/el-casademont-zaragoza-vuelve-a-lo-grande-a-euroliga-70-73-24770\" rel=\"nofollow noopener\" target=\"_blank\">El conjunto rojillo\u00a0llega al encuentro con la confianza por los aires tras un mes colosal<\/a>: una remontada para lograr la clasificaci\u00f3n en <strong>Euroliga<\/strong>, el t\u00edtulo de campeonas de la Supercopa, la primera victoria en liga regular y el primer triunfo en la <strong>EuroLeague Women<\/strong> como visitante. Ahora, el ritmo no puede parar y las de Cantero lo saben.<\/p>\n<p>Con el objetivo de seguir creciendo en lo f\u00edsico y de ir metiendo poco a poco en el equipo a jugadores como <strong>Clara Leite<\/strong>, Cantero hablaba as\u00ed en la previa de qu\u00e9 esperaba para el duelo en Legan\u00e9s: \u00abSer\u00e1 un partido complicado, de ritmos. Intentaremos imponer nuestro ritmo, nuestra velocidad; pero si no lo llevamos a nuestro terreno, ser\u00e1 un partido dif\u00edcil, con postes f\u00edsicas\u00bb.<\/p>\n<p>Por su parte, el Legan\u00e9s afronta el duelo como un conjunto consolidado, tras su victoria en la primera jornada como visitante ante el Cad\u00ed La Seu. T<strong>ras este encuentro, el Casademont Zaragoza regresar\u00e1 a la capital aragonesa, ya que el jueves deber\u00e1 afrontar su segundo compromiso en competici\u00f3n europea ante el\u00a0Reyer Venezia (20:00 horas)<\/strong>.\u00a0<\/p>\n<p>Si quieres estar al d\u00eda de toda la actualidad deportiva, s\u00edguenos en redes sociales: <a href=\"https:\/\/www.instagram.com\/aragondeporte\/\" target=\"_blank\" rel=\"noindex nofollow noopener\">Instagram<\/a>, <a href=\"https:\/\/www.facebook.com\/aragondeporte\/\" target=\"_blank\" rel=\"noindex nofollow noopener\">Facebook<\/a>, <a href=\"https:\/\/x.com\/ardeportes\" target=\"_blank\" rel=\"noindex nofollow\">X<\/a> y tambi\u00e9n en el canal de <a href=\"https:\/\/whatsapp.com\/channel\/0029Vb8JrUy6rsQrHNE2y41l\" target=\"_blank\" rel=\"noindex nofollow noopener\">WhatsApp<\/a>.<\/p>\n<p>            <script async src=\"\/\/www.instagram.com\/embed.js\"><\/script><\/p>\n","protected":false},"excerpt":{"rendered":"El Casademont Zaragoza encara su primer partido fuera de casa en la Liga Femenina Endesa.\u00a0Las de Carlos Cantero&hellip;\n","protected":false},"author":2,"featured_media":172046,"comment_status":"","ping_status":"","sticky":false,"template":"","format":"standard","meta":{"footnotes":""},"categories":[269],"tags":[4499,4502,299,298,4501,4110,634,168,25,24,4500,1448,23,167,214],"class_list":{"0":"post-172045","1":"post","2":"type-post","3":"status-publish","4":"format-standard","5":"has-post-thumbnail","7":"category-baloncesto","8":"tag-aragon","9":"tag-aragonesa","10":"tag-baloncesto","11":"tag-basketball","12":"tag-cartv","13":"tag-corporacion","14":"tag-deporte","15":"tag-deportes","16":"tag-es","17":"tag-espana","18":"tag-publica","19":"tag-radio","20":"tag-spain","21":"tag-sports","22":"tag-tv"},"share_on_mastodon":{"url":"","error":""},"_links":{"self":[{"href":"https:\/\/www.europesays.com\/es\/wp-json\/wp\/v2\/posts\/172045","targetHints":{"allow":["GET"]}}],"collection":[{"href":"https:\/\/www.europesays.com\/es\/wp-json\/wp\/v2\/posts"}],"about":[{"href":"https:\/\/www.europesays.com\/es\/wp-json\/wp\/v2\/types\/post"}],"author":[{"embeddable":true,"href":"https:\/\/www.europesays.com\/es\/wp-json\/wp\/v2\/users\/2"}],"replies":[{"embeddable":true,"href":"https:\/\/www.europesays.com\/es\/wp-json\/wp\/v2\/comments?post=172045"}],"version-history":[{"count":0,"href":"https:\/\/www.europesays.com\/es\/wp-json\/wp\/v2\/posts\/172045\/revisions"}],"wp:featuredmedia":[{"embeddable":true,"href":"https:\/\/www.europesays.com\/es\/wp-json\/wp\/v2\/media\/172046"}],"wp:attachment":[{"href":"https:\/\/www.europesays.com\/es\/wp-json\/wp\/v2\/media?parent=172045"}],"wp:term":[{"taxonomy":"category","embeddable":true,"href":"https:\/\/www.europesays.com\/es\/wp-json\/wp\/v2\/categories?post=172045"},{"taxonomy":"post_tag","embeddable":true,"href":"https:\/\/www.europesays.com\/es\/wp-json\/wp\/v2\/tags?post=172045"}],"curies":[{"name":"wp","href":"https:\/\/api.w.org\/{rel}","templated":true}]}}