{"id":172051,"date":"2025-10-12T16:00:31","date_gmt":"2025-10-12T16:00:31","guid":{"rendered":"https:\/\/www.europesays.com\/es\/172051\/"},"modified":"2025-10-12T16:00:31","modified_gmt":"2025-10-12T16:00:31","slug":"el-american-dream-de-miro-en-espana-estaba-marcado-por-las-limitaciones-y-la-represion-en-eeuu-encontro-un-espacio-de-libertad-y-creatividad-el-mundo","status":"publish","type":"post","link":"https:\/\/www.europesays.com\/es\/172051\/","title":{"rendered":"El &#039;american dream&#039; de Mir\u00f3: &quot;En Espa\u00f1a estaba marcado por las limitaciones y la represi\u00f3n, en EEUU encontr\u00f3 un espacio de libertad y creatividad&quot; &#8211; El Mundo"},"content":{"rendered":"<ol>\n<li><a href=\"https:\/\/news.google.com\/rss\/articles\/CBMie0FVX3lxTE5yRE5aUWx3U1liR0IxcjQ2NjJDOV9vMkdmanFZZU55MnZRb2szZXpnR3g3QXlpOV9hUlhMMU9HaXBBcXl5OEhUbzB0WExUZlBmTVpfcUViemxHbDJ5czZMQ29BSUlNSWc5ejBaMER3N2pTeEZiNEhpVDB1WdIBe0FVX3lxTE8xSV9KR2o0RFp4cEVvY29fallhTnZkU0plQ3E3U1hMeHlSZEJycWc3UUxtNnNqVUZfRnQ5ZUprXzB1VDk4UVhOUXdIdFMxOVJNYm5STUhlOUltWWRwbkR4ZzhXb2RKdHRfdFU0VGZMVmZvb3NzdzlrVXZfTQ?oc=5\" target=\"_blank\" rel=\"nofollow noopener\">El &#8216;american dream&#8217; de Mir\u00f3: \u00abEn Espa\u00f1a estaba marcado por las limitaciones y la represi\u00f3n, en EEUU encontr\u00f3 un espacio de libertad y creatividad\u00bb<\/a>&nbsp;&nbsp;El Mundo<\/li>\n<li><a href=\"https:\/\/news.google.com\/rss\/articles\/CBMiggFBVV95cUxPRFFfQk11cFFFa29YRG5IN0kxODY3alZtajVJQnJUS0txNFNhNnN4NHhpWFRSbGU4WUdiZXFCUjlSWEVtaEQyOUlGYnluNzNLd3hjNWx3UENRd2hNUU9ld01ZTGxTcVI1QklxeDdVaWk3MGFwd3lUTmd5ajVLWHBscm1R0gGCAUFVX3lxTE91QW5pcDVMa003NVFmR0h3VGFwbURBbThmWVdrcV9pM2lvLXl6NTMxcnRZRkRCTU1CWlAwS0xKRTd1akNkei1SMjExc0Q5YWk1RC1kdFIwcXZ5RXhFMzl0ZDJmSEhEUnRnS1lCMlNxSm1MZVlLVVAyX1VwSlJWcUpFQVE?oc=5\" target=\"_blank\" rel=\"nofollow noopener\">El sue\u00f1o americano de Mir\u00f3 se desvela en Montju\u00efc<\/a>&nbsp;&nbsp;Expansi\u00f3n<\/li>\n<li><a href=\"https:\/\/news.google.com\/rss\/articles\/CBMi2wFBVV95cUxPWFp3WmIyWHpHZEJMQ25NZGZ3OHdMN1pSTm5vaW96c0o2N0ZfU041bEY3bkE4MFp4LWp3a2tETG5tSjdmTEk4VERrQjU4MEVzUmxVRHpRNm5uX2dWblI1WW5rTk0yZHdFY3BYSFRZamJHMFZtOU9IM0xITUJ5YUZlMjJHVFdUSXp5M1JfVl95UTRZTlY2LU85UXF2N1NQYUkyOTVYam9EOEl2SlM5THlQSFJzNi12NmtVTnkxb2ZMTUJZVklMTEdySWdHNjVwMmRRblo3SXRYSTJnZ2s?oc=5\" target=\"_blank\" rel=\"nofollow noopener\">La Fundaci\u00f3 Mir\u00f3 re\u00fane 138 obras que exploran la relaci\u00f3n entre el artista y Estados Unidos<\/a>&nbsp;&nbsp;EL PA\u00cdS<\/li>\n<li><a href=\"https:\/\/news.google.com\/rss\/articles\/CBMioAFBVV95cUxOT2dEYmJYblpGRFhJRVFZY1F4WlpfMmN1MW9KcE1WbGpncGVSb04za0pfdjJTeTljU21Ua1pmck9fbllmTEd0M1FSeFptYmdVQV9QZ0UyVHY2RzAzSThlLW9FTk5yTFdnNmRtTk9mNE9OOWR4S3Q4NWZLb2tZbjFsbmIxb2VMVUVobVFjRjlCMmRiUXZfQjhBQUNFX3IySVRp?oc=5\" target=\"_blank\" rel=\"nofollow noopener\">La alargada sombra de Mir\u00f3 en el expresionismo abstracto de EE UU<\/a>&nbsp;&nbsp;ABC<\/li>\n<li><a href=\"https:\/\/news.google.com\/rss\/articles\/CBMi3wFBVV95cUxOd0JUc1dWQmN1SzBZT1F1bkNDSG55TjhBRWNxaEN6Yk1lbUduUEd3MEtZVDFEalp6dENPdVVXSjF5Y0RGOER5NlVaNmZOOGNwVDE2THpNUTNtTmlHNTViNFpBTFdLd1luNEt2Z19oUWlXczRqMlZJekoyZUhMYm5tcnpxcVBKN25vMFJEeUFVNk9DYkd3MDdoUkpKdDRBLVdlUDl5M1kyb19TZ3N4YlZkM3NPWWNSV0NZTmRLZDZFel8ydEVBMTRzaWVCV25tVUI2cXlxdHRMNVoxMWhVMl9F?oc=5\" target=\"_blank\" rel=\"nofollow noopener\">Carlos Torres Vila inaugura la muestra \u2018Mir\u00f3 y los Estados Unidos\u2019<\/a>&nbsp;&nbsp;BBVA<\/li>\n<\/ol>\n","protected":false},"excerpt":{"rendered":"El &#8216;american dream&#8217; de Mir\u00f3: \u00abEn Espa\u00f1a estaba marcado por las limitaciones y la represi\u00f3n, en EEUU encontr\u00f3&hellip;\n","protected":false},"author":2,"featured_media":172052,"comment_status":"","ping_status":"","sticky":false,"template":"","format":"standard","meta":{"footnotes":""},"categories":[173],"tags":[229,233,231,230,210,209,232,234,146,147,25,24,629,241,23],"class_list":{"0":"post-172051","1":"post","2":"type-post","3":"status-publish","4":"format-standard","5":"has-post-thumbnail","7":"category-arte-y-diseno","8":"tag-arte","9":"tag-arte-y-diseno","10":"tag-arts","11":"tag-arts-and-design","12":"tag-barcelona","13":"tag-cultura","14":"tag-design","15":"tag-diseno","16":"tag-entertainment","17":"tag-entretenimiento","18":"tag-es","19":"tag-espana","20":"tag-estados-unidos","21":"tag-exposiciones","22":"tag-spain"},"share_on_mastodon":{"url":"","error":""},"_links":{"self":[{"href":"https:\/\/www.europesays.com\/es\/wp-json\/wp\/v2\/posts\/172051","targetHints":{"allow":["GET"]}}],"collection":[{"href":"https:\/\/www.europesays.com\/es\/wp-json\/wp\/v2\/posts"}],"about":[{"href":"https:\/\/www.europesays.com\/es\/wp-json\/wp\/v2\/types\/post"}],"author":[{"embeddable":true,"href":"https:\/\/www.europesays.com\/es\/wp-json\/wp\/v2\/users\/2"}],"replies":[{"embeddable":true,"href":"https:\/\/www.europesays.com\/es\/wp-json\/wp\/v2\/comments?post=172051"}],"version-history":[{"count":0,"href":"https:\/\/www.europesays.com\/es\/wp-json\/wp\/v2\/posts\/172051\/revisions"}],"wp:featuredmedia":[{"embeddable":true,"href":"https:\/\/www.europesays.com\/es\/wp-json\/wp\/v2\/media\/172052"}],"wp:attachment":[{"href":"https:\/\/www.europesays.com\/es\/wp-json\/wp\/v2\/media?parent=172051"}],"wp:term":[{"taxonomy":"category","embeddable":true,"href":"https:\/\/www.europesays.com\/es\/wp-json\/wp\/v2\/categories?post=172051"},{"taxonomy":"post_tag","embeddable":true,"href":"https:\/\/www.europesays.com\/es\/wp-json\/wp\/v2\/tags?post=172051"}],"curies":[{"name":"wp","href":"https:\/\/api.w.org\/{rel}","templated":true}]}}