{"id":172055,"date":"2025-10-12T16:02:08","date_gmt":"2025-10-12T16:02:08","guid":{"rendered":"https:\/\/www.europesays.com\/es\/172055\/"},"modified":"2025-10-12T16:02:08","modified_gmt":"2025-10-12T16:02:08","slug":"el-total-white-triunfa-entre-las-invitadas-a-la-recepcion-del-dia-de-la-hispanidad","status":"publish","type":"post","link":"https:\/\/www.europesays.com\/es\/172055\/","title":{"rendered":"el &#8216;total white&#8217; triunfa entre las invitadas a la recepci\u00f3n del D\u00eda de la Hispanidad"},"content":{"rendered":"<p class=\"paragraph\" id=\"paragraph_1\">Este domingo, 12 de octubre, el<strong> Palacio Real de Madrid<\/strong> ha vuelto a convertirse en el epicentro de la vida institucional y social del pa\u00eds. El motivo: la recepci\u00f3n oficial ofrecida por los reyes <a href=\"https:\/\/www.elespanol.com\/personajes\/felipe_vi\/%20\/?utm_cmp_rs=linksinline\" rel=\"nofollow noopener\" target=\"_blank\"><strong>Felipe VI<\/strong> <\/a>(57 a\u00f1os) y <a href=\"https:\/\/www.elespanol.com\/personajes\/reina_letizia\/?utm_cmp_rs=linksinline\" rel=\"nofollow noopener\" target=\"_blank\"><strong>Letizia<\/strong> <\/a>(53) tras el tradicional desfile militar del <strong>D\u00eda de la Hispanidad<\/strong>.<\/p>\n<p class=\"paragraph\" id=\"paragraph_2\">Cientos de personalidades del \u00e1mbito pol\u00edtico, militar, diplom\u00e1tico, cultural y medi\u00e1tico han desfilado por el <strong>Sal\u00f3n del Trono<\/strong> para saludar a los monarcas en una jornada marcada por la elegancia que siempre caracteriza a este acto.<\/p>\n<p class=\"paragraph\" id=\"paragraph_3\">Hablando de asuntos estil\u00edsticos, si algo ha destacado este a\u00f1o ha sido <strong>el predominio del blanco entre las invitadas<\/strong>. Un color que ha acaparado miradas y se ha convertido en el protagonista indiscutible de la jornada.<\/p>\n<p class=\"paragraph\" id=\"paragraph_4\"><a href=\"https:\/\/www.elespanol.com\/mujer\/royals\/20251012\/reina-letizia-espectacular-vestido-tweed-verde-pendientes-juego-deslumbra-dia-hispanidad\/1003743965797_0.html?utm_cmp_rs=linksinline\" rel=\"nofollow noopener\" target=\"_blank\">[La reina Letizia apuesta por un vestido de &#8216;tweed&#8217; verde y pendientes largos a juego por el D\u00eda de la Hispanidad]<\/a><\/p>\n<p class=\"paragraph\" id=\"paragraph_5\">Desde <strong>Ana Rosa Quintana<\/strong>\u00a0(69) hasta <strong>Sandra Golpe<\/strong> (51) o<strong> Isabel Jim\u00e9nez<\/strong> (43). Un nutrido n\u00famero de asistentes han coincidido en apostar por este tono atemporal, s\u00edmbolo de sofisticaci\u00f3n y pureza, que ha aportado luminosidad al hist\u00f3rico sal\u00f3n.<\/p>\n<p class=\"paragraph\" id=\"paragraph_6\">La periodista y presentadora de El programa de Ana Rosa, ha optado por un elegante conjunto blanco de dos piezas, con pantal\u00f3n recto y blusa satinada. Acompa\u00f1ada de su marido,<strong> Juan Mu\u00f1oz\u00a0<\/strong>(59), se ha dejado ver completando su look con accesorios dorados que aportaban un toque de distinci\u00f3n.<\/p>\n<p class=\"paragraph\" id=\"paragraph_7\">Por su parte, <strong>Sandra Golpe<\/strong>, presentadora de los informativos de<strong> Antena 3<\/strong>, ha apostado por un vestido midi ajustado en blanco roto, de l\u00edneas minimalistas y cuello redondo, que realzaba su figura con discreci\u00f3n.<\/p>\n<p class=\"paragraph\" id=\"paragraph_8\">En la misma l\u00ednea,<strong> Isabel Jim\u00e9nez<\/strong>, periodista, presentadora de Informativos Telecinco, y gran amiga de <strong>Sara Carbonero\u00a0<\/strong>(41), se ha decantado por un outfit monocrom\u00e1tico en blanco marfil, con blazer estructurada y falda l\u00e1piz, una combinaci\u00f3n perfecta para un acto de esta naturaleza.<\/p>\n<p class=\"paragraph\" id=\"paragraph_9\">Adem\u00e1s de rostros televisivos, por el Palacio Real tambi\u00e9n se han dejado ver representantes del Gobierno y de la oposici\u00f3n, as\u00ed como destacadas personalidades del mundo cultural y empresarial.<\/p>\n<p class=\"paragraph\" id=\"paragraph_10\">Entre los invitados -unos 1.000 en total- se encontraban el presidente del Gobierno, <strong>Pedro S\u00e1nchez<\/strong>\u00a0(53), -quien ha acudido sin su mujer, <strong>Bego\u00f1a G\u00f3mez <\/strong>(54); la vicepresidenta del Gobierno,<strong> Mar\u00eda Jes\u00fas Montero\u00a0<\/strong>(59); el l\u00edder del Partido Popular, <strong>Alberto N\u00fa\u00f1ez Feij\u00f3o\u00a0<\/strong>(64); el alcalde de Madrid,<strong> Jos\u00e9 Luis Mart\u00ednez-Almeida<\/strong> (50) junto a su mujer, <strong>Teresa Urquijo\u00a0<\/strong>(29), as\u00ed como la presidenta de la Comunidad de Madrid, <strong>Isabel D\u00edaz Ayuso\u00a0<\/strong>(45), que tambi\u00e9n ha acaparado flashes con <a href=\"https:\/\/www.elespanol.com\/corazon\/famosos\/20251012\/isabel-diaz-ayuso-apuesta-moda-made-in-spain-dia-hispanidad-diseno-vicky-martin-berrocal\/1003743965855_0.html?utm_cmp_rs=linksinline\" rel=\"nofollow noopener\" target=\"_blank\">un dise\u00f1o azul profundo de Victoria Colecci\u00f3n<\/a>.<\/p>\n<p class=\"paragraph\" id=\"paragraph_11\">Una de las m\u00e1s elegantes de la cita ha sido <strong>Manuela Villena\u00a0<\/strong>(45). La polit\u00f3loga granadina, mujer del presidente de la Junta de Andaluc\u00eda, <strong>Juan Manuel Moreno Bonilla\u00a0<\/strong>(55), estaba radiante con un dos piezas de la firma <strong>IQ Collection<\/strong>, de<strong> In\u00e9s Domecq\u00a0<\/strong>(43).<\/p>\n","protected":false},"excerpt":{"rendered":"Este domingo, 12 de octubre, el Palacio Real de Madrid ha vuelto a convertirse en el epicentro de&hellip;\n","protected":false},"author":2,"featured_media":172056,"comment_status":"","ping_status":"","sticky":false,"template":"","format":"standard","meta":{"footnotes":""},"categories":[171],"tags":[49800,880,146,147,25,24,37777,256,3515,12312,43793,7835,764,49801,8708,11362,23,214],"class_list":{"0":"post-172055","1":"post","2":"type-post","3":"status-publish","4":"format-standard","5":"has-post-thumbnail","7":"category-tv","8":"tag-ana-pastor-julian-politica","9":"tag-ana-rosa-quintana","10":"tag-entertainment","11":"tag-entretenimiento","12":"tag-es","13":"tag-espana","14":"tag-esperanza-aguirre","15":"tag-famosos","16":"tag-isabel-diaz-ayuso","17":"tag-isabel-jimenez","18":"tag-leonor-de-borbon-ortiz","19":"tag-margarita-robles","20":"tag-maria-jesus-montero","21":"tag-paloma-segrelles","22":"tag-pilar-alegria","23":"tag-reina-letizia","24":"tag-spain","25":"tag-tv"},"share_on_mastodon":{"url":"","error":""},"_links":{"self":[{"href":"https:\/\/www.europesays.com\/es\/wp-json\/wp\/v2\/posts\/172055","targetHints":{"allow":["GET"]}}],"collection":[{"href":"https:\/\/www.europesays.com\/es\/wp-json\/wp\/v2\/posts"}],"about":[{"href":"https:\/\/www.europesays.com\/es\/wp-json\/wp\/v2\/types\/post"}],"author":[{"embeddable":true,"href":"https:\/\/www.europesays.com\/es\/wp-json\/wp\/v2\/users\/2"}],"replies":[{"embeddable":true,"href":"https:\/\/www.europesays.com\/es\/wp-json\/wp\/v2\/comments?post=172055"}],"version-history":[{"count":0,"href":"https:\/\/www.europesays.com\/es\/wp-json\/wp\/v2\/posts\/172055\/revisions"}],"wp:featuredmedia":[{"embeddable":true,"href":"https:\/\/www.europesays.com\/es\/wp-json\/wp\/v2\/media\/172056"}],"wp:attachment":[{"href":"https:\/\/www.europesays.com\/es\/wp-json\/wp\/v2\/media?parent=172055"}],"wp:term":[{"taxonomy":"category","embeddable":true,"href":"https:\/\/www.europesays.com\/es\/wp-json\/wp\/v2\/categories?post=172055"},{"taxonomy":"post_tag","embeddable":true,"href":"https:\/\/www.europesays.com\/es\/wp-json\/wp\/v2\/tags?post=172055"}],"curies":[{"name":"wp","href":"https:\/\/api.w.org\/{rel}","templated":true}]}}