{"id":172063,"date":"2025-10-12T16:07:11","date_gmt":"2025-10-12T16:07:11","guid":{"rendered":"https:\/\/www.europesays.com\/es\/172063\/"},"modified":"2025-10-12T16:07:11","modified_gmt":"2025-10-12T16:07:11","slug":"kimono-bordado-vestido-burdeos-y-bolso-de-rafia","status":"publish","type":"post","link":"https:\/\/www.europesays.com\/es\/172063\/","title":{"rendered":"kimono bordado, vestido burdeos y bolso de rafia"},"content":{"rendered":"<p id=\"e3YolCdTfi\" data-wc=\"119\">Madrid ha amanecido este 12 de octubre bajo ese cielo azul (ligeramente nublado) que suele reservarse para las grandes solemnidades. Las tribunas de la Castellana han vuelto a llenarse de uniformes y de saludos medidos: <a class=\"hm-link ho-link\" href=\"https:\/\/www.hola.com\/realeza\/casa_espanola\/20251012861074\/reyes-felipe-letizia-princesa-leonor-infanta-sofia\/\" rel=\"noopener nofollow\" target=\"_blank\" data-mrf-recirculation=\"article-body-link\">el desfile del D\u00eda de la Fiesta Nacional<\/a> ha seguido su curso entre los ecos de la Patrulla \u00c1guila y la expectaci\u00f3n medi\u00e1tica por el reencuentro de la princesa Leonor y <a class=\"hm-link ho-link\" href=\"https:\/\/www.hola.com\/moda\/20251012860205\/infanta-sofia-dia-de-la-hispanidad-2025-look-reaparicion\/\" rel=\"noopener nofollow\" target=\"_blank\" data-mrf-recirculation=\"article-body-link\">la infanta Sof\u00eda<\/a>, cinco a\u00f1os despu\u00e9s de su \u00faltima coincidencia en este acto. Pero m\u00e1s all\u00e1 del protocolo real, una figura ha atra\u00eddo discretamente las miradas entre el p\u00fablico y, horas m\u00e1s tarde, en los salones del Palacio Real durante el tradicional besamanos: <strong data-end=\"1225\" data-start=\"1207\">Teresa Urquijo<\/strong>, esposa del alcalde de Madrid, Jos\u00e9 Luis Mart\u00ednez-Almeida.<\/p>\n<p> <img src=\"https:\/\/www.europesays.com\/es\/wp-content\/uploads\/2025\/10\/295b47ebce92-d99000d8d7eb-6dbfbc65532f60df0dd7faeaf57510a2721d00dfw.jpg\"   width=\"1080\" height=\"1800\" loading=\"lazy\" decoding=\"async\" alt=\"Teresa Urquijo\" fetchpriority=\"auto\" class=\"image ho-image\"\/>\u00a9 EFE<\/p>\n<p id=\"e-U1F20sKyd\" data-wc=\"66\">Su presencia ha marcado algo m\u00e1s que una cita institucional. Ha sido su primera aparici\u00f3n destacada desde <a class=\"hm-link ho-link\" href=\"https:\/\/www.hola.com\/actualidad\/20250704842202\/jose-luis-martinez-almeida-teresa-urquijo-primera-foto-bebe\" rel=\"noopener nofollow\" target=\"_blank\" data-mrf-recirculation=\"article-body-link\">el nacimiento de su hijo, Lucas<\/a>, el pasado mes de julio, y el s\u00edmbolo de una nueva etapa personal y p\u00fablica. En apenas un a\u00f1o, Teresa ha pasado por tres de los momentos m\u00e1s significativos de una vida, su <a class=\"hm-link ho-link\" href=\"https:\/\/www.hola.com\/actualidad\/20240410358509\/teresa-urquijo-jose-luis-martinez-almeida-boda-detalles-imagenes\/\" rel=\"noopener nofollow\" target=\"_blank\" data-mrf-recirculation=\"article-body-link\">boda<\/a>, su maternidad y el <a class=\"hm-link ho-link\" href=\"https:\/\/www.hola.com\/actualidad\/20250718845214\/martinez-almeida-teresa-urquijo-bautizan-hijo-lucas-finca-el-canto-de-la-cruz\/\" rel=\"noopener nofollow\" target=\"_blank\" data-mrf-recirculation=\"article-body-link\">bautizo<\/a> de su primer hijo.<\/p>\n<p> <img src=\"https:\/\/www.europesays.com\/es\/wp-content\/uploads\/2025\/10\/d99000d8d7eb-6dbfbc65532f60df0dd7faeaf57510a2721d00dfw.jpg\"   width=\"1024\" height=\"682\" loading=\"lazy\" decoding=\"async\" alt=\"El rey Felipe VI saluda al alcalde de Madrid, Jos\u00e9 Luis Mart\u00ednez-Almeida y su mujer Teresa Urquijo durante la recepci\u00f3n en el Palacio Real de Madrid con motivo de la Fiesta Nacional.\" fetchpriority=\"auto\" class=\"image ho-image\"\/>\u00a9 EFE<\/p>\n<p id=\"expoZYW3-p\" data-wc=\"103\">En el besamanos de los Reyes en el Palacio Real, Teresa Urquijo ha optado por un <strong data-end=\"284\" data-start=\"227\">kimono bordado de inspiraci\u00f3n asi\u00e1tica en tono dorado<\/strong>, combinado con un <strong data-end=\"358\" data-start=\"303\">vestido midi de corte cl\u00e1sico en burdeos<\/strong>, un color que remite a la temporada oto\u00f1al. Ha completado el conjunto con <strong data-end=\"448\" data-start=\"428\">zapatos de tac\u00f3n<\/strong>, un bolso de mano de rafia y una <strong data-end=\"474\" data-start=\"455\">coleta sencilla<\/strong>, manteniendo la formalidad requerida por el acto. La elecci\u00f3n de tejidos, colores y referencias culturales a\u00f1adi\u00f3 un matiz distinto dentro del protocolo, situando su presencia dentro de la l\u00ednea de las apariciones p\u00fablicas de figuras del entorno pol\u00edtico y social de la capital.<\/p>\n<p> <img src=\"https:\/\/www.europesays.com\/es\/wp-content\/uploads\/2025\/10\/60e7dbef01b8-u592916244.jpg\"   width=\"682\" height=\"1024\" loading=\"lazy\" decoding=\"async\" alt=\"Teresa Urquijo en la recepci\u00f3n de los Reyes en Palacio por el D\u00eda de la Hispanidad\" fetchpriority=\"auto\" class=\"image ho-image\"\/>\u00a9 GTRES<\/p>\n<p id=\"e3A8ihpohMhz\" data-wc=\"117\">Desde su enlace con el regidor madrile\u00f1o, celebrado el 6 de abril en la iglesia del Sagrado Coraz\u00f3n y San Francisco de Borja, <strong>el inter\u00e9s por la figura de Teresa Urquijo no ha dejado de crecer<\/strong>. Aquella ceremonia, que reuni\u00f3 a Reyes, nobles y empresarios en una imagen coral del poder social espa\u00f1ol, fue mucho m\u00e1s que una boda: fue la escenificaci\u00f3n de un nuevo tipo de representaci\u00f3n. La pareja, consciente de la expectaci\u00f3n, apost\u00f3 por la contenci\u00f3n y por los oficios tradicionales \u2014el chaqu\u00e9 de Almeida, confeccionado por la sastrer\u00eda Fern\u00e1ndez Prats, fue un homenaje al saber artesanal madrile\u00f1o\u2014. Desde entonces, Teresa ha demostrado una preferencia clara por ese mismo lenguaje: discreci\u00f3n, calidad y un clasicismo.<\/p>\n<p> <img src=\"https:\/\/www.europesays.com\/es\/wp-content\/uploads\/2025\/10\/99a6e3e8162f-u592916250.jpg\"   width=\"682\" height=\"1024\" loading=\"lazy\" decoding=\"async\" alt=\"Teresa Urquijo en la recepci\u00f3n de los Reyes en Palacio por el D\u00eda de la Hispanidad\" fetchpriority=\"auto\" class=\"image ho-image\"\/>\u00a9 GTRES<\/p>\n<p id=\"esh2hyeFXaw\" data-wc=\"122\">El D\u00eda de la Hispanidad, adem\u00e1s, tiene un peso hist\u00f3rico que multiplica la lectura de cada presencia. Desde que la reina Mar\u00eda Cristina firmara en 1892 el decreto que instauraba esta fecha como conmemoraci\u00f3n del descubrimiento de Am\u00e9rica, la jornada ha tenido una vocaci\u00f3n doble: <strong>honrar a las Fuerzas Armadas y reflejar la continuidad de la Monarqu\u00eda como s\u00edmbolo del Estado<\/strong>. En los \u00faltimos a\u00f1os, con la participaci\u00f3n creciente de la princesa Leonor y la infanta Sof\u00eda, el acto ha adquirido un valor generacional que dialoga con la idea de renovaci\u00f3n. Y es en ese mismo contexto donde encaja la figura de Teresa Urquijo: una mujer joven, preparada y de ra\u00edces aristocr\u00e1ticas, que representa una versi\u00f3n moderna de la elegancia tradicional espa\u00f1ola.<\/p>\n<p> <img src=\"https:\/\/www.europesays.com\/es\/wp-content\/uploads\/2025\/10\/7675c6e715d7-dlu592916243-1.jpg\"   width=\"1024\" height=\"682\" loading=\"lazy\" decoding=\"async\" alt=\"Teresa Urquijo en la recepci\u00f3n de los Reyes en Palacio por el D\u00eda de la Hispanidad\" fetchpriority=\"auto\" class=\"image ho-image\"\/>\u00a9 GTRES<\/p>\n<p id=\"euDqrMYnuVP\" data-wc=\"122\">Nieta de Teresa de Borb\u00f3n y Borb\u00f3n \u2014prima del rey Juan Carlos\u2014 y <strong>vinculada a una de las familias con m\u00e1s solera del pa\u00eds<\/strong>, Teresa combina esa herencia con un modo de estar que responde a su tiempo. El verano ha sido, adem\u00e1s, un punto de inflexi\u00f3n en su historia personal. Tras la llegada de su primer hijo, Lucas, el 3 de julio, y su posterior bautizo en la finca familiar de El Canto de la Cruz, donde apenas un a\u00f1o antes hab\u00eda celebrado su boda, Teresa y Almeida parecen haber consolidado un espacio propio, entre lo p\u00fablico y lo \u00edntimo. Ese equilibrio \u2014tan dif\u00edcil cuando se es parte del paisaje pol\u00edtico y social madrile\u00f1o\u2014 es quiz\u00e1 la clave de su atractivo.<\/p>\n","protected":false},"excerpt":{"rendered":"Madrid ha amanecido este 12 de octubre bajo ese cielo azul (ligeramente nublado) que suele reservarse para las&hellip;\n","protected":false},"author":2,"featured_media":172064,"comment_status":"","ping_status":"","sticky":false,"template":"","format":"standard","meta":{"footnotes":""},"categories":[91],"tags":[1024,49341,146,147,25,24,1023,23,49806],"class_list":{"0":"post-172063","1":"post","2":"type-post","3":"status-publish","4":"format-standard","5":"has-post-thumbnail","7":"category-entretenimiento","8":"tag-actualidad-moda","9":"tag-dia-de-la-hispanidad","10":"tag-entertainment","11":"tag-entretenimiento","12":"tag-es","13":"tag-espana","14":"tag-moda","15":"tag-spain","16":"tag-teresa-urquijo"},"share_on_mastodon":{"url":"","error":""},"_links":{"self":[{"href":"https:\/\/www.europesays.com\/es\/wp-json\/wp\/v2\/posts\/172063","targetHints":{"allow":["GET"]}}],"collection":[{"href":"https:\/\/www.europesays.com\/es\/wp-json\/wp\/v2\/posts"}],"about":[{"href":"https:\/\/www.europesays.com\/es\/wp-json\/wp\/v2\/types\/post"}],"author":[{"embeddable":true,"href":"https:\/\/www.europesays.com\/es\/wp-json\/wp\/v2\/users\/2"}],"replies":[{"embeddable":true,"href":"https:\/\/www.europesays.com\/es\/wp-json\/wp\/v2\/comments?post=172063"}],"version-history":[{"count":0,"href":"https:\/\/www.europesays.com\/es\/wp-json\/wp\/v2\/posts\/172063\/revisions"}],"wp:featuredmedia":[{"embeddable":true,"href":"https:\/\/www.europesays.com\/es\/wp-json\/wp\/v2\/media\/172064"}],"wp:attachment":[{"href":"https:\/\/www.europesays.com\/es\/wp-json\/wp\/v2\/media?parent=172063"}],"wp:term":[{"taxonomy":"category","embeddable":true,"href":"https:\/\/www.europesays.com\/es\/wp-json\/wp\/v2\/categories?post=172063"},{"taxonomy":"post_tag","embeddable":true,"href":"https:\/\/www.europesays.com\/es\/wp-json\/wp\/v2\/tags?post=172063"}],"curies":[{"name":"wp","href":"https:\/\/api.w.org\/{rel}","templated":true}]}}