{"id":172069,"date":"2025-10-12T16:11:10","date_gmt":"2025-10-12T16:11:10","guid":{"rendered":"https:\/\/www.europesays.com\/es\/172069\/"},"modified":"2025-10-12T16:11:10","modified_gmt":"2025-10-12T16:11:10","slug":"conjunto-de-ines-domecq-y-bolso-sevillano","status":"publish","type":"post","link":"https:\/\/www.europesays.com\/es\/172069\/","title":{"rendered":"conjunto de In\u00e9s Domecq y bolso sevillano"},"content":{"rendered":"<p id=\"eanPvbMQRL\" data-wc=\"70\">Junto a su marido, el presidente de la Junta de Andaluc\u00eda, Juan Manuel Moreno Bonilla, <strong>Manuela Villena<\/strong> se ha convertido en una de las invitadas m\u00e1s destacadas de la recepci\u00f3n con motivo del <a class=\"hm-link ho-link\" href=\"https:\/\/www.hola.com\/realeza\/casa_espanola\/20251012861074\/reyes-felipe-letizia-princesa-leonor-infanta-sofia\/\" data-mrf-recirculation=\"article-body-link\" rel=\"nofollow noopener\" target=\"_blank\">D\u00eda de la Hispanidad<\/a> en el Palacio Real. Durante el <a class=\"hm-link ho-link\" href=\"https:\/\/www.hola.com\/realeza\/casa_espanola\/20251012861087\/reyes-felipe-letizia-princesa-leonor-infanta-sofia-recepcion-palacio-real-dia-hispanidad-12-octubre\/\" data-mrf-recirculation=\"article-body-link\" rel=\"nofollow noopener\" target=\"_blank\">besamanos con los reyes de Espa\u00f1a<\/a>, la polit\u00f3loga granadina ha querido apoyar a la moda andaluza con su look de invitada, una apuesta con pantal\u00f3n muy elegante.<\/p>\n<p> <img src=\"https:\/\/www.europesays.com\/es\/wp-content\/uploads\/2025\/10\/0363c93dc525-dlu592916055.jpg\"   width=\"682\" height=\"1024\" loading=\"lazy\" decoding=\"async\" alt=\"Manuela Villena\" fetchpriority=\"auto\" class=\"image ho-image\"\/>\u00a9 GTRES<\/p>\n<p> <img src=\"https:\/\/www.europesays.com\/es\/wp-content\/uploads\/2025\/10\/a0ce46da162d-dlu592916054.jpg\"   width=\"682\" height=\"1024\" loading=\"lazy\" decoding=\"async\" alt=\"Manuela Villena\" fetchpriority=\"auto\" class=\"image ho-image\"\/>\u00a9 GTRES<br \/>\nUn conjunto de chaqueta y pantal\u00f3n<\/p>\n<p id=\"ejYwOXmdsb\" data-wc=\"103\">En concreto, para recepci\u00f3n hist\u00f3rica en el Palacio Real con motivo de la Fiesta Nacional (en este 2025, debutaba la infanta Sof\u00eda, que luci\u00f3 un vestido de lunares), Manuela Villena estren\u00f3 un conjunto de la firma IQ Collection, de la colecci\u00f3n Goya. En concreto, de esta edici\u00f3n limitada de la marca de la jerezana In\u00e9s Domecq, opt\u00f3 por definir su imagen con una chaqueta en color gris con hombrera marcada, bajo con detalle de volante y lazo de terciopelo en uno de los hombros (dise\u00f1o Celestina, 370 euros), y pantal\u00f3n en tafet\u00e1n negro y botones joya en el bajo (creaci\u00f3n Narv\u00e1ez, 305 euros).<\/p>\n<p>  <img src=\"https:\/\/www.europesays.com\/es\/wp-content\/uploads\/2025\/10\/a18f356ab080-iqcollectionlookbookdesfile09206.jpg\"   width=\"1080\" height=\"1800\" loading=\"lazy\" decoding=\"async\" alt=\"IQ Collection\" fetchpriority=\"auto\" class=\"image ho-image\"\/>\u00a9 IQ Collection<\/p>\n<p>  <img src=\"https:\/\/www.europesays.com\/es\/wp-content\/uploads\/2025\/10\/b86db7064298-iqcollectionlookbookdesfile09235.jpg\"   width=\"1080\" height=\"1800\" loading=\"lazy\" decoding=\"async\" alt=\"IQ Collection\" fetchpriority=\"auto\" class=\"image ho-image\"\/>\u00a9 IQ Collection<\/p>\n<p> <img src=\"https:\/\/www.europesays.com\/es\/wp-content\/uploads\/2025\/10\/efbcee85beec-puesta-en-mano-bolso-violeta-negro-e1689247309323.jpg\"   width=\"1024\" height=\"1024\" loading=\"lazy\" decoding=\"async\" alt=\"Dorantes Harness\" fetchpriority=\"auto\" class=\"image ho-image\"\/>\u00a9 Dorantes Harness<br \/>\nUn bolso inspirado en las fundas de cepillo<\/p>\n<p id=\"eMqg0x5Orc9\" data-wc=\"116\">Para complementarlo, la polit\u00f3loga, que recibe grandes cr\u00edticas por sus looks (inolvidable es su <a class=\"hm-link ho-link\" href=\"https:\/\/www.hola.com\/moda\/20250711843790\/manuela-villena-vestido-flores-ines-domecq-madrid\/\" data-mrf-recirculation=\"article-body-link\" rel=\"nofollow noopener\" target=\"_blank\">vestido de encaje blanco con rosas bordadas<\/a> que llev\u00f3 el pasado mes de julio) luci\u00f3 el bolso Violeta (650 euros) del sello sevillano Dorantes Harness. Este accesorio de piel en curtici\u00f3n vegetal, tiene un tama\u00f1o peque\u00f1o que lo hace \u201cfuncional y vers\u00e1til\u201d y se inspira en las fundas de cepillo que llevaban los carruajes de la \u00e9poca. Su nombre lo recibe en homenaje a la descendiente del fundador de la marca. Por otro lado, su calzado es de Franjul, marca espa\u00f1ola con taller en el barrio de las Letras de Madrid, que naci\u00f3 en 1947 para aunar tradici\u00f3n artesanal con dise\u00f1o personalizado.<\/p>\n","protected":false},"excerpt":{"rendered":"Junto a su marido, el presidente de la Junta de Andaluc\u00eda, Juan Manuel Moreno Bonilla, Manuela Villena se&hellip;\n","protected":false},"author":2,"featured_media":172070,"comment_status":"","ping_status":"","sticky":false,"template":"","format":"standard","meta":{"footnotes":""},"categories":[8],"tags":[1024,17,18,49341,25,24,13,14,11,19,20,1023,9,10,15,16,23,12,21,22],"class_list":{"0":"post-172069","1":"post","2":"type-post","3":"status-publish","4":"format-standard","5":"has-post-thumbnail","7":"category-espana","8":"tag-actualidad-moda","9":"tag-breaking-news","10":"tag-breakingnews","11":"tag-dia-de-la-hispanidad","12":"tag-es","13":"tag-espana","14":"tag-featured-news","15":"tag-featurednews","16":"tag-headlines","17":"tag-latest-news","18":"tag-latestnews","19":"tag-moda","20":"tag-news","21":"tag-noticias","22":"tag-noticias-destacadas","23":"tag-noticiasdestacadas","24":"tag-spain","25":"tag-titulares","26":"tag-ultimas-noticias","27":"tag-ultimasnoticias"},"share_on_mastodon":{"url":"","error":""},"_links":{"self":[{"href":"https:\/\/www.europesays.com\/es\/wp-json\/wp\/v2\/posts\/172069","targetHints":{"allow":["GET"]}}],"collection":[{"href":"https:\/\/www.europesays.com\/es\/wp-json\/wp\/v2\/posts"}],"about":[{"href":"https:\/\/www.europesays.com\/es\/wp-json\/wp\/v2\/types\/post"}],"author":[{"embeddable":true,"href":"https:\/\/www.europesays.com\/es\/wp-json\/wp\/v2\/users\/2"}],"replies":[{"embeddable":true,"href":"https:\/\/www.europesays.com\/es\/wp-json\/wp\/v2\/comments?post=172069"}],"version-history":[{"count":0,"href":"https:\/\/www.europesays.com\/es\/wp-json\/wp\/v2\/posts\/172069\/revisions"}],"wp:featuredmedia":[{"embeddable":true,"href":"https:\/\/www.europesays.com\/es\/wp-json\/wp\/v2\/media\/172070"}],"wp:attachment":[{"href":"https:\/\/www.europesays.com\/es\/wp-json\/wp\/v2\/media?parent=172069"}],"wp:term":[{"taxonomy":"category","embeddable":true,"href":"https:\/\/www.europesays.com\/es\/wp-json\/wp\/v2\/categories?post=172069"},{"taxonomy":"post_tag","embeddable":true,"href":"https:\/\/www.europesays.com\/es\/wp-json\/wp\/v2\/tags?post=172069"}],"curies":[{"name":"wp","href":"https:\/\/api.w.org\/{rel}","templated":true}]}}