{"id":172075,"date":"2025-10-12T16:14:08","date_gmt":"2025-10-12T16:14:08","guid":{"rendered":"https:\/\/www.europesays.com\/es\/172075\/"},"modified":"2025-10-12T16:14:08","modified_gmt":"2025-10-12T16:14:08","slug":"tana-rivera-en-las-ventas","status":"publish","type":"post","link":"https:\/\/www.europesays.com\/es\/172075\/","title":{"rendered":"TANA RIVERA EN LAS VENTAS"},"content":{"rendered":"<p class=\"ft-text\">Tana Rivera ha reaparecido ante las c\u00e1maras este domingo 12 de octubre despu\u00e9s de dejarse ver el fin de semana pasado en Sevilla asistiendo a la boda de su <a class=\"ft-link ft-link--decoration\" href=\"https:\/\/www.elcorreoweb.es\/estilo-de-vida\/2025\/10\/04\/cayetano-martinez-irujo-barbara-mirjan-122270434.html\" rel=\"nofollow noopener\" target=\"_blank\">t\u00edo Cayetano Mart\u00ednez de Irujo y B\u00e1rbara Mirjan<\/a>. Rodeada de amigos, la joven ha disfrutado de una magn\u00edfica ma\u00f1ana de toros en Las Ventas.<\/p>\n<p class=\"ft-text\">All\u00ed, la hija de Eugenia Mart\u00ednez de Irujo ha desvelado que <strong>se lo pas\u00f3 \u00abmuy bien\u00bb en la boda de su t\u00edo y que disfrut\u00f3 al m\u00e1ximo<\/strong>&#8230; pero atr\u00e1s qued\u00f3 esa celebraci\u00f3n. Acompa\u00f1ada por su amigo Tom\u00e1s P\u00e1ramo y de haber estado en el interior de la plaza de toros con Victoria Federica.<\/p>\n<p class=\"ft-text\">Este domingo se ha llevado a cabo un <a class=\"ft-link ft-link--decoration\" href=\"https:\/\/www.elcorreoweb.es\/cultura\/2025\/10\/12\/curro-vazquez-cesar-rincon-bordan-122544551.html\" rel=\"nofollow noopener\" target=\"_blank\">festival ben\u00e9fico<\/a> pro monumento al recordado Anto\u00f1ete y en la plaza de toros se han dejado ver toreando Morante, Curro V\u00e1zquez o Enrique Ponce entre otros.<\/p>\n<p class=\"ft-text\">Tana ha asistido a esta corrida s\u00faper especial para ella no solo por llevarse a cabo el D\u00eda de la Hispanidad sino porque tambi\u00e9n ha vivido en primera persona <strong>el regreso del t\u00edo de su padre, Curro V\u00e1zquez, al ruedo con 74 a\u00f1os.<\/strong><\/p>\n","protected":false},"excerpt":{"rendered":"Tana Rivera ha reaparecido ante las c\u00e1maras este domingo 12 de octubre despu\u00e9s de dejarse ver el fin&hellip;\n","protected":false},"author":2,"featured_media":172076,"comment_status":"","ping_status":"","sticky":false,"template":"","format":"standard","meta":{"footnotes":""},"categories":[277],"tags":[3158,373,21332,261,168,25,24,6495,10787,23,167,49807,22779,374],"class_list":{"0":"post-172075","1":"post","2":"type-post","3":"status-publish","4":"format-standard","5":"has-post-thumbnail","7":"category-toreo","8":"tag-boda","9":"tag-bullfighting","10":"tag-camaras","11":"tag-cayetano-martinez-de-irujo","12":"tag-deportes","13":"tag-es","14":"tag-espana","15":"tag-reaparece","16":"tag-rivera","17":"tag-spain","18":"tag-sports","19":"tag-tana","20":"tag-tana-rivera","21":"tag-toreo"},"share_on_mastodon":{"url":"","error":""},"_links":{"self":[{"href":"https:\/\/www.europesays.com\/es\/wp-json\/wp\/v2\/posts\/172075","targetHints":{"allow":["GET"]}}],"collection":[{"href":"https:\/\/www.europesays.com\/es\/wp-json\/wp\/v2\/posts"}],"about":[{"href":"https:\/\/www.europesays.com\/es\/wp-json\/wp\/v2\/types\/post"}],"author":[{"embeddable":true,"href":"https:\/\/www.europesays.com\/es\/wp-json\/wp\/v2\/users\/2"}],"replies":[{"embeddable":true,"href":"https:\/\/www.europesays.com\/es\/wp-json\/wp\/v2\/comments?post=172075"}],"version-history":[{"count":0,"href":"https:\/\/www.europesays.com\/es\/wp-json\/wp\/v2\/posts\/172075\/revisions"}],"wp:featuredmedia":[{"embeddable":true,"href":"https:\/\/www.europesays.com\/es\/wp-json\/wp\/v2\/media\/172076"}],"wp:attachment":[{"href":"https:\/\/www.europesays.com\/es\/wp-json\/wp\/v2\/media?parent=172075"}],"wp:term":[{"taxonomy":"category","embeddable":true,"href":"https:\/\/www.europesays.com\/es\/wp-json\/wp\/v2\/categories?post=172075"},{"taxonomy":"post_tag","embeddable":true,"href":"https:\/\/www.europesays.com\/es\/wp-json\/wp\/v2\/tags?post=172075"}],"curies":[{"name":"wp","href":"https:\/\/api.w.org\/{rel}","templated":true}]}}