{"id":172077,"date":"2025-10-12T16:16:11","date_gmt":"2025-10-12T16:16:11","guid":{"rendered":"https:\/\/www.europesays.com\/es\/172077\/"},"modified":"2025-10-12T16:16:11","modified_gmt":"2025-10-12T16:16:11","slug":"tiger-woods-no-se-rinde-enesimo-paso-por-el-quirofano","status":"publish","type":"post","link":"https:\/\/www.europesays.com\/es\/172077\/","title":{"rendered":"Tiger Woods no se rinde: en\u00e9simo paso por el quir\u00f3fano"},"content":{"rendered":"<p class=\"\">El golfista <a href=\"https:\/\/as.com\/noticias\/tiger-woods\/\" target=\"_self\" rel=\"nofollow noopener\" title=\"https:\/\/as.com\/noticias\/tiger-woods\/\"><b>Tiger Woods<\/b><\/a>, ganador de 15 \u2018grandes\u2019, se someti\u00f3 este s\u00e1bado a una cirug\u00eda para reemplazar un disco lumbar y confirm\u00f3 que la operaci\u00f3n sali\u00f3 con \u00e9xito.<\/p>\n<p class=\"\">\u201cDespu\u00e9s de tener dolor y falta de movilidad en mi espalda, consult\u00e9 con m\u00e9dicos y cirujanos para someterme a pruebas. Los ex\u00e1menes determinaron que ten\u00eda un disco colapsado en L4\/5, fragmentos de disco y un canal espinal comprometido\u201d, inform\u00f3 <b>Woods <\/b>en un mensaje en su cuenta de \u2018<b>X<\/b>\u2019.<\/p>\n<p class=\"\">\u201cOpt\u00e9 por reemplazar mi disco ayer, y ya s\u00e9 que tom\u00e9 una buena decisi\u00f3n para mi salud y mi espalda\u201d, a\u00f1adi\u00f3.<\/p>\n<p class=\"\">La cirug\u00eda fue realizada en el \u2018<b>Hospital for Special Surgery<\/b>\u2019 de <b>Nueva York <\/b>por el doctor <b>Sheeraz Qureshi<\/b>.<\/p>\n<p class=\"\">Es la segunda importante operaci\u00f3n a la que se somete <b>Tiger Woods <\/b>este a\u00f1o, <a href=\"https:\/\/as.com\/us\/masdeporte\/tiger-woods-sufre-rotura-del-tendon-de-aquiles-n\/\" target=\"_self\" rel=\"nofollow noopener\" title=\"https:\/\/as.com\/us\/masdeporte\/tiger-woods-sufre-rotura-del-tendon-de-aquiles-n\/\">despu\u00e9s de romperse el tend\u00f3n de <b>Aquiles <\/b>izquierdo en marzo.<\/a><\/p>\n<p>Noticias relacionadas<a href=\"https:\/\/as.com\/masdeporte\/fotorrelato\/jon-rahm-levanta-pasiones-en-el-open-de-espana-f202510-f\/\" class=\"s_m_w\" title=\"El golfista vasco est\u00e1 disputando el Open de Espa\u00f1a de Golf en el Club de Campo Villa de Madrid. Cientos de aficionados no se lo han querido perder. \" data-tb-link=\"\" rel=\"nofollow noopener\" target=\"_blank\"><img decoding=\"async\" src=\"https:\/\/www.europesays.com\/es\/wp-content\/uploads\/2025\/10\/UVNOQVEI3ZCHHFOQW3QYOMEIAA.JPG\" alt=\"Jon Rahm levanta pasiones en el Open de Espa\u00f1a \" class=\"\" height=\"1\" width=\"1\"   loading=\"lazy\" data-tb-thumbnail=\"\"\/><\/a><a href=\"https:\/\/as.com\/masdeporte\/rahm-el-campo-esta-complicado-f202510-n\/\" class=\"s_m_w\" title=\"El vizca\u00edno, muy lejos de la pelea por sumar su cuarto Open de Espa\u00f1a, valora su tercera ronda en el Real Club de Campo de Madrid.\" data-tb-link=\"\" rel=\"nofollow noopener\" target=\"_blank\"><img decoding=\"async\" src=\"https:\/\/www.europesays.com\/es\/wp-content\/uploads\/2025\/10\/XIWIM72JUZLGXCNVMOFDMCJJJY.jpg\" alt=\"Rahm: \u201cEl campo est\u00e1 complicado\u201d\" class=\"\" height=\"1\" width=\"1\"   loading=\"lazy\" data-tb-thumbnail=\"\"\/><\/a><\/p>\n<p class=\"\">De 49 a\u00f1os, el ganador de 15 \u2018grandes\u2019 sufri\u00f3 adem\u00e1s a comienzos de febrero el fallecimiento de su madre, <b>Kultida Woods<\/b>, a los 80 a\u00f1os.<\/p>\n<p class=\"\"><b>\u00a1Tus opiniones importan!<\/b> Comenta en los art\u00edculos y suscr\u00edbete gratis a nuestra <a href=\"https:\/\/asfan.as.com\/newsletters\/\" target=\"_blank\" rel=\"nofollow noopener\" title=\"https:\/\/asfan.as.com\/newsletters\/\">newsletter<\/a> y a las alertas informativas en la <a href=\"https:\/\/as.com\/aplicacion-de-as-n\/\" target=\"_blank\" rel=\"nofollow noopener\" title=\"https:\/\/as.com\/aplicacion-de-as-n\/\">App<\/a> o el canal de <a href=\"https:\/\/www.whatsapp.com\/channel\/0029VaAasdA7j6g745nz9M10\" target=\"_blank\" rel=\"nofollow noopener\" title=\"https:\/\/www.whatsapp.com\/channel\/0029VaAasdA7j6g745nz9M10\">WhatsApp<\/a>. \u00bfBuscas licenciar contenido? Haz clic <a href=\"https:\/\/profesional.elpais.com\/soluciones-sindicacion?utm_medium=interno&amp;utm_source=crosslinking&amp;utm_campaign=sindicacion_as_pie_articulos\" target=\"_blank\" rel=\"nofollow noopener\" title=\"https:\/\/profesional.elpais.com\/soluciones-sindicacion?utm_medium=interno&amp;utm_source=crosslinking&amp;utm_campaign=sindicacion_as_pie_articulos\">aqu\u00ed<\/a><\/p>\n","protected":false},"excerpt":{"rendered":"El golfista Tiger Woods, ganador de 15 \u2018grandes\u2019, se someti\u00f3 este s\u00e1bado a una cirug\u00eda para reemplazar un&hellip;\n","protected":false},"author":2,"featured_media":172078,"comment_status":"","ping_status":"","sticky":false,"template":"","format":"standard","meta":{"footnotes":""},"categories":[275],"tags":[168,25,24,329,23,167],"class_list":{"0":"post-172077","1":"post","2":"type-post","3":"status-publish","4":"format-standard","5":"has-post-thumbnail","7":"category-golf","8":"tag-deportes","9":"tag-es","10":"tag-espana","11":"tag-golf","12":"tag-spain","13":"tag-sports"},"share_on_mastodon":{"url":"","error":""},"_links":{"self":[{"href":"https:\/\/www.europesays.com\/es\/wp-json\/wp\/v2\/posts\/172077","targetHints":{"allow":["GET"]}}],"collection":[{"href":"https:\/\/www.europesays.com\/es\/wp-json\/wp\/v2\/posts"}],"about":[{"href":"https:\/\/www.europesays.com\/es\/wp-json\/wp\/v2\/types\/post"}],"author":[{"embeddable":true,"href":"https:\/\/www.europesays.com\/es\/wp-json\/wp\/v2\/users\/2"}],"replies":[{"embeddable":true,"href":"https:\/\/www.europesays.com\/es\/wp-json\/wp\/v2\/comments?post=172077"}],"version-history":[{"count":0,"href":"https:\/\/www.europesays.com\/es\/wp-json\/wp\/v2\/posts\/172077\/revisions"}],"wp:featuredmedia":[{"embeddable":true,"href":"https:\/\/www.europesays.com\/es\/wp-json\/wp\/v2\/media\/172078"}],"wp:attachment":[{"href":"https:\/\/www.europesays.com\/es\/wp-json\/wp\/v2\/media?parent=172077"}],"wp:term":[{"taxonomy":"category","embeddable":true,"href":"https:\/\/www.europesays.com\/es\/wp-json\/wp\/v2\/categories?post=172077"},{"taxonomy":"post_tag","embeddable":true,"href":"https:\/\/www.europesays.com\/es\/wp-json\/wp\/v2\/tags?post=172077"}],"curies":[{"name":"wp","href":"https:\/\/api.w.org\/{rel}","templated":true}]}}