{"id":172083,"date":"2025-10-12T16:19:08","date_gmt":"2025-10-12T16:19:08","guid":{"rendered":"https:\/\/www.europesays.com\/es\/172083\/"},"modified":"2025-10-12T16:19:08","modified_gmt":"2025-10-12T16:19:08","slug":"la-prediccion-inesperada-contra-mclaren-es-el-peor-escenario-posible","status":"publish","type":"post","link":"https:\/\/www.europesays.com\/es\/172083\/","title":{"rendered":"La predicci\u00f3n inesperada contra McLaren&#8230; \u00abEs el peor escenario posible\u00bb"},"content":{"rendered":"<p data-mrf-recirculation=\"Links P\u00e1rrafos\" class=\"ue-c-article__paragraph paragraph\"><strong>Johnnie Herbert <\/strong>ha hablado de la actualidad de la F1 y no lo ha hecho de Fernando Alonso, algo que es casi novedad. Realiza<strong> una predicci\u00f3n un tanto maximalista<\/strong> sobre lo que deber\u00e1n afrontar Lando <strong>Norris <\/strong>y Oscar <strong>Piastri <\/strong>desde aqu\u00ed al final de la temporada.<\/p>\n<p data-mrf-recirculation=\"Links P\u00e1rrafos\" class=\"ue-c-article__paragraph paragraph\">\u00abRed Bull est\u00e1 escuchando m\u00e1s lo que dice Max\u00bb, ha comentado en el podcast &#8216;BettingLounge&#8217;. \u00abLo que sea que estuviera sucediendo antes con los pilotos del simulador haciendo sus simulaciones en la f\u00e1brica de Milton Keynes no le estaba funcionando a Max. As\u00ed que definitivamente ha habido un cambio. <strong>Est\u00e1n aplicando m\u00e1s lo que dice Max <\/strong>y eso parece estar posicion\u00e1ndolos bien\u00bb, dice sobre lo que ya coment\u00f3 Helmut Marko hace varias semanas.<\/p>\n<p data-mrf-recirculation=\"Links P\u00e1rrafos\" class=\"ue-c-article__paragraph paragraph\">Cree que el cambio en la direcci\u00f3n del equipo se ha notado tambi\u00e9n en lo que est\u00e1 sucediendo. \u00abTampoco se puede ignorar el cambio de liderazgo con Laurent Mekies reemplazando a Christian Horner. Realmente parece haber creado una buena armon\u00eda dentro del equipo\u201d, a\u00f1ade Herbert.\u00a0\u201c<strong>La relaci\u00f3n entre \u00e9l y Max es mucho m\u00e1s estrecha que entre Max y Horner,<\/strong> quien mantiene esa constante batalla con Jos, que gener\u00f3 tanta energ\u00eda negativa\u00bb, recuerda.<\/p>\n<p data-mrf-recirculation=\"Links P\u00e1rrafos\" class=\"ue-c-article__paragraph paragraph\">\u201cToda la situaci\u00f3n ha cambiado, y ha sido algo muy positivo, como hemos visto en las \u00faltimas dos carreras.<strong> No es 100 % seguro que sean competitivos en todas las carreras, <\/strong>pero las actuaciones recientes han demostrado que ese coche ser\u00e1 una<strong> gran amenaza <\/strong>y les quitar\u00e1 puntos a esos dos McLaren, lo que solo aumentar\u00e1 la presi\u00f3n tanto para los McLaren como para los pilotos\u00bb, opina sobre lo que viene para los papaya..<\/p>\n<p data-mrf-recirculation=\"Links P\u00e1rrafos\" class=\"ue-c-article__paragraph paragraph\">\u201cTen\u00edan el coche m\u00e1s competitivo y dominante, pero <strong>ese giro de Red Bull ha empezado a notarse <\/strong>y, por desgracia para Lando, Oscar y McLaren, el giro de la fortuna le ha tocado <strong>al piloto m\u00e1s r\u00e1pido de la parrilla.<\/strong>\u00a0Sabes que ser\u00e1 una verdadera amenaza sea cual sea la carrera.<strong> Probablemente sea el peor escenario posible para McLaren\u00bb,<\/strong> vaticina de forma dr\u00e1stica.<\/p>\n","protected":false},"excerpt":{"rendered":"Johnnie Herbert ha hablado de la actualidad de la F1 y no lo ha hecho de Fernando Alonso,&hellip;\n","protected":false},"author":2,"featured_media":172084,"comment_status":"","ping_status":"","sticky":false,"template":"","format":"standard","meta":{"footnotes":""},"categories":[270],"tags":[168,25,24,306,271,272,23,167],"class_list":{"0":"post-172083","1":"post","2":"type-post","3":"status-publish","4":"format-standard","5":"has-post-thumbnail","7":"category-formula-1","8":"tag-deportes","9":"tag-es","10":"tag-espana","11":"tag-f1","12":"tag-formula-1","13":"tag-formula1","14":"tag-spain","15":"tag-sports"},"share_on_mastodon":{"url":"","error":""},"_links":{"self":[{"href":"https:\/\/www.europesays.com\/es\/wp-json\/wp\/v2\/posts\/172083","targetHints":{"allow":["GET"]}}],"collection":[{"href":"https:\/\/www.europesays.com\/es\/wp-json\/wp\/v2\/posts"}],"about":[{"href":"https:\/\/www.europesays.com\/es\/wp-json\/wp\/v2\/types\/post"}],"author":[{"embeddable":true,"href":"https:\/\/www.europesays.com\/es\/wp-json\/wp\/v2\/users\/2"}],"replies":[{"embeddable":true,"href":"https:\/\/www.europesays.com\/es\/wp-json\/wp\/v2\/comments?post=172083"}],"version-history":[{"count":0,"href":"https:\/\/www.europesays.com\/es\/wp-json\/wp\/v2\/posts\/172083\/revisions"}],"wp:featuredmedia":[{"embeddable":true,"href":"https:\/\/www.europesays.com\/es\/wp-json\/wp\/v2\/media\/172084"}],"wp:attachment":[{"href":"https:\/\/www.europesays.com\/es\/wp-json\/wp\/v2\/media?parent=172083"}],"wp:term":[{"taxonomy":"category","embeddable":true,"href":"https:\/\/www.europesays.com\/es\/wp-json\/wp\/v2\/categories?post=172083"},{"taxonomy":"post_tag","embeddable":true,"href":"https:\/\/www.europesays.com\/es\/wp-json\/wp\/v2\/tags?post=172083"}],"curies":[{"name":"wp","href":"https:\/\/api.w.org\/{rel}","templated":true}]}}