{"id":172087,"date":"2025-10-12T16:21:08","date_gmt":"2025-10-12T16:21:08","guid":{"rendered":"https:\/\/www.europesays.com\/es\/172087\/"},"modified":"2025-10-12T16:21:08","modified_gmt":"2025-10-12T16:21:08","slug":"el-real-zaragoza-despide-a-gabi-y-subira-a-emilio-larraz-desde-el-filial","status":"publish","type":"post","link":"https:\/\/www.europesays.com\/es\/172087\/","title":{"rendered":"El Real Zaragoza despide a Gabi y subir\u00e1 a Emilio Larraz desde el filial"},"content":{"rendered":"<p>El <strong><a rel=\"nofollow noopener\" href=\"https:\/\/www.sportaragon.com\/real-zaragoza\/\" target=\"_blank\">Real Zaragoza<\/a><\/strong> ha tomado una decisi\u00f3n tan dr\u00e1stica como obligada por los malos resultados. <strong><a href=\"https:\/\/www.hoyaragon.es\/articulo\/noticias-real-zaragoza\/real-zaragoza-goleado-almeria-colista\/20251011202650112388.html\" rel=\"nofollow noopener\" target=\"_blank\">La derrota (4-2) ante el Almer\u00eda<\/a><\/strong> ha puesto el <strong>punto y final a la etapa de Gabi Fern\u00e1ndez como entrenador del Real Zaragoza<\/strong>. El club, en una <strong><a href=\"https:\/\/www.hoyaragon.es\/articulo\/noticias-real-zaragoza\/cumbre-futuro-gabi-real-zaragoza\/20251012102756112409.html\" rel=\"nofollow noopener\" target=\"_blank\">reuni\u00f3n mantenida esta ma\u00f1ana en la Ciudad Deportiva<\/a><\/strong>, ha decidido cesar al madrile\u00f1o y podr\u00eda elegir a Emilio Larraz como sustituto, al menos, hasta el partido ante la Cultural Leonesa.<\/p>\n<p>Tras 28 a\u00f1os consecutivos como entrenador, <strong>Emilio Larraz<\/strong> podr\u00eda tener la oportunidad de estrenarse en el f\u00fatbol profesional. Lo har\u00eda en el club de su vida, donde hab\u00eda estado formando a los j\u00f3venes jugadores llamados a coger el relevo del primer equipo. Siempre en la sombra y con un trabajo silencioso, Emilio podr\u00eda hacerse cargo de un Real Zaragoza colista y con apenas <strong>6 de 27 puntos<\/strong> conseguidos en el peor inicio de la historia.<\/p>\n<p>De salvador a despedido: as\u00ed ha sido el paso de Gabi por el Real Zaragoza<\/p>\n<p>Su estatus de exjugador del Real Zaragoza aval\u00f3 su llegada como un t\u00e9cnico capaz de aportar su experiencia sobre el c\u00e9sped y la responsabilidad que ya se carg\u00f3 como jugador en su etapa como zaragocista. Tras su llegada, <strong>consigui\u00f3 salvar al Real Zaragoza<\/strong> en una situaci\u00f3n cr\u00edtica. Sustituy\u00f3 a Miguel \u00c1ngel Ram\u00edrez, que antes hab\u00eda relevado a David Navarro y a V\u00edctor Fern\u00e1ndez en una temporada que comenz\u00f3 bien pero que no tard\u00f3 en torcerse.<\/p>\n<p>A base de goles a bal\u00f3n parado y una buena actitud defensiva, el Real Zaragoza consigui\u00f3 los <strong>puntos necesarios para salvarse en la pen\u00faltima jornada<\/strong>. Un calendario asequible, con victorias sufridas ante Cartagena y Racing de Ferrol le dieron la vida a un Gabi que sell\u00f3 la permanencia ante un Deportivo que visit\u00f3 La Romareda sin nada en juego.<\/p>\n<p>Pero el paso del verano no fue satisfactorio. Gabi no ha conseguido hacer funcionar a un Real Zaragoza reforzado y hecho a imagen y semejanza de su t\u00e9cnico. Primero opt\u00f3 por un <strong>4-4-2 defensivo<\/strong>, pero no consigui\u00f3 sacar buenos resultados. En su primer matchball, sac\u00f3 una victoria ante el Mirand\u00e9s, donde cambi\u00f3 el sistema y apost\u00f3 por jugadores in\u00e9ditos hasta la fecha. Las \u00faltimas dos derrotas ante C\u00f3rdoba y Almer\u00eda han sido decisivas para que el Real Zaragoza tomara la decisi\u00f3n de no esperar m\u00e1s y dar un cambio radical al banquillo.<\/p>\n","protected":false},"excerpt":{"rendered":"El Real Zaragoza ha tomado una decisi\u00f3n tan dr\u00e1stica como obligada por los malos resultados. La derrota (4-2)&hellip;\n","protected":false},"author":2,"featured_media":172088,"comment_status":"","ping_status":"","sticky":false,"template":"","format":"standard","meta":{"footnotes":""},"categories":[268],"tags":[168,49808,25,24,280,282,32186,28425,799,281,23,167],"class_list":{"0":"post-172087","1":"post","2":"type-post","3":"status-publish","4":"format-standard","5":"has-post-thumbnail","7":"category-futbol","8":"tag-deportes","9":"tag-emilio-larraz","10":"tag-es","11":"tag-espana","12":"tag-football","13":"tag-futbol","14":"tag-gabi-fernandez","15":"tag-liga-hypermotion","16":"tag-real-zaragoza","17":"tag-soccer","18":"tag-spain","19":"tag-sports"},"share_on_mastodon":{"url":"","error":""},"_links":{"self":[{"href":"https:\/\/www.europesays.com\/es\/wp-json\/wp\/v2\/posts\/172087","targetHints":{"allow":["GET"]}}],"collection":[{"href":"https:\/\/www.europesays.com\/es\/wp-json\/wp\/v2\/posts"}],"about":[{"href":"https:\/\/www.europesays.com\/es\/wp-json\/wp\/v2\/types\/post"}],"author":[{"embeddable":true,"href":"https:\/\/www.europesays.com\/es\/wp-json\/wp\/v2\/users\/2"}],"replies":[{"embeddable":true,"href":"https:\/\/www.europesays.com\/es\/wp-json\/wp\/v2\/comments?post=172087"}],"version-history":[{"count":0,"href":"https:\/\/www.europesays.com\/es\/wp-json\/wp\/v2\/posts\/172087\/revisions"}],"wp:featuredmedia":[{"embeddable":true,"href":"https:\/\/www.europesays.com\/es\/wp-json\/wp\/v2\/media\/172088"}],"wp:attachment":[{"href":"https:\/\/www.europesays.com\/es\/wp-json\/wp\/v2\/media?parent=172087"}],"wp:term":[{"taxonomy":"category","embeddable":true,"href":"https:\/\/www.europesays.com\/es\/wp-json\/wp\/v2\/categories?post=172087"},{"taxonomy":"post_tag","embeddable":true,"href":"https:\/\/www.europesays.com\/es\/wp-json\/wp\/v2\/tags?post=172087"}],"curies":[{"name":"wp","href":"https:\/\/api.w.org\/{rel}","templated":true}]}}