{"id":172092,"date":"2025-10-12T16:24:09","date_gmt":"2025-10-12T16:24:09","guid":{"rendered":"https:\/\/www.europesays.com\/es\/172092\/"},"modified":"2025-10-12T16:24:09","modified_gmt":"2025-10-12T16:24:09","slug":"el-pspv-denuncia-que-catala-da-la-espalda-al-valenciano-al-borrar-el-respaldo-municipal-a-la-placa-del-llibre","status":"publish","type":"post","link":"https:\/\/www.europesays.com\/es\/172092\/","title":{"rendered":"El PSPV denuncia que Catal\u00e1 da la espalda al valenciano al \u00abborrar\u00bb el respaldo municipal a la Pla\u00e7a del Llibre"},"content":{"rendered":"<p class=\"article-text\">\n        La concejala socialista Maite Ib\u00e1\u00f1ez ha denunciado este domingo el \u201cabandono del gobierno municipal de Mar\u00eda Jos\u00e9 Catal\u00e1 hacia la promoci\u00f3n y defensa de la lengua valenciana\u201d por la falta de apoyo institucional a la Pla\u00e7a del Llibre, la feria m\u00e1s importante de literatura en valenciano que re\u00fane cada a\u00f1o a m\u00e1s de 60 editoriales.\n    <\/p>\n<p class=\"article-text\">\n        Ib\u00e1\u00f1ez ha lamentado que, por segundo a\u00f1o consecutivo, el Ayuntamiento haya excluido cualquier colaboraci\u00f3n expl\u00edcita con este encuentro cultural que tradicionalmente contaba con respaldo municipal tanto desde el \u00e1rea de Acci\u00f3n Cultural como desde Educaci\u00f3n.\n    <\/p>\n<p class=\"article-text\">\n        En esta edici\u00f3n, las bibliotecas municipales, como cada a\u00f1o, participar\u00e1n con visitas escolares y talleres matutinos, pero no se ha formalizado la contrataci\u00f3n del espacio propio de biblioteca, inicialmente previsto, ni se ha realizado la campa\u00f1a de difusi\u00f3n en los mupis digitales de la ciudad que se hab\u00eda acordado en un principio.\n    <\/p>\n<p class=\"article-text\">\n        Seg\u00fan ha recordado Ib\u00e1\u00f1ez, el festival \u00fanicamente ha recibido ayudas por concurrencia competitiva, sin ning\u00fan tipo de apoyo institucional directo, a diferencia de a\u00f1os anteriores, cuando el consistorio reconoc\u00eda la Pla\u00e7a del Llibre como un evento cultural de referencia en la promoci\u00f3n del valenciano.\n    <\/p>\n<p class=\"article-text\">\n        \u201cLa Pla\u00e7a del Llibre es la feria m\u00e1s importante de literatura en valenciano, con m\u00e1s de sesenta editoriales. Pero, un a\u00f1o m\u00e1s, la se\u00f1ora Catal\u00e1 excluye la colaboraci\u00f3n expl\u00edcita del gobierno municipal, as\u00ed como su celebraci\u00f3n en la plaza del Ayuntamiento. Durante 13 a\u00f1os se ha apoyado el trabajo de edici\u00f3n del libro en valenciano, en un festival que es la segunda cita literaria m\u00e1s importante de Val\u00e8ncia. Hoy volvemos a ver una nueva muestra de la pol\u00edtica cultural de la se\u00f1ora Catal\u00e1, una nueva acci\u00f3n de censura y de anulaci\u00f3n, como ya hizo con la Acad\u00e8mia Valenciana de la Llengua y con la denominaci\u00f3n de nuestra ciudad\u201d, ha declarado Maite Ib\u00e1\u00f1ez.\n    <\/p>\n<p class=\"article-text\">\n        Desde el Grupo Municipal Socialista se ha insistido en que el gobierno de Catal\u00e1 est\u00e1 \u201cdando la espalda al valenciano y a quienes lo promueven\u201d y se ha exigido la \u201crecuperaci\u00f3n del apoyo municipal a una cita que representa el compromiso colectivo con la lengua y la creaci\u00f3n literaria en Val\u00e8ncia\u201d.\u2003\n    <\/p>\n","protected":false},"excerpt":{"rendered":"La concejala socialista Maite Ib\u00e1\u00f1ez ha denunciado este domingo el \u201cabandono del gobierno municipal de Mar\u00eda Jos\u00e9 Catal\u00e1&hellip;\n","protected":false},"author":2,"featured_media":172093,"comment_status":"","ping_status":"","sticky":false,"template":"","format":"standard","meta":{"footnotes":""},"categories":[172],"tags":[517,2206,1705,224,3965,242,146,147,25,24,1667,225,10,1925,23,235],"class_list":{"0":"post-172092","1":"post","2":"type-post","3":"status-publish","4":"format-standard","5":"has-post-thumbnail","7":"category-libros","8":"tag-actualidad","9":"tag-alicante","10":"tag-analisis","11":"tag-books","12":"tag-castellon","13":"tag-comunidad-valenciana","14":"tag-entertainment","15":"tag-entretenimiento","16":"tag-es","17":"tag-espana","18":"tag-informacion","19":"tag-libros","20":"tag-noticias","21":"tag-opinion","22":"tag-spain","23":"tag-valencia"},"share_on_mastodon":{"url":"","error":""},"_links":{"self":[{"href":"https:\/\/www.europesays.com\/es\/wp-json\/wp\/v2\/posts\/172092","targetHints":{"allow":["GET"]}}],"collection":[{"href":"https:\/\/www.europesays.com\/es\/wp-json\/wp\/v2\/posts"}],"about":[{"href":"https:\/\/www.europesays.com\/es\/wp-json\/wp\/v2\/types\/post"}],"author":[{"embeddable":true,"href":"https:\/\/www.europesays.com\/es\/wp-json\/wp\/v2\/users\/2"}],"replies":[{"embeddable":true,"href":"https:\/\/www.europesays.com\/es\/wp-json\/wp\/v2\/comments?post=172092"}],"version-history":[{"count":0,"href":"https:\/\/www.europesays.com\/es\/wp-json\/wp\/v2\/posts\/172092\/revisions"}],"wp:featuredmedia":[{"embeddable":true,"href":"https:\/\/www.europesays.com\/es\/wp-json\/wp\/v2\/media\/172093"}],"wp:attachment":[{"href":"https:\/\/www.europesays.com\/es\/wp-json\/wp\/v2\/media?parent=172092"}],"wp:term":[{"taxonomy":"category","embeddable":true,"href":"https:\/\/www.europesays.com\/es\/wp-json\/wp\/v2\/categories?post=172092"},{"taxonomy":"post_tag","embeddable":true,"href":"https:\/\/www.europesays.com\/es\/wp-json\/wp\/v2\/tags?post=172092"}],"curies":[{"name":"wp","href":"https:\/\/api.w.org\/{rel}","templated":true}]}}