{"id":172112,"date":"2025-10-12T16:35:10","date_gmt":"2025-10-12T16:35:10","guid":{"rendered":"https:\/\/www.europesays.com\/es\/172112\/"},"modified":"2025-10-12T16:35:10","modified_gmt":"2025-10-12T16:35:10","slug":"elpuerto-de-santa-maria-el-puerto-disfruta-de-una-gran-jornada-de-convivencia-y-sabor-en-el-parque-de-la-victoria-durante-la-festividad-de-la-hispanidad","status":"publish","type":"post","link":"https:\/\/www.europesays.com\/es\/172112\/","title":{"rendered":"#ElPuerto de Santa Mar\u00eda &#8211; El Puerto disfruta de una gran jornada de convivencia y sabor en el Parque de la Victoria durante la Festividad de la Hispanidad"},"content":{"rendered":"<p>El Parque de la Victoria se ha convertido este domingo 12 de octubre, Festividad de la Hispanidad, en el gran punto de encuentro de cientos de portuenses y visitantes que, aprovechando el puente del Pilar y la jornada festiva de ma\u00f1ana en Andaluc\u00eda, han disfrutado de una propuesta \u00fanica que ha combinado ocio, gastronom\u00eda y actividades para toda la familia.\u00a0<\/p>\n<p>Una fiesta abierta a toda la ciudadan\u00eda que, por primera vez, se ha celebrado en El Puerto de Santa Mar\u00eda y que, sin duda, tras el \u00e9xito de participaci\u00f3n y ambiente, marcar\u00e1 tendencia en futuras ediciones.\u00a0<\/p>\n<p>El evento ha ofrecido espacios y actividades para todas las edades \u2014showcooking en directo, barra a precios populares, degustaciones, photocall, tirolina, puente colgante, castillos hinchables y el espectacular circuito <strong>Night Guardian<\/strong>, adem\u00e1s de un punto informativo de adopci\u00f3n de mascotas de <strong>Cemuproan<\/strong>\u2014, consolidando el Parque de la Victoria como un referente de convivencia y dinamizaci\u00f3n de la ciudad aprovechando su espacio, su excelente ubicaci\u00f3n y su cercan\u00eda al centro.\u00a0<\/p>\n<p>Esta jornada ha contado adem\u00e1s con los mejores sabores de la provincia gracias a su inclusi\u00f3n en la programaci\u00f3n de <strong>\u201cSaborea C\u00e1diz, Saborea tu Provincia\u201d<\/strong>, iniciativa gastron\u00f3mica que regresa a El Puerto por segunda vez de la mano del <strong>CEEI Bah\u00eda de C\u00e1diz<\/strong> y en colaboraci\u00f3n con la <strong>Diputaci\u00f3n Provincial de C\u00e1diz<\/strong>, sumando as\u00ed valor y atractivo a una cita que ha resultado un rotundo \u00e9xito.\u00a0<\/p>\n<p>M\u00e1s de <strong>veinte productores agroalimentarios gaditanos<\/strong> han participado ofreciendo una experiencia sensorial \u00fanica con m\u00e1s de <strong>300 referencias<\/strong> entre quesos, vinos, aceites, conservas, mieles, cervezas artesanas, reposter\u00eda y embutidos. El chef <strong>Francisco Guzm\u00e1n<\/strong>, de la Escuela de Hosteler\u00eda de la Fundaci\u00f3n Osborne, ha protagonizado un <strong>showcooking<\/strong> en vivo con un exquisito arroz cremoso con verduras de la huerta, elaborado con ingredientes 100% gaditanos, que ha puesto en valor la calidad de los productos locales.\u00a0<\/p>\n<p>El <strong>teniente de alcalde de Relaciones con la Ciudadan\u00eda<\/strong>, <strong>Javier Bello<\/strong>, ha destacado \u201cel gran ambiente vivido durante todo el d\u00eda en el Parque de la Victoria, que contin\u00faa consolid\u00e1ndose como un espacio referente para la convivencia en familia, el disfrute colectivo y la celebraci\u00f3n de grandes eventos que dinamizan nuestra ciudad\u201d.\u00a0\u00a0<\/p>\n<p>El edil ha agradecido especialmente la colaboraci\u00f3n de la <strong>Asociaci\u00f3n Cultural \u201cLos Jartibles\u201d<\/strong>, por su contribuci\u00f3n con una barra a precios populares y su implicaci\u00f3n en la organizaci\u00f3n de la jornada.\u00a0<\/p>\n<p>Bello ha subrayado asimismo \u201cla magn\u00edfica respuesta del p\u00fablico y el valor de iniciativas como Saborea C\u00e1diz, Saborea tu Provincia, que ponen en el centro a nuestros peque\u00f1os productores, impulsando el consumo local, la innovaci\u00f3n y la proyecci\u00f3n del talento y la calidad de nuestra provincia\u201d.\u00a0<\/p>\n<p><strong>\u201cSaborea C\u00e1diz, Saborea tu Provincia\u201d<\/strong> es un proyecto impulsado por la <strong>Diputaci\u00f3n de C\u00e1diz<\/strong>, dentro del <strong>Programa Dipuinnova Plus<\/strong> del \u00c1rea de Planificaci\u00f3n, Coordinaci\u00f3n y Desarrollo Estrat\u00e9gico, y promovido por el <strong>CEEI Bah\u00eda de C\u00e1diz<\/strong>, fundaci\u00f3n sin \u00e1nimo de lucro que fomenta la inversi\u00f3n, el empleo y la innovaci\u00f3n en el tejido empresarial de la Bah\u00eda.\u00a0<\/p>\n<p>Bello, en nombre del Ayuntamiento de El Puerto de Santa Mar\u00eda, ha agradecido la implicaci\u00f3n de todas las entidades colaboradoras y de las cientos de personas que han participado en esta gran jornada de convivencia, demostrando una vez m\u00e1s que El Puerto es una ciudad viva, acogedora y llena de sabor, donde la gastronom\u00eda, la cultura y la ciudadan\u00eda se dan la mano para seguir impulsando el mejor futuro com\u00fan de todos los portuenses.\u00a0<\/p>\n","protected":false},"excerpt":{"rendered":"El Parque de la Victoria se ha convertido este domingo 12 de octubre, Festividad de la Hispanidad, en&hellip;\n","protected":false},"author":2,"featured_media":172113,"comment_status":"","ping_status":"","sticky":false,"template":"","format":"standard","meta":{"footnotes":""},"categories":[5],"tags":[17,18,25992,614,5446,25,24,13,14,49812,11,293,19,20,9,10,15,16,49811,20303,23,12,21,22],"class_list":{"0":"post-172112","1":"post","2":"type-post","3":"status-publish","4":"format-standard","5":"has-post-thumbnail","7":"category-titulares","8":"tag-breaking-news","9":"tag-breakingnews","10":"tag-convivencia","11":"tag-disfruta","12":"tag-el-puerto","13":"tag-es","14":"tag-espana","15":"tag-featured-news","16":"tag-featurednews","17":"tag-festividad-de-la-hispanidad","18":"tag-headlines","19":"tag-jornada","20":"tag-latest-news","21":"tag-latestnews","22":"tag-news","23":"tag-noticias","24":"tag-noticias-destacadas","25":"tag-noticiasdestacadas","26":"tag-parque-de-la-victoria","27":"tag-sabor","28":"tag-spain","29":"tag-titulares","30":"tag-ultimas-noticias","31":"tag-ultimasnoticias"},"share_on_mastodon":{"url":"","error":""},"_links":{"self":[{"href":"https:\/\/www.europesays.com\/es\/wp-json\/wp\/v2\/posts\/172112","targetHints":{"allow":["GET"]}}],"collection":[{"href":"https:\/\/www.europesays.com\/es\/wp-json\/wp\/v2\/posts"}],"about":[{"href":"https:\/\/www.europesays.com\/es\/wp-json\/wp\/v2\/types\/post"}],"author":[{"embeddable":true,"href":"https:\/\/www.europesays.com\/es\/wp-json\/wp\/v2\/users\/2"}],"replies":[{"embeddable":true,"href":"https:\/\/www.europesays.com\/es\/wp-json\/wp\/v2\/comments?post=172112"}],"version-history":[{"count":0,"href":"https:\/\/www.europesays.com\/es\/wp-json\/wp\/v2\/posts\/172112\/revisions"}],"wp:featuredmedia":[{"embeddable":true,"href":"https:\/\/www.europesays.com\/es\/wp-json\/wp\/v2\/media\/172113"}],"wp:attachment":[{"href":"https:\/\/www.europesays.com\/es\/wp-json\/wp\/v2\/media?parent=172112"}],"wp:term":[{"taxonomy":"category","embeddable":true,"href":"https:\/\/www.europesays.com\/es\/wp-json\/wp\/v2\/categories?post=172112"},{"taxonomy":"post_tag","embeddable":true,"href":"https:\/\/www.europesays.com\/es\/wp-json\/wp\/v2\/tags?post=172112"}],"curies":[{"name":"wp","href":"https:\/\/api.w.org\/{rel}","templated":true}]}}