{"id":172114,"date":"2025-10-12T16:37:22","date_gmt":"2025-10-12T16:37:22","guid":{"rendered":"https:\/\/www.europesays.com\/es\/172114\/"},"modified":"2025-10-12T16:37:22","modified_gmt":"2025-10-12T16:37:22","slug":"javier-castano-recibe-el-x-premio-valores-del-toreo-2025-salamancartv-al-dia","status":"publish","type":"post","link":"https:\/\/www.europesays.com\/es\/172114\/","title":{"rendered":"Javier Casta\u00f1o recibe el X Premio &#8216;Valores del Toreo&#8217; 2025 &#8211; SALAMANCArtv AL D\u00cdA"},"content":{"rendered":"<p class=\"prip\">El galard\u00f3n, que coincide con el a\u00f1o de su retirada profesional, reconoce su trayectoria ejemplar marcada por la entrega, la superaci\u00f3n y el compromiso.<\/p>\n<p class=\"prip\">El matador de toros salmantino <strong>Javier Casta\u00f1o<\/strong> ha sido galardonado con el <strong>X Premio \u201cValores del Toreo\u201d<\/strong> , que concede la Asociaci\u00f3n <strong>Juventud Taurina de Salamanca<\/strong> . Seg\u00fan ha comunicado la propia asociaci\u00f3n tras la reuni\u00f3n de su Junta Directiva, el reconocimiento se produce en este a\u00f1o 2025, coincidiendo con el fin de la carrera profesional del diestro, y busca destacar una trayectoria marcada por el esfuerzo y el compromiso.<\/p>\n<p>En la decisi\u00f3n, se subraya que el premio se concede \u00aben reconocimiento a una trayectoria ejemplar marcada por la <strong>entrega, la superaci\u00f3n y el compromiso<\/strong> con el toreo y con los valores que este representa\u00bb.<\/p>\n<p>Un ejemplo dentro y fuera del ruedo<\/p>\n<p>El comunicado emitido por Juventud Taurina de Salamanca destaca que Casta\u00f1o ha sido \u00abun ejemplo tanto dentro como fuera del ruedo\u00bb a lo largo de sus m\u00e1s de dos d\u00e9cadas de dedicaci\u00f3n. La asociaci\u00f3n pone en valor su \u00bb <strong>fortaleza ante la adversidad, su constancia, su honestidad y su respeto<\/strong> \u00ab, cualidades que consideran un referente en el mundo taurino.<\/p>\n<p>Con este galard\u00f3n, Juventud Taurina de Salamanca busca no solo homenajear a un torero que \u00abha sabido dignificar su profesi\u00f3n con esfuerzo, humildad y pasi\u00f3n\u00bb, sino tambi\u00e9n <strong>transmitir estos valores a las nuevas generaciones<\/strong> de aficionados y profesionales del sector.<\/p>\n<p>El reconocimiento ser\u00e1 entregado en la <strong>Gala Cultural Taurina<\/strong> que organiza la Federaci\u00f3n de Pe\u00f1as Taurinas &#8216;Helm\u00e1ntica&#8217; en colaboraci\u00f3n con el Ayuntamiento de Salamanca y que tendr\u00e1 lugar el pr\u00f3ximo <strong>mes de noviembre en el Teatro Liceo<\/strong>. En la velada tambi\u00e9n ser\u00e1n premiados, por el momento y a la espera de conocer m\u00e1s galardones, Olga Casado como novillera triunfadora de la feria de Salamanca e Ismael Mart\u00edn como autor del detalle art\u00edstico.<\/p>\n","protected":false},"excerpt":{"rendered":"El galard\u00f3n, que coincide con el a\u00f1o de su retirada profesional, reconoce su trayectoria ejemplar marcada por la&hellip;\n","protected":false},"author":2,"featured_media":172115,"comment_status":"","ping_status":"","sticky":false,"template":"","format":"standard","meta":{"footnotes":""},"categories":[277],"tags":[373,168,25,24,27082,47829,49813,843,13460,3614,23,167,374,49814],"class_list":{"0":"post-172114","1":"post","2":"type-post","3":"status-publish","4":"format-standard","5":"has-post-thumbnail","7":"category-toreo","8":"tag-bullfighting","9":"tag-deportes","10":"tag-es","11":"tag-espana","12":"tag-galardon","13":"tag-javier-castano","14":"tag-juventud-taurina","15":"tag-premio","16":"tag-reconocimiento","17":"tag-salamanca","18":"tag-spain","19":"tag-sports","20":"tag-toreo","21":"tag-valores-del-toreo"},"share_on_mastodon":{"url":"","error":""},"_links":{"self":[{"href":"https:\/\/www.europesays.com\/es\/wp-json\/wp\/v2\/posts\/172114","targetHints":{"allow":["GET"]}}],"collection":[{"href":"https:\/\/www.europesays.com\/es\/wp-json\/wp\/v2\/posts"}],"about":[{"href":"https:\/\/www.europesays.com\/es\/wp-json\/wp\/v2\/types\/post"}],"author":[{"embeddable":true,"href":"https:\/\/www.europesays.com\/es\/wp-json\/wp\/v2\/users\/2"}],"replies":[{"embeddable":true,"href":"https:\/\/www.europesays.com\/es\/wp-json\/wp\/v2\/comments?post=172114"}],"version-history":[{"count":0,"href":"https:\/\/www.europesays.com\/es\/wp-json\/wp\/v2\/posts\/172114\/revisions"}],"wp:featuredmedia":[{"embeddable":true,"href":"https:\/\/www.europesays.com\/es\/wp-json\/wp\/v2\/media\/172115"}],"wp:attachment":[{"href":"https:\/\/www.europesays.com\/es\/wp-json\/wp\/v2\/media?parent=172114"}],"wp:term":[{"taxonomy":"category","embeddable":true,"href":"https:\/\/www.europesays.com\/es\/wp-json\/wp\/v2\/categories?post=172114"},{"taxonomy":"post_tag","embeddable":true,"href":"https:\/\/www.europesays.com\/es\/wp-json\/wp\/v2\/tags?post=172114"}],"curies":[{"name":"wp","href":"https:\/\/api.w.org\/{rel}","templated":true}]}}