{"id":172122,"date":"2025-10-12T16:42:08","date_gmt":"2025-10-12T16:42:08","guid":{"rendered":"https:\/\/www.europesays.com\/es\/172122\/"},"modified":"2025-10-12T16:42:08","modified_gmt":"2025-10-12T16:42:08","slug":"el-nuevo-director-de-alpine-aclaro-como-es-la-estructura-interna-y-quien-es-el-lider-en-el-equipo-de-franco-colapinto","status":"publish","type":"post","link":"https:\/\/www.europesays.com\/es\/172122\/","title":{"rendered":"El nuevo director de Alpine aclar\u00f3 c\u00f3mo es la estructura interna y qui\u00e9n es el \u201cl\u00edder\u201d en el equipo de Franco Colapinto"},"content":{"rendered":"<p><img alt=\"Seg\u00fan Steve Nielsen, Briatore sigue\" class=\"global-image\" decoding=\"async\" fetchpriority=\"high\" height=\"408\" loading=\"eager\" src=\"https:\/\/www.europesays.com\/es\/wp-content\/uploads\/2025\/10\/1760287328_934_DCIG633R2FD63BG6G5XMYEF4CM.png\" width=\"612\"\/>Seg\u00fan Steve Nielsen, Briatore sigue siendo el l\u00edder de Alpine a pesar de su llegada al equipo<\/p>\n<p class=\"paragraph\"><b>Alpine<\/b> atraviesa una etapa de transformaci\u00f3n en su estructura de mando en la <b>F\u00f3rmula 1<\/b> mientras mantiene en suspenso la decisi\u00f3n sobre qui\u00e9n ocupar\u00e1 el asiento de\u00f1 segundo piloto para la temporada 2026. Con <b>Flavio Briatore<\/b> como figura principal y <b>Steve Nielsen<\/b> en el cargo de director general, el equipo aclar\u00f3 internamente el reparto de responsabilidades, aunque la inc\u00f3gnita sobre la alineaci\u00f3n definitiva, con <b>Franco Colapinto<\/b> y <b>Paul Aron<\/b> como aspirantes, sigue sin resolverse cuando restan seis carreras para el final del a\u00f1o.<\/p>\n<p class=\"paragraph\">Desde la salida de <b>Oliver Oakes<\/b> en mayo, Alpine opera sin un jefe de equipo formalmente designado. En este contexto, Briatore, hist\u00f3rico dirigente de la F1, asumi\u00f3 el liderazgo de la escuder\u00eda, aunque sin ostentar el t\u00edtulo oficial. La llegada de Nielsen a principios de septiembre, con una trayectoria que incluye cargos en Benetton, Lotus, Tyrrell, la FIA y Liberty Media, aport\u00f3 experiencia y una visi\u00f3n renovada a la gesti\u00f3n del equipo. Pero seg\u00fan el ingeniero, la jerarqu\u00eda interna est\u00e1 bien definida: <b>\u201cFlavio es quien lidera\u201d<\/b>, explic\u00f3 en declaraciones que recogi\u00f3 el sitio especializado Motorsport. <\/p>\n<p class=\"paragraph\">Frente a este escenario, Nielsen se encarga de la sede de Enstone, Reino Unido, y de todo lo relacionado con esa base operativa donde trabajan los mec\u00e1nicos y se est\u00e1 en pleno desarrollo del auto de cara al cambio de reglamento. \u201cAs\u00ed es como avanzamos. Internamente tenemos claro c\u00f3mo se reparten las responsabilidades, y as\u00ed lo gestionamos\u201d, detall\u00f3.<\/p>\n<p class=\"paragraph\">Nielsen, quien ya hab\u00eda trabajado en Enstone en el pasado, describi\u00f3 su regreso como un reencuentro con un entorno familiar, aunque con cambios notables en la estructura y el tama\u00f1o del equipo. Destac\u00f3 el talento del personal y la calidad de las instalaciones, aunque reconoci\u00f3 que el rendimiento actual en pista no refleja el potencial real de Alpine. Uno de los principales retos que enfrenta es adaptarse a las nuevas reglas de la F\u00f3rmula 1, especialmente al l\u00edmite presupuestario impuesto por la FIA desde 2021, una normativa que \u00e9l mismo ayud\u00f3 a dise\u00f1ar desde el lado regulador y que ahora debe aplicar desde la gesti\u00f3n interna.<\/p>\n<p><img alt=\"Franco Colapinto busca asegurarse la\" class=\"global-image\" decoding=\"async\" fetchpriority=\"low\" height=\"408\" loading=\"lazy\" src=\"https:\/\/www.europesays.com\/es\/wp-content\/uploads\/2025\/10\/BUE24CAVNRG5ZPSVXSJ5R6K2F4.jfif\" width=\"612\"\/>Franco Colapinto busca asegurarse la butaca en Alpine para 2026<\/p>\n<p class=\"paragraph\">En cuanto a la representaci\u00f3n p\u00fablica, <b>Nielsen ser\u00e1 la cara visible del equipo en muchas ocasiones, mientras que las decisiones estrat\u00e9gicas seguir\u00e1n pasando por Briatore<\/b>. Esta estructura busca dotar de claridad y eficiencia a la gesti\u00f3n, en un momento en el que Alpine volc\u00f3 todos sus recursos en el desarrollo de lo que ser\u00e1 el monoplaza 2026, lo que impact\u00f3o en su rendimiento durante la presente temporada. Por eso que marcha en el \u00faltimo lugar de la tabla del Campeonato de Constructores con solo 20 puntos -todos los sum\u00f3 Pierre Gasly-.<\/p>\n<p class=\"paragraph\"><b>\u00bfCu\u00e1ndo se resolver\u00e1 el futuro del segundo piloto?<\/b> El proceso de selecci\u00f3n para 2026 sigue abierto y sujeto a evaluaci\u00f3n interna. Aunque no se espera una decisi\u00f3n definitiva hasta el final de la temporada, la competencia principal se centra entre el argentino, que se subi\u00f3 al A525 como titular desde el GP de<b> <\/b>Emilia Roma\u00f1a (italia), y el estonio. <b>Jack Doohan<\/b>, que particip\u00f3 en las primeras seis primeras carreras del a\u00f1o y ahora act\u00faa como reserva, figura en la lista, aunque diversas fuentes consideran poco probable su regreso al equipo como titular para el pr\u00f3ximo a\u00f1o.<\/p>\n<p class=\"paragraph\">En las \u00faltimas horas, <a href=\"https:\/\/www.infobae.com\/deportes\/2025\/10\/11\/contundente-respaldo-de-la-formula-1-para-la-continuidad-de-colapinto-en-alpine\/\" target=\"_blank\" rel=\"noreferrer nofollow noopener\" title=\"https:\/\/www.infobae.com\/deportes\/2025\/10\/11\/contundente-respaldo-de-la-formula-1-para-la-continuidad-de-colapinto-en-alpine\/\">el sitio oficial de la F1 public\u00f3 un informe que indica que el oriundo de Pilar corre con ventaja<\/a>. Colapinto mostr\u00f3 una evoluci\u00f3n significativa en las \u00faltimas carreras, superando a su compa\u00f1ero en varias sesiones recientes. Este desempe\u00f1o le permiti\u00f3 consolidarse como candidato fuerte para el asiento disponible. El an\u00e1lisis de la M\u00e1xima resalta que, aunque Franco a\u00fan no sum\u00f3 puntos para Alpine, su progreso se refleja en la comparaci\u00f3n directa con Gasly, un piloto de amplia experiencia. En el mano a mano en pista, el piloto franc\u00e9s lidera 6-5, pero <b>Colapinto gan\u00f3 en cuatro de las \u00faltimas cinco sesiones de clasificaci\u00f3n en las que ambos participaron<\/b>.<\/p>\n<p class=\"paragraph\">La evaluaci\u00f3n de Nielsen sobre Colapinto se apoya tanto en los resultados como en el aporte financiero que representa para el equipo. \u201cSinceramente, no es ning\u00fan secreto. Los pilotos se comparan primero con sus compa\u00f1eros de equipo. Pierre es un piloto con mucha experiencia. Comparamos a Franco con Pierre. Y ha hecho un trabajo excelente en las \u00faltimas tres carreras. Si esto contin\u00faa as\u00ed, no veo motivo para que no pueda seguir en el puesto, pero esa decisi\u00f3n a\u00fan est\u00e1 lejos\u201d, expres\u00f3 el nuevo director.<\/p>\n","protected":false},"excerpt":{"rendered":"Seg\u00fan Steve Nielsen, Briatore sigue siendo el l\u00edder de Alpine a pesar de su llegada al equipo Alpine&hellip;\n","protected":false},"author":2,"featured_media":172123,"comment_status":"","ping_status":"","sticky":false,"template":"","format":"standard","meta":{"footnotes":""},"categories":[270],"tags":[168,25,24,306,271,272,23,167],"class_list":{"0":"post-172122","1":"post","2":"type-post","3":"status-publish","4":"format-standard","5":"has-post-thumbnail","7":"category-formula-1","8":"tag-deportes","9":"tag-es","10":"tag-espana","11":"tag-f1","12":"tag-formula-1","13":"tag-formula1","14":"tag-spain","15":"tag-sports"},"share_on_mastodon":{"url":"","error":""},"_links":{"self":[{"href":"https:\/\/www.europesays.com\/es\/wp-json\/wp\/v2\/posts\/172122","targetHints":{"allow":["GET"]}}],"collection":[{"href":"https:\/\/www.europesays.com\/es\/wp-json\/wp\/v2\/posts"}],"about":[{"href":"https:\/\/www.europesays.com\/es\/wp-json\/wp\/v2\/types\/post"}],"author":[{"embeddable":true,"href":"https:\/\/www.europesays.com\/es\/wp-json\/wp\/v2\/users\/2"}],"replies":[{"embeddable":true,"href":"https:\/\/www.europesays.com\/es\/wp-json\/wp\/v2\/comments?post=172122"}],"version-history":[{"count":0,"href":"https:\/\/www.europesays.com\/es\/wp-json\/wp\/v2\/posts\/172122\/revisions"}],"wp:featuredmedia":[{"embeddable":true,"href":"https:\/\/www.europesays.com\/es\/wp-json\/wp\/v2\/media\/172123"}],"wp:attachment":[{"href":"https:\/\/www.europesays.com\/es\/wp-json\/wp\/v2\/media?parent=172122"}],"wp:term":[{"taxonomy":"category","embeddable":true,"href":"https:\/\/www.europesays.com\/es\/wp-json\/wp\/v2\/categories?post=172122"},{"taxonomy":"post_tag","embeddable":true,"href":"https:\/\/www.europesays.com\/es\/wp-json\/wp\/v2\/tags?post=172122"}],"curies":[{"name":"wp","href":"https:\/\/api.w.org\/{rel}","templated":true}]}}