{"id":172128,"date":"2025-10-12T16:45:10","date_gmt":"2025-10-12T16:45:10","guid":{"rendered":"https:\/\/www.europesays.com\/es\/172128\/"},"modified":"2025-10-12T16:45:10","modified_gmt":"2025-10-12T16:45:10","slug":"la-unica-persona-con-la-que-se-han-parado-a-hablar-los-reyes-de-espana-durante-el-besamanos","status":"publish","type":"post","link":"https:\/\/www.europesays.com\/es\/172128\/","title":{"rendered":"La \u00fanica persona con la que se han parado a hablar los reyes de Espa\u00f1a durante el besamanos"},"content":{"rendered":"<p>Una vez terminado el desfile de las Fuerzas Armadas ha llegado <a href=\"https:\/\/www.huffingtonpost.es\/politica\/le-desfilado-pitos-sanchez-vuelven-protagonistas-12o-marcado-nubes-anecdotas.html\" rel=\"nofollow noopener\" target=\"_blank\">el momento del besamanos<\/a>, donde Felipe VI, Letizia, la princesa Leonor y la infanta Sof\u00eda saludan a los miles de invitados que han asistido al Palacio Real.\u00a0<\/p>\n<p>Como cada a\u00f1o, los ojos de los expertos se ponen en los gestos y expresiones de los reyes con cada invitado que pasa. <a href=\"https:\/\/www.huffingtonpost.es\/virales\/esta-escena-ione-belarra-reina-letizia-comento-dosnos-cobraria-plena-relevancia.html\" rel=\"nofollow noopener\" target=\"_blank\">Si hace dos a\u00f1os llam\u00f3 la atenci\u00f3n el momento de Letizia con Ione Belarra<\/a>, <b>el protagonista de este ha sido el escritor y reciente premio Cervantes, \u00c1lvaro Pombo<\/b>, que ha llegado en silla de ruedas el \u00faltimo en uno de los bloques de la recepci\u00f3n.<\/p>\n<p>En ese momento, tanto los reyes como sus hijas se han acercado al prestigioso escritor y le han demostrado su cari\u00f1o y su respeto, algo que recuerda a lo que pas\u00f3 en el Cervantes, cuando Letizia lo trat\u00f3 tambi\u00e9n con much\u00edsimo cari\u00f1o.\u00a0<\/p>\n<p>Est\u00e1 previsto que los integrantes de la Casa Real saluden durante el besamanos <b>a los 1.300 invitados<\/b> donde hay desde miembros del Gobierno y del Consejo de Ministros a periodistas pasando por militares y destacados miembros de la sociedad civil.\u00a0<\/p>\n<p>Antes, el\u00a0desfile del 12 de octubre ha vuelto a estar marcado por la inestabilidad pol\u00edtica que marca Espa\u00f1a con los ya cl\u00e1sicos<b> abucheos por parte de un sector de la sociedad espa\u00f1ola al presidente del Gobierno, Pedro S\u00e1nchez.\u00a0<\/b><\/p>\n<p>Adem\u00e1s, las nubes no han dejado ver el cielo y se ha tenido que\u00a0reducir el n\u00famero de formaciones participantes por la alta nubosidad. A la fiesta de Espa\u00f1a ha faltado Santiago Abascal, que ha decidido vivir el desfile desde la calle para <b>no \u00abblanquear\u00bb al Gobierno<\/b> de S\u00e1nchez.<\/p>\n<p>Pero no todo ha sido malo para S\u00e1nchez. Mientras los silbidos sonaban, Felipe VI ha arrancado su pase de revista al grupo de honores de la Guardia Real. En ese momento en el que el monarca pasaba delante del grupo de honores, ha habido una escena bastante llamativa justo detr\u00e1s de \u00e9l.\u00a0<\/p>\n<p>Mientras el rey pasaba revista, la reina Letizia y Pedro S\u00e1nchez estaban hablando, con la ministra de Defensa, Margarita Robles, un poquito excluida de la conversaci\u00f3n.<\/p>\n","protected":false},"excerpt":{"rendered":"Una vez terminado el desfile de las Fuerzas Armadas ha llegado el momento del besamanos, donde Felipe VI,&hellip;\n","protected":false},"author":2,"featured_media":172129,"comment_status":"","ping_status":"","sticky":false,"template":"","format":"standard","meta":{"footnotes":""},"categories":[174],"tags":[255,146,147,25,24,256,11439,11362,23],"class_list":{"0":"post-172128","1":"post","2":"type-post","3":"status-publish","4":"format-standard","5":"has-post-thumbnail","7":"category-famosos","8":"tag-celebrities","9":"tag-entertainment","10":"tag-entretenimiento","11":"tag-es","12":"tag-espana","13":"tag-famosos","14":"tag-felipe-vi","15":"tag-reina-letizia","16":"tag-spain"},"share_on_mastodon":{"url":"","error":""},"_links":{"self":[{"href":"https:\/\/www.europesays.com\/es\/wp-json\/wp\/v2\/posts\/172128","targetHints":{"allow":["GET"]}}],"collection":[{"href":"https:\/\/www.europesays.com\/es\/wp-json\/wp\/v2\/posts"}],"about":[{"href":"https:\/\/www.europesays.com\/es\/wp-json\/wp\/v2\/types\/post"}],"author":[{"embeddable":true,"href":"https:\/\/www.europesays.com\/es\/wp-json\/wp\/v2\/users\/2"}],"replies":[{"embeddable":true,"href":"https:\/\/www.europesays.com\/es\/wp-json\/wp\/v2\/comments?post=172128"}],"version-history":[{"count":0,"href":"https:\/\/www.europesays.com\/es\/wp-json\/wp\/v2\/posts\/172128\/revisions"}],"wp:featuredmedia":[{"embeddable":true,"href":"https:\/\/www.europesays.com\/es\/wp-json\/wp\/v2\/media\/172129"}],"wp:attachment":[{"href":"https:\/\/www.europesays.com\/es\/wp-json\/wp\/v2\/media?parent=172128"}],"wp:term":[{"taxonomy":"category","embeddable":true,"href":"https:\/\/www.europesays.com\/es\/wp-json\/wp\/v2\/categories?post=172128"},{"taxonomy":"post_tag","embeddable":true,"href":"https:\/\/www.europesays.com\/es\/wp-json\/wp\/v2\/tags?post=172128"}],"curies":[{"name":"wp","href":"https:\/\/api.w.org\/{rel}","templated":true}]}}