{"id":172130,"date":"2025-10-12T16:47:09","date_gmt":"2025-10-12T16:47:09","guid":{"rendered":"https:\/\/www.europesays.com\/es\/172130\/"},"modified":"2025-10-12T16:47:09","modified_gmt":"2025-10-12T16:47:09","slug":"un-viaje-literario-gratuito-por-las-ciudades-del-mundo-que-comparten-un-mismo-nombre","status":"publish","type":"post","link":"https:\/\/www.europesays.com\/es\/172130\/","title":{"rendered":"un viaje literario gratuito por las ciudades del mundo que comparten un mismo nombre"},"content":{"rendered":"\n<p>      12 de octubre 2025 &#8211; 13:23<\/p>\n<p class=\"ignore-parser\">La escritora y gestora cultural Paz Casas N\u00f3blega presenta un nuevo libro digital biling\u00fce que invita a recorrer 18 lugares llamados Cordova en distintas partes del planeta.<\/p>\n<p>      <img decoding=\"async\" src=\"https:\/\/www.europesays.com\/es\/wp-content\/uploads\/2025\/10\/libro-de-cordoba-las-cordovas-paz-casas-noblega.png\" class=\"detail-highlighted-multimedia__figure-img img-fluid\" alt=\"La nueva publicaci\u00f3n completa la serie iniciada con \u201cLas C\u00f3rdobas con B de Iberoam\u00e9rica\u201d.\" width=\"1200\" height=\"675\" crossorigin=\"anonymous\" fetchpriority=\"high\" decode=\"async\"\/>       <\/p>\n<p>Un nombre, muchos destinos. Con esa premisa, la escritora <strong data-start=\"622\" data-end=\"643\">Paz Casas N\u00f3blega<\/strong> vuelve a sorprender con la publicaci\u00f3n de \u201cDe C\u00f3rdoba a las C\u00f3rdovas\u201d, un libro digital biling\u00fce y gratuito que propone un viaje literario y geogr\u00e1fico por distintas localidades del mundo que comparten el nombre \u201cC\u00f3rdoba\u201d o \u201cCordova\u201d.<\/p>\n<p> El contenido al que quiere acceder es exclusivo para suscriptores.<\/p>\n<p>   suscribirse   ya estoy suscripto  <\/p>\n<p data-start=\"884\" data-end=\"1324\">El volumen, editado por <strong data-start=\"908\" data-end=\"934\">Hermanamientos Editora<\/strong> (C\u00f3rdoba, Argentina), re\u00fane <strong data-start=\"963\" data-end=\"1001\">dieciocho lugares llamados Cordova<\/strong>, con \u201cV\u201d, distribuidos en <strong data-start=\"1028\" data-end=\"1080\">Estados Unidos, Canad\u00e1, M\u00e9xico, Per\u00fa y Filipinas<\/strong>, y explora su historia, geograf\u00eda, identidad y rasgos culturales. El objetivo, seg\u00fan la autora, es \u201ctender puentes simb\u00f3licos y fomentar la hermandad entre comunidades que, aunque distantes, est\u00e1n unidas por un nombre y una ra\u00edz compartida\u201d.<\/p>\n<p>\t\t\tInformate m\u00e1s\t\t\t\t\t\t\t\t\t\t<a href=\"https:\/\/www.ambito.com\/energia\/cordoba-impulsa-el-gnc-como-eje-la-transicion-energetica-y-el-desarrollo-industrial-n6200451\" target=\"\" title=\"\u00e1mbito.com | C\u00f3rdoba impulsa el GNC como eje de la transici\u00f3n energ\u00e9tica y el desarrollo industrial\" alt=\"\u00e1mbito.com | C\u00f3rdoba impulsa el GNC como eje de la transici\u00f3n energ\u00e9tica y el desarrollo industrial\" rel=\"noindex nofollow noreferrer noopener\"><br \/>\n\t\t\t\t\t\t\t\t\t\t\t<img loading=\"lazy\" decoding=\"async\" src=\"https:\/\/www.ambito.com\/css-custom\/239\/lazy.svg\" data-td-src-property=\"https:\/\/media.ambito.com\/p\/91f886c7a4876ea25395e35871ce378a\/adjuntos\/239\/imagenes\/042\/842\/0042842706\/93x52\/smart\/gnc.png\" alt=\"El sector privado coincide en que el GNC combina eficiencia econ\u00f3mica y sostenibilidad ambiental.\" title=\"El sector privado coincide en que el GNC combina eficiencia econ\u00f3mica y sostenibilidad ambiental.\" width=\"93\" height=\"52\" class=\"news-article__figure-img figure-img img-fluid\"\/>\t\t<\/a>\t\t\t\t\t\t\t\t\t\t\t\t<a href=\"https:\/\/www.ambito.com\/ambito-nacional\/gobernadores-provincias-unidas-anticipan-que-no-votaran-el-presupuesto-2026-libro-cerrado-n6200279\" target=\"\" title=\"\u00e1mbito.com | Gobernadores de Provincias Unidas anticipan que no votar\u00e1n el Presupuesto 2026 a libro cerrado\" alt=\"\u00e1mbito.com | Gobernadores de Provincias Unidas anticipan que no votar\u00e1n el Presupuesto 2026 a libro cerrado\" rel=\"noindex nofollow noreferrer noopener\"><br \/>\n\t\t\t\t\t\t\t\t\t\t\t<img loading=\"lazy\" decoding=\"async\" src=\"https:\/\/www.ambito.com\/css-custom\/239\/lazy.svg\" data-td-src-property=\"https:\/\/media.ambito.com\/p\/103215187d8ae51ffdbd456d0e7bd128\/adjuntos\/239\/imagenes\/042\/841\/0042841356\/93x52\/smart\/provincias.jpg\" alt=\"Sin Claudio Vidal (Santa Cruz), los gobernadores de Provincias Unidas recorrieron el Parque Solar El Pongo.\" title=\"Sin Claudio Vidal (Santa Cruz), los gobernadores de Provincias Unidas recorrieron el Parque Solar El Pongo.\" width=\"93\" height=\"52\" class=\"news-article__figure-img figure-img img-fluid\"\/>\t\t<\/a>\t\t\t\t\t\t <\/p>\n<p data-start=\"1326\" data-end=\"1701\">El concepto que gu\u00eda esta entrega es \u201c<strong data-start=\"1364\" data-end=\"1390\">Cordova con V de viaje<\/strong>\u201d, una ampliaci\u00f3n del trabajo previo de la editorial, que ya hab\u00eda investigado las \u201cC\u00f3rdobas con B\u201d de Iberoam\u00e9rica. \u201cQuer\u00edamos seguir explorando c\u00f3mo un mismo nombre se transforma seg\u00fan el idioma, la historia o la geograf\u00eda, y c\u00f3mo esas variaciones cuentan tambi\u00e9n una historia com\u00fan\u201d, explica Casas N\u00f3blega.<\/p>\n<p data-start=\"1703\" data-end=\"1765\">Entre las Cordovas que destaca la publicaci\u00f3n se encuentran:<\/p>\n<ul data-start=\"1766\" data-end=\"2061\">\n<li data-start=\"1766\" data-end=\"1841\">\n<p data-start=\"1768\" data-end=\"1841\"><strong data-start=\"1768\" data-end=\"1790\">Cordova, Tennessee<\/strong>, la m\u00e1s poblada, con cerca de 80 mil habitantes.<\/p>\n<\/li>\n<li data-start=\"1842\" data-end=\"1917\">\n<p data-start=\"1844\" data-end=\"1917\"> <strong data-start=\"1844\" data-end=\"1863\">Cordova, Alaska<\/strong>, rodeada de monta\u00f1as nevadas y paisajes imponentes.<\/p>\n<\/li>\n<li data-start=\"1918\" data-end=\"1992\">\n<p data-start=\"1920\" data-end=\"1992\"> <strong data-start=\"1920\" data-end=\"1942\">Cordova, Minnesota<\/strong>, fundada en 1858, considerada la m\u00e1s hist\u00f3rica.<\/p>\n<\/li>\n<li data-start=\"1993\" data-end=\"2061\">\n<p data-start=\"1995\" data-end=\"2061\"> <strong data-start=\"1995\" data-end=\"2016\">Cordova, Nebraska<\/strong>, la m\u00e1s peque\u00f1a, con apenas 90 habitantes.<\/p>\n<\/li>\n<\/ul>\n<p> tapa jpg   <\/p>\n<p>  <img decoding=\"async\" src=\"https:\/\/www.ambito.com\/css-custom\/239\/lazy.svg\" data-td-src-property=\"https:\/\/media.ambito.com\/p\/a519c061d4d6729d7290ae94dbadf009\/adjuntos\/239\/imagenes\/042\/845\/0042845700\/730x0\/smart\/tapa-jpg.jpeg\" alt=\"La obra, gratuita y disponible online, forma parte del proyecto internacional de Hermanamientos Editora, que busca unir territorios a trav\u00e9s de la cultura y la memoria compartida.\" title=\"La obra, gratuita y disponible online, forma parte del proyecto internacional de Hermanamientos Editora, que busca unir territorios a trav\u00e9s de la cultura y la memoria compartida.\" width=\"730\" height=\"undefined\" id=\"8138835-Libre-2131142570_embed\"\/>  <\/p>\n<p> La obra, gratuita y disponible online, forma parte del proyecto internacional de Hermanamientos Editora, que busca unir territorios a trav\u00e9s de la cultura y la memoria compartida.<\/p>\n<p data-start=\"2063\" data-end=\"2289\"> La investigaci\u00f3n tambi\u00e9n revela que muchas de estas comunidades fueron fundadas entre los siglos XIX y XX, algunas en homenaje a la <strong data-start=\"2195\" data-end=\"2215\">C\u00f3rdoba espa\u00f1ola<\/strong>, y otras vinculadas a familias locales o top\u00f3nimos adaptados al ingl\u00e9s.<\/p>\n<p data-start=\"2291\" data-end=\"2509\">Fuera de Estados Unidos, el libro recorre <strong data-start=\"2333\" data-end=\"2356\">Cordova (Filipinas)<\/strong>, con m\u00e1s de 60 mil habitantes en la isla de Mact\u00e1n; dos comunidades peruanas con ese nombre; y una mexicana enclavada a m\u00e1s de 3.000 metros de altura.<\/p>\n<p data-start=\"2511\" data-end=\"2814\">La publicaci\u00f3n completa la serie iniciada con \u201cLas C\u00f3rdobas con B de Iberoam\u00e9rica\u201d, donde se repasaban las ciudades hom\u00f3nimas de la regi\u00f3n, incluida la <strong data-start=\"2665\" data-end=\"2686\">C\u00f3rdoba argentina<\/strong>, fundada en 1573 por Jer\u00f3nimo Luis de Cabrera, y la <strong data-start=\"2739\" data-end=\"2759\">C\u00f3rdoba espa\u00f1ola<\/strong>, de origen romano, que dio nombre a todas las dem\u00e1s.<\/p>\n<p data-start=\"2816\" data-end=\"3147\"><strong data-start=\"2816\" data-end=\"2842\">Hermanamientos Editora<\/strong>, fundada en 2016 en C\u00f3rdoba, impulsa desde hace ocho a\u00f1os proyectos culturales que vinculan ciudades a trav\u00e9s de la literatura, la historia y el turismo. Su trabajo busca \u201cdocumentar memorias compartidas y rescatar los lazos invisibles que unen a las comunidades m\u00e1s all\u00e1 de sus fronteras geogr\u00e1ficas\u201d.<\/p>\n<p data-start=\"3149\" data-end=\"3343\">\u201cDe C\u00f3rdoba a las C\u00f3rdovas\u201d est\u00e1 disponible de forma gratuita para su lectura y descarga <a data-start=\"3240\" data-end=\"3340\" class=\"\" rel=\"noopener nofollow\" target=\"_new\" href=\"https:\/\/drive.google.com\/file\/d\/1nwueZzBcdA4KJK10u3wNF0V8eM6tv7Oa\/view?usp=sharing\">en este enlace<\/a>.<\/p>\n","protected":false},"excerpt":{"rendered":"12 de octubre 2025 &#8211; 13:23 La escritora y gestora cultural Paz Casas N\u00f3blega presenta un nuevo libro&hellip;\n","protected":false},"author":2,"featured_media":172131,"comment_status":"","ping_status":"","sticky":false,"template":"","format":"standard","meta":{"footnotes":""},"categories":[172],"tags":[224,146,147,25,24,225,23],"class_list":{"0":"post-172130","1":"post","2":"type-post","3":"status-publish","4":"format-standard","5":"has-post-thumbnail","7":"category-libros","8":"tag-books","9":"tag-entertainment","10":"tag-entretenimiento","11":"tag-es","12":"tag-espana","13":"tag-libros","14":"tag-spain"},"share_on_mastodon":{"url":"","error":""},"_links":{"self":[{"href":"https:\/\/www.europesays.com\/es\/wp-json\/wp\/v2\/posts\/172130","targetHints":{"allow":["GET"]}}],"collection":[{"href":"https:\/\/www.europesays.com\/es\/wp-json\/wp\/v2\/posts"}],"about":[{"href":"https:\/\/www.europesays.com\/es\/wp-json\/wp\/v2\/types\/post"}],"author":[{"embeddable":true,"href":"https:\/\/www.europesays.com\/es\/wp-json\/wp\/v2\/users\/2"}],"replies":[{"embeddable":true,"href":"https:\/\/www.europesays.com\/es\/wp-json\/wp\/v2\/comments?post=172130"}],"version-history":[{"count":0,"href":"https:\/\/www.europesays.com\/es\/wp-json\/wp\/v2\/posts\/172130\/revisions"}],"wp:featuredmedia":[{"embeddable":true,"href":"https:\/\/www.europesays.com\/es\/wp-json\/wp\/v2\/media\/172131"}],"wp:attachment":[{"href":"https:\/\/www.europesays.com\/es\/wp-json\/wp\/v2\/media?parent=172130"}],"wp:term":[{"taxonomy":"category","embeddable":true,"href":"https:\/\/www.europesays.com\/es\/wp-json\/wp\/v2\/categories?post=172130"},{"taxonomy":"post_tag","embeddable":true,"href":"https:\/\/www.europesays.com\/es\/wp-json\/wp\/v2\/tags?post=172130"}],"curies":[{"name":"wp","href":"https:\/\/api.w.org\/{rel}","templated":true}]}}