{"id":172132,"date":"2025-10-12T16:48:14","date_gmt":"2025-10-12T16:48:14","guid":{"rendered":"https:\/\/www.europesays.com\/es\/172132\/"},"modified":"2025-10-12T16:48:14","modified_gmt":"2025-10-12T16:48:14","slug":"fallece-jimmy-shaw-actor-de-la-que-se-avecina-a-los-59-anos","status":"publish","type":"post","link":"https:\/\/www.europesays.com\/es\/172132\/","title":{"rendered":"Fallece Jimmy Shaw, actor de &#8216;La que se avecina&#8217;, a los 59 a\u00f1os"},"content":{"rendered":"<p><img fetchpriority=\"high\" class=\"v-a-img\" src=\"https:\/\/www.europesays.com\/es\/wp-content\/uploads\/2025\/10\/Clipboard-0085.png\" loading=\"eager\" decoding=\"async\" alt=\"Jimmy Shaw junto a la actriz y compa\u00f1era de rodaje, Cristina Casta\u00f1o.\"  width=\"1200\" height=\"840\"\/><\/p>\n<p>Jimmy Shaw junto a la actriz y compa\u00f1era de rodaje, Cristina Casta\u00f1o.          Redes        <\/p>\n<p>Conocido por interpretar a Matthew en la popular serie, ha muerto a consecuencia del c\u00e1ncer de p\u00e1ncreas que padec\u00eda<\/p>\n<p class=\"v-mdl-ath__p v-mdl-ath__p--6\">\nDomingo, 12 de octubre 2025, 12:52<\/p>\n<p class=\"v-p\">Luto en el mundo de la interpretaci\u00f3n. El actor Jimmy Shaw, conocido por su papel de Matthew en &#8216;La que se avecina&#8217;, ha fallecido a los 59 a\u00f1os a consecuencia del c\u00e1ncer de p\u00e1ncreas que padec\u00eda. Hace apenas unas semanas, la actriz y compa\u00f1era de rodaje, Cristina Casta\u00f1o pidi\u00f3 a trav\u00e9s de sus redes sociales ayuda para que el int\u00e9rprete estadounidense pudiera someterse a una operaci\u00f3n m\u00e9dica de urgencia.<\/p>\n<p class=\"v-p\">El actor necesitaba de 100.000 euros para entrar a quir\u00f3fano. \u00abDesde hace 3 a\u00f1os padece un c\u00e1ncer de p\u00e1ncreas que, tras remitir totalmente en un momento dado, volvi\u00f3 a reproducirse dej\u00e1ndonos a todos devastados. La esperanza regres\u00f3 cuando supimos que hay un doctor en Lisboa que es el \u00fanico que puede operar el caso concreto de Jimmy, as\u00ed que todos sus seres queridos nos hemos puesto manos a la obra y estamos recaudando fondos para poder costear la operaci\u00f3n, que como podr\u00e9is imaginar, no est\u00e1 cubierta ni por su seguro ni por la seguridad social\u00bb, escrib\u00eda la propia Casta\u00f1o a finales de septiembre. Se recaudaron 70.300 euros.<\/p>\n<p class=\"v-p\">A trav\u00e9s de una publicaci\u00f3n en redes sociales, Casta\u00f1o ha querido agradecer a todas aquellas personas que \u00abpusisteis vuestro grano de arena para poder costear la operaci\u00f3n\u00bb. \u00abNo pudo ser, pero fue incre\u00edble y muy emocionante recibir la avalancha de donaciones que disteis\u00bb. \u00abPocas personas he visto luchar en la vida como \u00e9l. Estamos absolutamente devastados. Te quiero y te querr\u00e9 siempre. Te ganaste tu lugar en mi coraz\u00f3n y ese no te lo quita nadie\u00bb, lamentaba la int\u00e9rprete.Adem\u00e1s de su papel en &#8216;La que se avecina&#8217;, Shaw tambi\u00e9n fue conocido por participar en series como &#8216;Cu\u00e9ntame c\u00f3mo pas\u00f3&#8217;, &#8216;Velvet&#8217; o &#8216;\u00c1guila Roja&#8217;. Tambi\u00e9n en Estados Unidos trabaj\u00f3 en varios proyectos.<\/p>\n<p>Reporta un error<\/p>\n","protected":false},"excerpt":{"rendered":"Jimmy Shaw junto a la actriz y compa\u00f1era de rodaje, Cristina Casta\u00f1o. Redes Conocido por interpretar a Matthew&hellip;\n","protected":false},"author":2,"featured_media":172133,"comment_status":"","ping_status":"","sticky":false,"template":"","format":"standard","meta":{"footnotes":""},"categories":[171],"tags":[1339,988,7746,146,147,25,24,5992,20984,43411,23,214],"class_list":{"0":"post-172132","1":"post","2":"type-post","3":"status-publish","4":"format-standard","5":"has-post-thumbnail","7":"category-tv","8":"tag-actor","9":"tag-anos","10":"tag-avecina","11":"tag-entertainment","12":"tag-entretenimiento","13":"tag-es","14":"tag-espana","15":"tag-fallece","16":"tag-jimmy","17":"tag-shaw","18":"tag-spain","19":"tag-tv"},"share_on_mastodon":{"url":"","error":""},"_links":{"self":[{"href":"https:\/\/www.europesays.com\/es\/wp-json\/wp\/v2\/posts\/172132","targetHints":{"allow":["GET"]}}],"collection":[{"href":"https:\/\/www.europesays.com\/es\/wp-json\/wp\/v2\/posts"}],"about":[{"href":"https:\/\/www.europesays.com\/es\/wp-json\/wp\/v2\/types\/post"}],"author":[{"embeddable":true,"href":"https:\/\/www.europesays.com\/es\/wp-json\/wp\/v2\/users\/2"}],"replies":[{"embeddable":true,"href":"https:\/\/www.europesays.com\/es\/wp-json\/wp\/v2\/comments?post=172132"}],"version-history":[{"count":0,"href":"https:\/\/www.europesays.com\/es\/wp-json\/wp\/v2\/posts\/172132\/revisions"}],"wp:featuredmedia":[{"embeddable":true,"href":"https:\/\/www.europesays.com\/es\/wp-json\/wp\/v2\/media\/172133"}],"wp:attachment":[{"href":"https:\/\/www.europesays.com\/es\/wp-json\/wp\/v2\/media?parent=172132"}],"wp:term":[{"taxonomy":"category","embeddable":true,"href":"https:\/\/www.europesays.com\/es\/wp-json\/wp\/v2\/categories?post=172132"},{"taxonomy":"post_tag","embeddable":true,"href":"https:\/\/www.europesays.com\/es\/wp-json\/wp\/v2\/tags?post=172132"}],"curies":[{"name":"wp","href":"https:\/\/api.w.org\/{rel}","templated":true}]}}