{"id":172138,"date":"2025-10-12T16:53:08","date_gmt":"2025-10-12T16:53:08","guid":{"rendered":"https:\/\/www.europesays.com\/es\/172138\/"},"modified":"2025-10-12T16:53:08","modified_gmt":"2025-10-12T16:53:08","slug":"relacion-confirmada-katy-perry-y-justin-trudeau-fueron-vistos-juntos-a-los-besos-en-un-yate","status":"publish","type":"post","link":"https:\/\/www.europesays.com\/es\/172138\/","title":{"rendered":"\u00bfRelaci\u00f3n confirmada? Katy Perry y Justin Trudeau fueron vistos juntos a los besos en un yate"},"content":{"rendered":"<p><img alt=\"El receso entre conciertos fue\" class=\"global-image\" decoding=\"async\" fetchpriority=\"high\" height=\"557\" loading=\"eager\" src=\"https:\/\/www.europesays.com\/es\/wp-content\/uploads\/2025\/10\/BFKLLPJ5AVB2PBZRRVX7CJDLPY.jpeg\" width=\"963\"\/>El receso entre conciertos fue determinante para que la cantante coincidiera con el ex primer ministro canadiense en un entorno privado sobre las aguas californianas (Captura\/TMZ)<\/p>\n<p class=\"paragraph\">La artista estadounidense <b>Katy Perry<\/b> y el ex primer ministro canadiense <b>Justin Trudeau<\/b> confirmaron las especulaciones sobre su v\u00ednculo sentimental tras ser vistos en una escena \u00edntima.<\/p>\n<p class=\"paragraph\">El encuentro se llev\u00f3 a cabo sobre el Caravelle, el yate de la cantante, en la costa de Santa B\u00e1rbara, en California, a finales de septiembre de este a\u00f1o.<\/p>\n<p class=\"paragraph\">Las im\u00e1genes, difundidas por Daily Mail, muestran a la pareja en gestos de afecto y cercan\u00eda, despejando las dudas sobre la naturaleza de su relaci\u00f3n.<\/p>\n<p class=\"paragraph\">El suceso qued\u00f3 registrado por un turista a bordo de una embarcaci\u00f3n de avistamiento de ballenas. De acuerdo con su testimonio citado por el tabloide brit\u00e1nico, <b>\u201cella acerc\u00f3 el yate a una peque\u00f1a embarcaci\u00f3n tur\u00edstica y luego comenzaron a besarse\u201d<\/b>.<\/p>\n<p class=\"paragraph\">El reconocimiento de Trudeau fue inmediato para el testigo, gracias al tatuaje de un cuervo Haida que el pol\u00edtico lleva en su brazo izquierdo, s\u00edmbolo de la cultura ind\u00edgena canadiense y referencia habitual durante su gesti\u00f3n p\u00fablica.<\/p>\n<p><img alt=\"Katy Perry y Justin Trudeau\" class=\"global-image\" decoding=\"async\" fetchpriority=\"low\" height=\"1080\" loading=\"lazy\" src=\"https:\/\/www.europesays.com\/es\/wp-content\/uploads\/2025\/10\/LEMDF2KR7BAP7EDSSOCBU2TUVE.jpg\" width=\"1920\"\/>Katy Perry y Justin Trudeau mostraron afecto y complicidad en la costa de Santa B\u00e1rbara (REUTERS)<\/p>\n<p class=\"paragraph\">Durante la jornada, Perry, de 40 a\u00f1os, vest\u00eda un traje de ba\u00f1o negro y disfrutaba de un breve receso entre las presentaciones de su gira mundial <b>Lifetimes<\/b>.<\/p>\n<p class=\"paragraph\">Trudeau, de 53 a\u00f1os, vest\u00eda \u00fanicamente un pantal\u00f3n de mezclilla. Fot\u00f3grafos de Daily Mail detallaron que la pareja fue captada <b>abraz\u00e1ndose de forma estrecha <\/b>y en actitud cari\u00f1osa sobre la cubierta principal, aparentemente ajenos a la presencia de otros turistas en la zona.<\/p>\n<p class=\"paragraph\">El v\u00ednculo sentimental qued\u00f3 en evidencia despu\u00e9s de semanas de rumores surgidos tras la visita de la estrella pop a Montreal. En julio, ambos protagonistas fueron observados durante una cena privada en el restaurante Le Violon en esa ciudad canadiense.<\/p>\n<p class=\"paragraph\">Al d\u00eda siguiente, fueron fotografiados paseando juntos en Mount Royal Park, lo que aviv\u00f3 la especulaci\u00f3n en medios de comunicaci\u00f3n y redes sociales.<\/p>\n<p class=\"paragraph\">La publicaci\u00f3n de las im\u00e1genes coincidi\u00f3 con nuevas declaraciones de fuentes cercanas a <b>Katy Perry<\/b> y <b>Justin Trudeau<\/b> citadas por Cosmopolitan. Seg\u00fan el medio, \u201cKaty est\u00e1 muy, muy interesada en \u00e9l. <b>Dice que es un gran partido, un hombre de calidad<\/b>\u201d, afirm\u00f3 una persona del entorno de la cantante.<\/p>\n<p><img alt=\"Un testigo capt\u00f3 la escena\" class=\"global-image\" decoding=\"async\" fetchpriority=\"low\" height=\"1080\" loading=\"lazy\" src=\"https:\/\/www.europesays.com\/es\/wp-content\/uploads\/2025\/10\/4FSQQ6YBZ5AHTPHWWOSK4D4HVI.jpg\" width=\"1920\"\/>Un testigo capt\u00f3 la escena de Perry y Trudeau bes\u00e1ndose, situaci\u00f3n que puso fin a meses de especulaciones sobre su relaci\u00f3n (Reuters)<\/p>\n<p class=\"paragraph\"><b>\u201cSe gustan mucho\u201d<\/b>, a\u00f1adi\u00f3 la fuente, al calificar la comunicaci\u00f3n como entusiasta, aunque no constante debido a los compromisos personales de ambos.<\/p>\n<p class=\"paragraph\">Desde las primeras im\u00e1genes juntos, los protagonistas han evitado comentar p\u00fablicamente sobre la relaci\u00f3n. Ni sus representantes ni ellos mismos respondieron a solicitudes formales de informaci\u00f3n realizadas por la prensa internacional, lo que increment\u00f3 la atenci\u00f3n medi\u00e1tica.<\/p>\n<p class=\"paragraph\">Al respecto, Cosmopolitan tambi\u00e9n recogi\u00f3 testimonios de allegados a Trudeau que aseguraron que el pol\u00edtico, tras su separaci\u00f3n en 2023 de <b>Sophie Gr\u00e9goire<\/b>, ha recibido numerosas propuestas sentimentales, pero su acercamiento a Perry habr\u00eda significado \u201cun soplo de aire fresco\u201d en su vida.<\/p>\n<p class=\"paragraph\">El fin de las relaciones previas de ambos abri\u00f3 espacio para esta nueva etapa personal. <b>Katy Perry<\/b> anunci\u00f3 su ruptura con el actor brit\u00e1nico <b>Orlando Bloom<\/b> a mediados de este a\u00f1o, con quien comparte una hija de cinco a\u00f1os, mientras que Trudeau separ\u00f3 caminos con Gr\u00e9goire tras 18 a\u00f1os de matrimonio y tres hijos en com\u00fan.<\/p>\n<p><img alt=\"Justin Trudeau y Sophie Gr\u00e9goire\" class=\"global-image\" decoding=\"async\" fetchpriority=\"low\" height=\"3360\" loading=\"lazy\" src=\"https:\/\/www.europesays.com\/es\/wp-content\/uploads\/2025\/10\/3TXFEHLD77QWRDPL63U5AJJP4U.jpg\" width=\"4480\"\/>Justin Trudeau y Sophie Gr\u00e9goire pusieron fin a 18 a\u00f1os de matrimonio, divorcio que marc\u00f3 un nuevo comienzo personal para el ex primer ministro canadiense (Justin Tang\/The Canadian Press via AP, Archivo)<\/p>\n<p class=\"paragraph\">Sobre la din\u00e1mica familiar, Perry aclar\u00f3 que la prioridad es mantener un entorno estable para su hija, con un v\u00ednculo de respeto rec\u00edproco con Bloom.<\/p>\n<p class=\"paragraph\">De acuerdo con un reporte de Daily Mail, una persona cercana al c\u00edrculo de ambos explic\u00f3 que tras la primera cita y la viralizaci\u00f3n de las fotograf\u00edas, la relaci\u00f3n experiment\u00f3 un descenso en la frecuencia del contacto.<\/p>\n<p class=\"paragraph\">\u201c<b>Ambos est\u00e1n ocupados y la novedad perdi\u00f3 fuerza <\/b>en el ritmo de mensajes, aunque no hay un trasfondo negativo\u201d, relat\u00f3 la fuente.<\/p>\n<p class=\"paragraph\">Por otro lado, amigos de la cantante expresaron reservas sobre la exposici\u00f3n medi\u00e1tica y recomendaron mantener cautela respecto a la evoluci\u00f3n del v\u00ednculo.<\/p>\n<p class=\"paragraph\">\u201cKaty es una persona que destina tiempo a quien le interesa y sigue muy enfocada en su carrera musical\u201d, coment\u00f3 un allegado citado por Cosmopolitan.<\/p>\n<p><img alt=\"Katy Perry y Orlando Bloom\" class=\"global-image\" decoding=\"async\" fetchpriority=\"low\" height=\"1080\" loading=\"lazy\" src=\"https:\/\/www.europesays.com\/es\/wp-content\/uploads\/2025\/10\/5PXIHUJKXVEMVD6RCTAOLM2GGI.jpg\" width=\"1921\"\/>Katy Perry y Orlando Bloom mantuvieron una relaci\u00f3n durante casi una d\u00e9cada y comparten la crianza de su hija en un ambiente de respeto mutuo (REUTERS\/Danny Moloshok)<\/p>\n<p class=\"paragraph\"><b>Katy Perry<\/b> se encuentra en una etapa \u00e1lgida gracias al \u00e9xito de su gira Lifetimes, y <b>Justin Trudeau<\/b>, retirado de la vida pol\u00edtica activa desde su renuncia a principios de a\u00f1o, mantiene una agenda privada y atenci\u00f3n sobre su vida personal.<\/p>\n<p class=\"paragraph\">De acuerdo con las mismas fuentes, <b>\u201csi hay alguien con quien resulte viable una relaci\u00f3n a distancia es \u00e9l\u201d<\/b>.<\/p>\n<p class=\"paragraph\">El entorno tanto de la cantante como del ex primer ministro permanece expectante ante la posibilidad de que el v\u00ednculo se consolide, mientras la atenci\u00f3n p\u00fablica sigue puesta en los pr\u00f3ximos movimientos de ambos.<\/p>\n","protected":false},"excerpt":{"rendered":"El receso entre conciertos fue determinante para que la cantante coincidiera con el ex primer ministro canadiense en&hellip;\n","protected":false},"author":2,"featured_media":172139,"comment_status":"","ping_status":"","sticky":false,"template":"","format":"standard","meta":{"footnotes":""},"categories":[91],"tags":[21059,49817,49818,49819,3730,17473,11692,146,147,25,24,23],"class_list":{"0":"post-172138","1":"post","2":"type-post","3":"status-publish","4":"format-standard","5":"has-post-thumbnail","7":"category-entretenimiento","8":"tag-21059","9":"tag-accountability","10":"tag-assemble","11":"tag-assembly","12":"tag-canada","13":"tag-canadian","14":"tag-color","15":"tag-entertainment","16":"tag-entretenimiento","17":"tag-es","18":"tag-espana","19":"tag-spain"},"share_on_mastodon":{"url":"","error":""},"_links":{"self":[{"href":"https:\/\/www.europesays.com\/es\/wp-json\/wp\/v2\/posts\/172138","targetHints":{"allow":["GET"]}}],"collection":[{"href":"https:\/\/www.europesays.com\/es\/wp-json\/wp\/v2\/posts"}],"about":[{"href":"https:\/\/www.europesays.com\/es\/wp-json\/wp\/v2\/types\/post"}],"author":[{"embeddable":true,"href":"https:\/\/www.europesays.com\/es\/wp-json\/wp\/v2\/users\/2"}],"replies":[{"embeddable":true,"href":"https:\/\/www.europesays.com\/es\/wp-json\/wp\/v2\/comments?post=172138"}],"version-history":[{"count":0,"href":"https:\/\/www.europesays.com\/es\/wp-json\/wp\/v2\/posts\/172138\/revisions"}],"wp:featuredmedia":[{"embeddable":true,"href":"https:\/\/www.europesays.com\/es\/wp-json\/wp\/v2\/media\/172139"}],"wp:attachment":[{"href":"https:\/\/www.europesays.com\/es\/wp-json\/wp\/v2\/media?parent=172138"}],"wp:term":[{"taxonomy":"category","embeddable":true,"href":"https:\/\/www.europesays.com\/es\/wp-json\/wp\/v2\/categories?post=172138"},{"taxonomy":"post_tag","embeddable":true,"href":"https:\/\/www.europesays.com\/es\/wp-json\/wp\/v2\/tags?post=172138"}],"curies":[{"name":"wp","href":"https:\/\/api.w.org\/{rel}","templated":true}]}}