{"id":172144,"date":"2025-10-12T16:56:08","date_gmt":"2025-10-12T16:56:08","guid":{"rendered":"https:\/\/www.europesays.com\/es\/172144\/"},"modified":"2025-10-12T16:56:08","modified_gmt":"2025-10-12T16:56:08","slug":"presos-palestinos-seran-liberados-cuando-israel-confirme-que-todos-los-rehenes-hayan-retornado-al-pais","status":"publish","type":"post","link":"https:\/\/www.europesays.com\/es\/172144\/","title":{"rendered":"Presos palestinos ser\u00e1n liberados cuando Israel confirme que todos los rehenes hayan retornado al pa\u00eds"},"content":{"rendered":"<p>    <img src=\"https:\/\/www.europesays.com\/es\/wp-content\/uploads\/2025\/10\/2025-10-12T163A263A13Z-90154838.jpg\" width=\"1024\" height=\"682\" alt=\"\" loading=\"eager\" decoding=\"sync\" fetchpriority=\"high\"\/><\/p>\n<p>            afp_tickers        <\/p>\n<p>        Este contenido fue publicado en    <\/p>\n<p>        12 octubre 2025 &#8211; 18:26\n<\/p>\n<p>Israel comenzar\u00e1 a liberar a los palestinos presos en c\u00e1rceles israel\u00edes una vez que confirme el retorno al pa\u00eds de todos los rehenes cautivos en Gaza, inform\u00f3 este domingo una portavoz del primer ministro israel\u00ed, Benjamin Netanyahu.<\/p>\n<p>\u00abLos prisioneros palestinos ser\u00e1n liberados una vez que Israel reciba la confirmaci\u00f3n de que todos\u00bb los rehenes, que ser\u00e1n liberados el lunes en ma\u00f1ana, hayan cruzado la frontera hacia territorio israel\u00ed, declar\u00f3 la vocera Shosh Bedrosian a la prensa.\u00a0<\/p>\n<p>En el pasado, durante anteriores altos al fuego del conflicto entre Israel y Ham\u00e1s, los restos de algunos rehenes han sido identificados despu\u00e9s de su retorno a Israel por expertos forenses.<\/p>\n<p>Bedrosian indic\u00f3 que mientras se realiza la identificaci\u00f3n, los presos palestinos estar\u00e1n en autobuses listos para partir.\u00a0<\/p>\n<p>\u00abTan pronto tengamos la confirmaci\u00f3n de que ellos (los rehenes) entraron en territorio israel\u00ed, los autobuses partir\u00e1n\u00bb, agreg\u00f3 la vocera.\u00a0<\/p>\n<p>La portavoz del primer ministro israel\u00ed indic\u00f3 que se espera que la liberaci\u00f3n de los rehenes retenidos en la Franja de Gaza se concrete temprano en la ma\u00f1ana del lunes.\u00a0<\/p>\n<p>\u00abEsperamos que nuestros 20 rehenes vivos sean liberados juntos [y entregados todos] al mismo tiempo a la Cruz Roja y transportados en seis u ocho veh\u00edculos\u00bb, afirm\u00f3 Bedrosian.<\/p>\n<p>Los secuestrados ser\u00e1n entregados a \u00ablas fuerzas situadas en las zonas de Gaza controladas por Israel y, posteriormente, trasladados a la base de Reim, en el sur de Israel, donde se reunir\u00e1n con sus familias\u00bb.<\/p>\n<p>El acuerdo de un cese el fuego entre Israel y Ham\u00e1s que entr\u00f3 en vigor el viernes contempla el canje de los \u00faltimos rehenes que quedan en Gaza por casi 2.000 palestinos recluidos en c\u00e1rceles israel\u00edes, entre ellos 250 presos \u00abpor motivos de seguridad nacional\u00bb.<\/p>\n<p>Netanyahu afirm\u00f3 el viernes que 20 de los rehenes est\u00e1n vivos y 28 fallecieron. Tambi\u00e9n se espera que sean devueltos los restos de un soldado israel\u00ed muerto en 2014 en una guerra anterior en Gaza.<\/p>\n<p>glp-al-jd\/csp\/rnr\/an\/eg<\/p>\n","protected":false},"excerpt":{"rendered":"afp_tickers Este contenido fue publicado en 12 octubre 2025 &#8211; 18:26 Israel comenzar\u00e1 a liberar a los palestinos&hellip;\n","protected":false},"author":2,"featured_media":172145,"comment_status":"","ping_status":"","sticky":false,"template":"","format":"standard","meta":{"footnotes":""},"categories":[42],"tags":[17,18,636,83,13,14,11,61,62,63,86,64,19,20,9,10,15,16,88,90,12,21,22,65,66,67],"class_list":{"0":"post-172144","1":"post","2":"type-post","3":"status-publish","4":"format-standard","5":"has-post-thumbnail","7":"category-internacional","8":"tag-breaking-news","9":"tag-breakingnews","10":"tag-conflict","11":"tag-diplomacy","12":"tag-featured-news","13":"tag-featurednews","14":"tag-headlines","15":"tag-internacional","16":"tag-international","17":"tag-international-news","18":"tag-international-relations","19":"tag-internationalnews","20":"tag-latest-news","21":"tag-latestnews","22":"tag-news","23":"tag-noticias","24":"tag-noticias-destacadas","25":"tag-noticiasdestacadas","26":"tag-politics","27":"tag-ticker","28":"tag-titulares","29":"tag-ultimas-noticias","30":"tag-ultimasnoticias","31":"tag-world","32":"tag-world-news","33":"tag-worldnews"},"share_on_mastodon":{"url":"","error":""},"_links":{"self":[{"href":"https:\/\/www.europesays.com\/es\/wp-json\/wp\/v2\/posts\/172144","targetHints":{"allow":["GET"]}}],"collection":[{"href":"https:\/\/www.europesays.com\/es\/wp-json\/wp\/v2\/posts"}],"about":[{"href":"https:\/\/www.europesays.com\/es\/wp-json\/wp\/v2\/types\/post"}],"author":[{"embeddable":true,"href":"https:\/\/www.europesays.com\/es\/wp-json\/wp\/v2\/users\/2"}],"replies":[{"embeddable":true,"href":"https:\/\/www.europesays.com\/es\/wp-json\/wp\/v2\/comments?post=172144"}],"version-history":[{"count":0,"href":"https:\/\/www.europesays.com\/es\/wp-json\/wp\/v2\/posts\/172144\/revisions"}],"wp:featuredmedia":[{"embeddable":true,"href":"https:\/\/www.europesays.com\/es\/wp-json\/wp\/v2\/media\/172145"}],"wp:attachment":[{"href":"https:\/\/www.europesays.com\/es\/wp-json\/wp\/v2\/media?parent=172144"}],"wp:term":[{"taxonomy":"category","embeddable":true,"href":"https:\/\/www.europesays.com\/es\/wp-json\/wp\/v2\/categories?post=172144"},{"taxonomy":"post_tag","embeddable":true,"href":"https:\/\/www.europesays.com\/es\/wp-json\/wp\/v2\/tags?post=172144"}],"curies":[{"name":"wp","href":"https:\/\/api.w.org\/{rel}","templated":true}]}}