{"id":172150,"date":"2025-10-12T16:59:08","date_gmt":"2025-10-12T16:59:08","guid":{"rendered":"https:\/\/www.europesays.com\/es\/172150\/"},"modified":"2025-10-12T16:59:08","modified_gmt":"2025-10-12T16:59:08","slug":"el-viveros-herol-nava-no-encuentra-el-camino","status":"publish","type":"post","link":"https:\/\/www.europesays.com\/es\/172150\/","title":{"rendered":"El Viveros Herol Nava no encuentra el camino"},"content":{"rendered":"<p>El Balonmano Nava sigue sin encontrar el camino lejos del Guerreros Naveros y encaj\u00f3 una dolorosa derrota ante el Caser\u00edo Ciudad Real (30-27), un reci\u00e9n ascendido que aprovech\u00f3 al m\u00e1ximo sus virtudes y supo castigar las debilidades de un conjunto navero, todav\u00eda en plena fase de construcci\u00f3n y con muchos aspectos por ajustar, que fue siempre a remolque, ofreci\u00f3 una versi\u00f3n gris sobre el Quijote Arena y a ojos de la clasificaci\u00f3n se ha metido de lleno en una situaci\u00f3n delicada a pesar de llevar tan solo cinco jornadas de competici\u00f3n.<\/p>\n<p>El choque comenz\u00f3 con un Caser\u00edo m\u00e1s enchufado, que no tard\u00f3 en poner tierra de por medio gracias a un parcial de 3-0. El equipo local encontr\u00f3 pronto el camino hacia el gol, mientras que Balonmano Nava mostraba dudas tanto en la circulaci\u00f3n como en defensa. La exclusi\u00f3n de Omar Sherif permiti\u00f3 una t\u00edmida reacci\u00f3n navera que logr\u00f3 igualar el marcador (3-3), pero fue un espejismo. Con Sherif de nuevo en pista, los locales retomaron el mando con un parcial de 4-0, colocando el 7-3 en el electr\u00f3nico.<\/p>\n<p>Rachas alternas con Caser\u00edo al frente<\/p>\n<p>La defensa navera, inc\u00f3moda y poco s\u00f3lida, no lograba frenar el ataque manchego, especialmente en las conexiones con el pivote, donde Omar Sherif se erigi\u00f3 en un dolor de cabeza constante. En ataque, los segovianos tampoco ofrec\u00edan soluciones: imprecisos, sin fluidez ni ideas claras, y muy err\u00e1ticos ante un Giovagnola que empezaba a marcar diferencias bajo palos.<\/p>\n<p>Ante el 7-3, Senovilla se vio obligado a parar el partido. La pizarra surti\u00f3 efecto y el Balonmano Nava, empujado por una mejora defensiva y por las intervenciones de Mateus Buda, devolvi\u00f3 el parcial (0-4), empatando nuevamente el duelo (7-7). Sin embargo, el equipo navero no logr\u00f3 asentarse. El Caser\u00edo, con Alonso Moreno asumiendo responsabilidades en ataque, volvi\u00f3 a castigar los errores de un conjunto de \u00c1lvaro Senovilla inc\u00f3modo que, en cuanto bajaba un punto el nivel, volv\u00eda a pagar caro cada despiste. Antes del descanso, los segovianos sufrieron otra exclusi\u00f3n, esta vez de Carr\u00f3, lo que permiti\u00f3 a Caser\u00edo mantener su ventaja al descanso (15-11).<\/p>\n<p>La segunda mitad arranc\u00f3 con m\u00e1s ritmo ofensivo por ambos lados. Aunque el conjunto de Santi Urdales no lograba romper definitivamente el partido, el Balonmano Nava tampoco consegu\u00eda acercarse en el marcador. La doble exclusi\u00f3n de Lilian Pasquet y Pablo Herranz complic\u00f3 a\u00fan m\u00e1s el panorama navero, pero el equipo segoviano aguant\u00f3 la inferioridad con entereza manteniendo as\u00ed sus opciones.<\/p>\n<p>Giovagnola, muro infranqueable<\/p>\n<p>No obstante, cuando parec\u00eda que pod\u00eda llegar una nueva reacci\u00f3n, emergi\u00f3 con fuerza la figura del portero Giovagnola, que firm\u00f3 una actuaci\u00f3n estelar y comenz\u00f3 a elevar su porcentaje de paradas. Durante siete minutos consecutivos, neg\u00f3 el gol al Balonmano Nava con varias intervenciones de m\u00e9rito, llevando la renta local hasta los seis goles, la m\u00e1xima del partido.<\/p>\n<p>Ah\u00ed pareci\u00f3 despertar el orgullo navero. Con Brais Gonz\u00e1lez como referente ofensivo, el equipo segoviano recort\u00f3 distancias y se situ\u00f3 a cuatro goles a falta de diez minutos, en un tramo del partido en el que la defensa mejor\u00f3 y el ataque encontr\u00f3 espacios. Sin embargo, Santi Urdiales detuvo el partido con un tiempo muerto que fue clave para cortar el intento de remontada navera.<\/p>\n<p>En el tramo final, el partido entr\u00f3 en una fase de alternancia en la que el cron\u00f3metro jugaba claramente en contra del Balonmano Nava. La defensa segu\u00eda sin ofrecer garant\u00edas y, aunque en ataque los de Senovilla mejoraron, no fue suficiente. A cinco minutos del final, el marcador se\u00f1alaba un 26-22 que ya parec\u00eda casi definitivo. Ya en los \u00faltimos compases, el Balonmano Nava maquill\u00f3 el resultado, pero no pudo evitar otra oportunidad perdida ante un rival directo en un partido en el que el conjunto navero mostr\u00f3 voluntad, aunque no argumentos s\u00f3lidos para pelear por el triunfo.<\/p>\n<p>De esta manera, el Viveros Herol Nava contin\u00faa sin encontrar su mejor versi\u00f3n fuera de casa y encadena su tercera derrota consecutiva en un inicio de temporada que empieza a dejar se\u00f1ales de alarma. Con una plantilla a\u00fan por ensamblar y una liga que no espera, el equipo navero debe reaccionar cuanto antes.<\/p>\n","protected":false},"excerpt":{"rendered":"El Balonmano Nava sigue sin encontrar el camino lejos del Guerreros Naveros y encaj\u00f3 una dolorosa derrota ante&hellip;\n","protected":false},"author":2,"featured_media":172151,"comment_status":"","ping_status":"","sticky":false,"template":"","format":"standard","meta":{"footnotes":""},"categories":[278],"tags":[376,168,25,24,375,23,167],"class_list":{"0":"post-172150","1":"post","2":"type-post","3":"status-publish","4":"format-standard","5":"has-post-thumbnail","7":"category-balonmano","8":"tag-balonmano","9":"tag-deportes","10":"tag-es","11":"tag-espana","12":"tag-handball","13":"tag-spain","14":"tag-sports"},"share_on_mastodon":{"url":"","error":""},"_links":{"self":[{"href":"https:\/\/www.europesays.com\/es\/wp-json\/wp\/v2\/posts\/172150","targetHints":{"allow":["GET"]}}],"collection":[{"href":"https:\/\/www.europesays.com\/es\/wp-json\/wp\/v2\/posts"}],"about":[{"href":"https:\/\/www.europesays.com\/es\/wp-json\/wp\/v2\/types\/post"}],"author":[{"embeddable":true,"href":"https:\/\/www.europesays.com\/es\/wp-json\/wp\/v2\/users\/2"}],"replies":[{"embeddable":true,"href":"https:\/\/www.europesays.com\/es\/wp-json\/wp\/v2\/comments?post=172150"}],"version-history":[{"count":0,"href":"https:\/\/www.europesays.com\/es\/wp-json\/wp\/v2\/posts\/172150\/revisions"}],"wp:featuredmedia":[{"embeddable":true,"href":"https:\/\/www.europesays.com\/es\/wp-json\/wp\/v2\/media\/172151"}],"wp:attachment":[{"href":"https:\/\/www.europesays.com\/es\/wp-json\/wp\/v2\/media?parent=172150"}],"wp:term":[{"taxonomy":"category","embeddable":true,"href":"https:\/\/www.europesays.com\/es\/wp-json\/wp\/v2\/categories?post=172150"},{"taxonomy":"post_tag","embeddable":true,"href":"https:\/\/www.europesays.com\/es\/wp-json\/wp\/v2\/tags?post=172150"}],"curies":[{"name":"wp","href":"https:\/\/api.w.org\/{rel}","templated":true}]}}