{"id":172166,"date":"2025-10-12T17:08:09","date_gmt":"2025-10-12T17:08:09","guid":{"rendered":"https:\/\/www.europesays.com\/es\/172166\/"},"modified":"2025-10-12T17:08:09","modified_gmt":"2025-10-12T17:08:09","slug":"un-12-de-octubre-historico-para-la-familia-real-los-reyes-felipe-y-letizia-presiden-por-primera-vez-con-la-princesa-leonor-y-la-infanta-sofia-la-recepcion-del-palacio-real","status":"publish","type":"post","link":"https:\/\/www.europesays.com\/es\/172166\/","title":{"rendered":"Un 12 de octubre hist\u00f3rico para la Familia Real: los reyes Felipe y Letizia presiden por primera vez con la princesa Leonor y la infanta Sof\u00eda la recepci\u00f3n del Palacio Real"},"content":{"rendered":"<p>A su llegada, unos minutos antes del rey, el presidente S\u00e1nchez salud\u00f3 a la ministra de Defensa, <strong>Margarita Robles<\/strong>, y a continuaci\u00f3n estrech\u00f3 con frialdad la mano de <a href=\"https:\/\/www.revistavanityfair.es\/poder\/articulos\/isabel-diaz-ayuso-portada-entrevista\/48477\" rel=\"nofollow noopener\" target=\"_blank\"><strong>Isabel D\u00edaz Ayuso<\/strong><\/a> en plena batalla pol\u00edtica (entre otras razones por la investigaci\u00f3n y filtraci\u00f3n de los presuntos delitos fiscales cometidos por el novio de la presidenta de Madrid). S\u00e1nchez acudi\u00f3 al desfile y al besamanos con la sombra de las acusaciones judiciales que pesan sobre su entorno familiar y pol\u00edtico: con su esposa Bego\u00f1a investigada, su hermano David procesado, su ex secretario de Organizaci\u00f3n <a href=\"https:\/\/www.revistavanityfair.es\/articulos\/santos-cerdan-el-numero-tres-del-psoe-cuya-implicacion-en-el-caso-koldo-ha-desatado-un-terremoto-en-el-gobierno\" rel=\"nofollow noopener\" target=\"_blank\"><strong>Santos Cerd\u00e1n<\/strong><\/a> en prisi\u00f3n sin fianza, su ex ministro de Fomento encausado por pertenencia a organizaci\u00f3n criminal y el fiscal general del Estado imputado.<\/p>\n<p><img decoding=\"async\" alt=\"El presidente del Gobierno Pedro Snchez\" loading=\"lazy\" class=\"ResponsiveImageContainer-eNxvmU cfBbTk responsive-image__image\"   src=\"https:\/\/www.europesays.com\/es\/wp-content\/uploads\/2025\/10\/GettyImages-2240559033.jpg\"\/><\/p>\n<p>El presidente del Gobierno, Pedro S\u00e1nchez<\/p>\n<p>Carlos Alvarez\/Getty Images<\/p>\n<p>La presidenta de la Comunidad de Madrid, por su parte, se encontr\u00f3 con el presidente de su partido, <a href=\"https:\/\/www.revistavanityfair.es\/articulos\/alberto-nunez-feijoo-entrevista-isabel-diaz-ayuso-eva-cardenas\" rel=\"nofollow noopener\" target=\"_blank\"><strong>Alberto N\u00fa\u00f1ez-Feij\u00f3o<\/strong><\/a>, tras el pulso mantenido por ambos a cuenta del derecho de las mujeres a abortar mientras que este no coincidi\u00f3 con S\u00e1nchez cuatro d\u00edas despu\u00e9s de anunciar que le citar\u00e1 a declarar en el Senado por presunta financiaci\u00f3n ilegal del PSOE.<\/p>\n<p>Quien no quiso cruzarse con el presidente del Gobierno fue <strong>Santiago Abascal<\/strong> (Vox), que d\u00edas antes anunci\u00f3 que no acudir\u00eda a la tribuna de autoridades para no tener \u201cque compartir espacio ni blanquear\u201d al Ejecutivo. Tampoco acudi\u00f3 a Palacio unas semanas despu\u00e9s del comentado <a href=\"https:\/\/www.revistavanityfair.es\/articulos\/el-rey-felipe-vi-exige-a-israel-que-detenga-la-masacre-de-gaza-en-su-discurso-ante-la-onu\" rel=\"nofollow noopener\" target=\"_blank\">discurso de Felipe VI ante la ONU<\/a> que cuadros pol\u00edticos del partido verde dejaron claro que no hab\u00eda sido de su agrado. En aquella alocuci\u00f3n, el rey critic\u00f3 muy duramente la barbarie de Israel en Gaza y conden\u00f3 los atentados de Ham\u00e1s sobre la poblaci\u00f3n israel\u00ed. La ausencia de Abascal se suma a las habituales por parte de los partidos republicanos e independentistas<\/p>\n<p>Este a\u00f1o, adem\u00e1s, los presidentes de Comunidad Valenciana, Murcia e Illes Balears se quedaron en sus respectivos territorios haciendo seguimiento de las lluvias ca\u00eddas el d\u00eda anterior, mientras que los representantes de La Rioja y Canarias acudieron a actos propios de sus comunidades. El lehendakari vasco sigui\u00f3 con su tradici\u00f3n de no celebrar el D\u00eda de la Hispanidad.<\/p>\n<p>M\u00e1s de mil invitados<\/p>\n<p>Varios Premios Nacionales de Investigaci\u00f3n (expertos en sociolog\u00eda, qu\u00edmica, gen\u00e9tica e inform\u00e1tica entre otras), Innovaci\u00f3n y Dise\u00f1o, Bellas Artes y Cultura como el m\u00fasico <strong>Jos\u00e9 Merc\u00e9<\/strong> o Juan Ram\u00f3n Rodr\u00edguez (<strong>Jota<\/strong>), l\u00edder del grupo <strong>Los Planetas<\/strong>; los premios Cervantes <strong>\u00c1lvaro Pombo<\/strong> y <strong>Sergio Ram\u00edrez<\/strong>; o rectores de universidades como la presidenta de la CRUE, <strong>Eva Alc\u00f3n<\/strong>, fueron invitados a continuaci\u00f3n del desfile a Palacio junto a un centenar de embajadores y representantes de organizaciones multilaterales, representantes pol\u00edticos parlamentarios, de la judicatura, el Defensor del Pueblo y alcaldes de localidades afectadas por la DANA -algunos de los cuales, sin embargo, no han podido acudir finalmente por la situaci\u00f3n climatol\u00f3gica-.<\/p>\n","protected":false},"excerpt":{"rendered":"A su llegada, unos minutos antes del rey, el presidente S\u00e1nchez salud\u00f3 a la ministra de Defensa, Margarita&hellip;\n","protected":false},"author":2,"featured_media":172167,"comment_status":"","ping_status":"","sticky":false,"template":"","format":"standard","meta":{"footnotes":""},"categories":[174],"tags":[255,146,147,25,24,1887,256,14587,49209,11440,811,23],"class_list":{"0":"post-172166","1":"post","2":"type-post","3":"status-publish","4":"format-standard","5":"has-post-thumbnail","7":"category-famosos","8":"tag-celebrities","9":"tag-entertainment","10":"tag-entretenimiento","11":"tag-es","12":"tag-espana","13":"tag-familia-real-espanola","14":"tag-famosos","15":"tag-felipe-de-borbon","16":"tag-fiesta-nacional","17":"tag-letizia-ortiz","18":"tag-princesa-leonor","19":"tag-spain"},"share_on_mastodon":{"url":"","error":""},"_links":{"self":[{"href":"https:\/\/www.europesays.com\/es\/wp-json\/wp\/v2\/posts\/172166","targetHints":{"allow":["GET"]}}],"collection":[{"href":"https:\/\/www.europesays.com\/es\/wp-json\/wp\/v2\/posts"}],"about":[{"href":"https:\/\/www.europesays.com\/es\/wp-json\/wp\/v2\/types\/post"}],"author":[{"embeddable":true,"href":"https:\/\/www.europesays.com\/es\/wp-json\/wp\/v2\/users\/2"}],"replies":[{"embeddable":true,"href":"https:\/\/www.europesays.com\/es\/wp-json\/wp\/v2\/comments?post=172166"}],"version-history":[{"count":0,"href":"https:\/\/www.europesays.com\/es\/wp-json\/wp\/v2\/posts\/172166\/revisions"}],"wp:featuredmedia":[{"embeddable":true,"href":"https:\/\/www.europesays.com\/es\/wp-json\/wp\/v2\/media\/172167"}],"wp:attachment":[{"href":"https:\/\/www.europesays.com\/es\/wp-json\/wp\/v2\/media?parent=172166"}],"wp:term":[{"taxonomy":"category","embeddable":true,"href":"https:\/\/www.europesays.com\/es\/wp-json\/wp\/v2\/categories?post=172166"},{"taxonomy":"post_tag","embeddable":true,"href":"https:\/\/www.europesays.com\/es\/wp-json\/wp\/v2\/tags?post=172166"}],"curies":[{"name":"wp","href":"https:\/\/api.w.org\/{rel}","templated":true}]}}