{"id":172186,"date":"2025-10-12T17:20:08","date_gmt":"2025-10-12T17:20:08","guid":{"rendered":"https:\/\/www.europesays.com\/es\/172186\/"},"modified":"2025-10-12T17:20:08","modified_gmt":"2025-10-12T17:20:08","slug":"clases-suspendidas-en-valencia-el-lunes-13-de-octubre-por-la-alerta-de-lluvias-listado-completo","status":"publish","type":"post","link":"https:\/\/www.europesays.com\/es\/172186\/","title":{"rendered":"Clases suspendidas en Valencia el lunes 13 de octubre por la alerta de lluvias: listado completo"},"content":{"rendered":"<p style=\"\"><strong>Valencia<\/strong> y Castell\u00f3n viven este lunes 13 de octubre una nueva jornada con <a href=\"https:\/\/www.abc.es\/espana\/comunidad-valenciana\/\" target=\"_blank\" data-voc-vtm-id=\"in-text-traffic\" title=\"alerta naranja por lluvias\" data-mrf-link=\"www.abc.es\" rel=\"nofollow noopener\">alerta naranja por lluvias<\/a> que podr\u00edan acumular hasta 100 litros por metro cuadrado en doce horas. Tambi\u00e9n estas precipitaciones estar\u00e1n acompa\u00f1adas de tormentas, si bien comenzar\u00e1n en torno a las  &#8230; 10.00 horas, por lo que algunas localidades han comenzado a tomar medidas preventivas este domingo.<\/p>\n<p class=\"voc-p\" style=\"\">La primera instituci\u00f3n que ha suspendido clases ha sido la <strong>Universitat de Valencia<\/strong>, en cuyos campus se ha cancelado toda actividad lectiva por el aviso enviado por Aemet. Despu\u00e9s se han sumado diferentes ayuntamientos, sobre todo de la zona cero de la dana del 29 de octubre.<\/p>\n<p class=\"voc-p\" style=\"\">Uno de ellos ha sido Alfafar, donde adem\u00e1s de anular las clases en colegios tambi\u00e9n se cerrar\u00e1n<strong> parques, jardines y edificios municipales<\/strong>, adem\u00e1s de prohibir la circulaci\u00f3n por t\u00faneles inundables para evitar riesgos a la poblaci\u00f3n. Despu\u00e9s, se han sumado Albal, Massanassa, Catarroja, Alc\u00e0sser y Picassent, a la espera de que m\u00e1s consistorios tomen la misma decisi\u00f3n, como ha sido el caso de Alaqu\u00e0s, Paiporta o Benet\u00fasser.<\/p>\n<p class=\"voc-p\" style=\"\">M\u00e1s tarde, el Ayuntamiento de Valencia ha suspendido las clases en los centros educativos ubicados en zonas inundables y en las pedan\u00edas afectadas por la dana. En el resto de colegios, se recomienda trasladar las actividades previstas al aire libre a espacios de interior.<\/p>\n<p class=\"voc-p\" style=\"\">A continuaci\u00f3n se detalla el <strong>listado completo<\/strong> de municipios de Valencia con clases suspendidas este lunes 13 de octubre:<\/p>\n<p>\nClases suspendidas en Valencia el lunes 13 de octubre\n<\/p>\n<p class=\"voc-p\" style=\"\">-Alaqu\u00e0s<\/p>\n<p class=\"voc-p\" style=\"\">-Albal<\/p>\n<p class=\"voc-p\" style=\"\">-Alc\u00e0sser<\/p>\n<p class=\"voc-p\" style=\"\">-Aldaia<\/p>\n<p class=\"voc-p\" style=\"\">-Alfafar<\/p>\n<p class=\"voc-p\" style=\"\">-Benet\u00fasser<\/p>\n<p class=\"voc-p\" style=\"\">-Catarroja<\/p>\n<p class=\"voc-p\" style=\"\">-Massanassa<\/p>\n<p class=\"voc-p\" style=\"\">-Paiporta<\/p>\n<p class=\"voc-p\" style=\"\">-Picassent<\/p>\n<p class=\"voc-p\" style=\"\">-Sedav\u00ed<\/p>\n<p class=\"voc-p\" style=\"\">-Silla<\/p>\n<p class=\"voc-p\" style=\"\">-Valencia (UV)<\/p>\n<p class=\"voc-p\" style=\"\">-Valencia (pedan\u00edas dana)<\/p>\n<p>\nClases suspendidas en Valencia ciudad el lunes 13 de octubre\n<\/p>\n<p class=\"voc-p\" style=\"\">En concreto, los centros educativos afectados en zonas inundables son CEIP Cam\u00ed de l&#8217;Horta (Benim\u00e1met- Beniferri), CEIP Jos\u00e9 Senent (Massarrojos), IES Isabel de Villena (Valencia), CEIP Vicente Blasco Ib\u00e1\u00f1ez (Valencia), Escola Privada de M\u00fasica de El Palmar (El Palmar), Escola Privada de M\u00fasica Agrupaci\u00f3 Musical (Massarrojos), Centre Estranger Valencia Montessori School (Valencia).<\/p>\n<p class=\"voc-p\" style=\"\">Las escuelas ubicadas en pedan\u00edas afectadas por la dana que no tendr\u00e1n clases este lunes son Centre Privat Nuestra Se\u00f1ora del Rosario (Valencia), CEIP Forn d&#8217;Alcedo (Forn d&#8217;Alcedo), CEIP Padre Manj\u00f3n (Valencia), Escola Privada de M\u00fasica Santa Cecilia Castellar-Oliveral (Castellar-Oliveral), Escola Privada de M\u00fasica C.Instr. Musical Castellar-Oliveral (Castellar-Oliveral), IES El Ravatxol (Castellar-Oliveral), CEIP Castellar-Oliveral (Castellar-Oliveral), Centre Priv. Ed. Inf. 1er Cicle Sambori- La Torre (Valencia), Centre Privat FP Cffolgado (Valencia), CEE P\u00daB. Rosa Ll\u00e1cer (Castellar-Oliveral), Centre Priv. Ed. Inf. 1er Cicle Formiguetes (Castellar-Oliveral) y Escola Privada de M\u00fasica Sedajazz (Valencia).<\/p>\n","protected":false},"excerpt":{"rendered":"Valencia y Castell\u00f3n viven este lunes 13 de octubre una nueva jornada con alerta naranja por lluvias que&hellip;\n","protected":false},"author":2,"featured_media":172187,"comment_status":"","ping_status":"","sticky":false,"template":"","format":"standard","meta":{"footnotes":""},"categories":[8],"tags":[3830,17,18,12275,4399,25,24,13,14,11,19,20,11108,6194,1051,9,10,15,16,9072,23,49821,12,21,22,235],"class_list":{"0":"post-172186","1":"post","2":"type-post","3":"status-publish","4":"format-standard","5":"has-post-thumbnail","7":"category-espana","8":"tag-alerta","9":"tag-breaking-news","10":"tag-breakingnews","11":"tag-clases","12":"tag-completo","13":"tag-es","14":"tag-espana","15":"tag-featured-news","16":"tag-featurednews","17":"tag-headlines","18":"tag-latest-news","19":"tag-latestnews","20":"tag-listado","21":"tag-lluvias","22":"tag-lunes","23":"tag-news","24":"tag-noticias","25":"tag-noticias-destacadas","26":"tag-noticiasdestacadas","27":"tag-octubre","28":"tag-spain","29":"tag-suspendidas","30":"tag-titulares","31":"tag-ultimas-noticias","32":"tag-ultimasnoticias","33":"tag-valencia"},"share_on_mastodon":{"url":"","error":""},"_links":{"self":[{"href":"https:\/\/www.europesays.com\/es\/wp-json\/wp\/v2\/posts\/172186","targetHints":{"allow":["GET"]}}],"collection":[{"href":"https:\/\/www.europesays.com\/es\/wp-json\/wp\/v2\/posts"}],"about":[{"href":"https:\/\/www.europesays.com\/es\/wp-json\/wp\/v2\/types\/post"}],"author":[{"embeddable":true,"href":"https:\/\/www.europesays.com\/es\/wp-json\/wp\/v2\/users\/2"}],"replies":[{"embeddable":true,"href":"https:\/\/www.europesays.com\/es\/wp-json\/wp\/v2\/comments?post=172186"}],"version-history":[{"count":0,"href":"https:\/\/www.europesays.com\/es\/wp-json\/wp\/v2\/posts\/172186\/revisions"}],"wp:featuredmedia":[{"embeddable":true,"href":"https:\/\/www.europesays.com\/es\/wp-json\/wp\/v2\/media\/172187"}],"wp:attachment":[{"href":"https:\/\/www.europesays.com\/es\/wp-json\/wp\/v2\/media?parent=172186"}],"wp:term":[{"taxonomy":"category","embeddable":true,"href":"https:\/\/www.europesays.com\/es\/wp-json\/wp\/v2\/categories?post=172186"},{"taxonomy":"post_tag","embeddable":true,"href":"https:\/\/www.europesays.com\/es\/wp-json\/wp\/v2\/tags?post=172186"}],"curies":[{"name":"wp","href":"https:\/\/api.w.org\/{rel}","templated":true}]}}