{"id":172194,"date":"2025-10-12T17:24:07","date_gmt":"2025-10-12T17:24:07","guid":{"rendered":"https:\/\/www.europesays.com\/es\/172194\/"},"modified":"2025-10-12T17:24:07","modified_gmt":"2025-10-12T17:24:07","slug":"chito-vera-se-juega-su-futuro-en-la-ufc-contra-aiemann-zahabi","status":"publish","type":"post","link":"https:\/\/www.europesays.com\/es\/172194\/","title":{"rendered":"Chito Vera se juega su futuro en la UFC contra Aiemann Zahabi"},"content":{"rendered":"\n<p>El peleador ecuatoriano <b>Marlon \u00abChito\u00bb Vera <\/b>ultima detalles para su regreso a la jaula de la<b> <a href=\"https:\/\/www.ecuavisa.com\/deportes\/ufc\" rel=\"nofollow noopener\" target=\"_blank\">UFC<\/a><\/b>, luego de un a\u00f1o alejado de la acci\u00f3n por una lesi\u00f3n en las costillas que lo dej\u00f3 fuera de su combate ante Mario Bautista en junio pasado. Ahora, totalmente recuperado, <b>Vera <\/b>se prepara para enfrentar al canadiense <b>Aiemann Zahabi <\/b>en un duelo que puede marcar un antes y un despu\u00e9s en su carrera.<\/p>\n<p>En un reciente video compartido en redes sociales, se ve al manabita entrenando intensamente, lanzando golpes y patadas junto a su equipo. Las im\u00e1genes, captadas aparentemente por un dron, muestran tanto el exterior como el interior del gimnasio donde <b>Vera<\/b> pule su t\u00e9cnica a pocos d\u00edas de subir al oct\u00e1gono.<\/p>\n<p><b>Lea<\/b>: <b><a href=\"https:\/\/www.ecuavisa.com\/deportes\/ufc\/asi-quedo-el-rostro-del-ruso-mark-vologdin-tras-perder-contra-adrian-luna-martinetti-en-el-dana-white-s-contender-series-GG10253894\" rel=\"nofollow noopener\" target=\"_blank\">As\u00ed qued\u00f3 el rostro del ruso Mark Vologdin tras perder contra Adri\u00e1n Luna Martinetti en el Dana White\u2019s Contender Series<\/a><\/b><\/p>\n<p>A sus 32 a\u00f1os, Chito llega con la presi\u00f3n de dos derrotas consecutivas ante nombres de peso como<b> Sean O&#8217;Malley<\/b> \u2014actual campe\u00f3n\u2014 y <b>Deiveson Figueiredo.<\/b> Estos tropiezos lo han relegado al s\u00e9ptimo puesto del ranking de peso gallo (135 libras), y una nueva ca\u00edda podr\u00eda complicar seriamente sus aspiraciones dentro de la categor\u00eda.<\/p>\n<p>El combate ante <b>Zahabi,<\/b> actual n\u00famero diez del ranking, ser\u00e1 clave no solo para mantener su posici\u00f3n, sino tambi\u00e9n para volver a aspirar a rivales de \u00e9lite y, eventualmente, a una nueva oportunidad por el t\u00edtulo, algo que todav\u00eda representa un sue\u00f1o pendiente para el ecuatoriano.<\/p>\n<p>\u201cNecesito esta victoria\u201d, ha dicho en m\u00e1s de una ocasi\u00f3n Vera, consciente de que el margen de error se reduce conforme avanza su carrera en la \u00e9lite de las artes marciales mixtas. El manabita ha sido uno de los referentes latinoamericanos m\u00e1s consistentes en la UFC, y ahora busca demostrar que a\u00fan tiene mucho por dar.<\/p>\n<p>El pr\u00f3ximo combate no solo ser\u00e1 un reto f\u00edsico, sino tambi\u00e9n mental. Una victoria lo podr\u00eda relanzar en una divisi\u00f3n altamente competitiva, mientras que una derrota encender\u00eda las alarmas sobre su futuro inmediato.<\/p>\n<p>Todo est\u00e1 listo para el regreso de <b>Chito Vera<\/b>. Su entrenamiento lo refleja: intensidad, enfoque y hambre de victoria.<\/p>\n","protected":false},"excerpt":{"rendered":"El peleador ecuatoriano Marlon \u00abChito\u00bb Vera ultima detalles para su regreso a la jaula de la UFC, luego&hellip;\n","protected":false},"author":2,"featured_media":172195,"comment_status":"","ping_status":"","sticky":false,"template":"","format":"standard","meta":{"footnotes":""},"categories":[276],"tags":[15987,168,25,24,23,167,343],"class_list":{"0":"post-172194","1":"post","2":"type-post","3":"status-publish","4":"format-standard","5":"has-post-thumbnail","7":"category-ufc","8":"tag-40-minutos","9":"tag-deportes","10":"tag-es","11":"tag-espana","12":"tag-spain","13":"tag-sports","14":"tag-ufc"},"share_on_mastodon":{"url":"","error":""},"_links":{"self":[{"href":"https:\/\/www.europesays.com\/es\/wp-json\/wp\/v2\/posts\/172194","targetHints":{"allow":["GET"]}}],"collection":[{"href":"https:\/\/www.europesays.com\/es\/wp-json\/wp\/v2\/posts"}],"about":[{"href":"https:\/\/www.europesays.com\/es\/wp-json\/wp\/v2\/types\/post"}],"author":[{"embeddable":true,"href":"https:\/\/www.europesays.com\/es\/wp-json\/wp\/v2\/users\/2"}],"replies":[{"embeddable":true,"href":"https:\/\/www.europesays.com\/es\/wp-json\/wp\/v2\/comments?post=172194"}],"version-history":[{"count":0,"href":"https:\/\/www.europesays.com\/es\/wp-json\/wp\/v2\/posts\/172194\/revisions"}],"wp:featuredmedia":[{"embeddable":true,"href":"https:\/\/www.europesays.com\/es\/wp-json\/wp\/v2\/media\/172195"}],"wp:attachment":[{"href":"https:\/\/www.europesays.com\/es\/wp-json\/wp\/v2\/media?parent=172194"}],"wp:term":[{"taxonomy":"category","embeddable":true,"href":"https:\/\/www.europesays.com\/es\/wp-json\/wp\/v2\/categories?post=172194"},{"taxonomy":"post_tag","embeddable":true,"href":"https:\/\/www.europesays.com\/es\/wp-json\/wp\/v2\/tags?post=172194"}],"curies":[{"name":"wp","href":"https:\/\/api.w.org\/{rel}","templated":true}]}}