{"id":172198,"date":"2025-10-12T17:26:07","date_gmt":"2025-10-12T17:26:07","guid":{"rendered":"https:\/\/www.europesays.com\/es\/172198\/"},"modified":"2025-10-12T17:26:07","modified_gmt":"2025-10-12T17:26:07","slug":"rafa-nadal-desvela-una-intimidad-que-le-costo-un-roland-garros-fue-una-gran-leccion","status":"publish","type":"post","link":"https:\/\/www.europesays.com\/es\/172198\/","title":{"rendered":"Rafa Nadal desvela una intimidad que le cost\u00f3 un Roland Garros: \u00abFue una gran lecci\u00f3n\u00bb"},"content":{"rendered":"<p data-gtm-element-container=\"modulo-texto-link\" class=\"paragraph\"><a href=\"https:\/\/www.mundodeportivo.com\/temas\/rafa-nadal\" rel=\"nofollow noopener\" target=\"_blank\"><strong>Rafa Nadal<\/strong> <\/a>anunci\u00f3 su retirada del tenis profesional hace un a\u00f1o. Despu\u00e9s de los Juegos Ol\u00edmpicos de Par\u00eds y de tomarse unas semanas de reflexi\u00f3n sobre su futuro, decidi\u00f3 colgar la raqueta en el \u00faltimo acto de la temporada oficial de 2024, la Final a 8 de Copa Davis, en M\u00e1laga y de mal recuerdo por su derrota ante<strong> Botic Van de Zandschulp<\/strong> y la eliminaci\u00f3n de Espa\u00f1a ante Pa\u00edses Bajos. Todo acab\u00f3 con un acto improvisado de homenaje que fue tan triste como deslucido.<\/p>\n<p data-gtm-element-container=\"modulo-texto-link\" class=\"paragraph\">Pero Nadal no pone peros, \u00abporque me siento un afortunado de la vida por todo lo que me ha dado\u00bb. Adem\u00e1s, tuvo un homenaje a su altura en Roland Garros 2025, en la tierra batida donde forj\u00f3 la parte m\u00e1s importante de su leyenda.\u00a0<\/p>\n<p data-gtm-element-container=\"modulo-texto-link\" class=\"paragraph\">Los reconocimientos se suceden para Nadal, que unos d\u00edas atr\u00e1s <a href=\"https:\/\/www.mundodeportivo.com\/tenis\/20251003\/1002544053\/rafa-nadal-nuevo-doctor-honoris-causa-universidad-salamanca.html\" rel=\"nofollow noopener\" target=\"_blank\">fue investido doctor honoris causa por la <strong>Universidad de Salamanca<\/strong><\/a>. All\u00ed, en su discurso, desvel\u00f3 una intimidad que le cost\u00f3 un <strong>Roland Garros<\/strong>. Qued\u00f3 abortado su primer viaje al templo de la tierra batida.<\/p>\n<blockquote class=\"twitter-tweet\" data-lang=\"es\"><p>\n<a href=\"https:\/\/twitter.com\/usal\/status\/1974078388399976547\" rel=\"nofollow noopener\" target=\"_blank\">\n<\/p><\/blockquote>\n<p data-gtm-element-container=\"modulo-texto-link\" class=\"paragraph\">Se perdi\u00f3 su estreno en la categor\u00eda j\u00fanior, que no lleg\u00f3 a disputar nunca. En 2004 estaba preparado para el debut profesional en Par\u00eds, pero sufri\u00f3 una lesi\u00f3n en el pie derecho. Un anticipo de su dolencia cr\u00f3nica, que determin\u00f3 su lucha continua contra la adversidad f\u00edsica. S\u00ed pudo jugar en 2005, donde consigui\u00f3 ya el primero de sus catorce t\u00edtulos, que tuvieron mucho peso en la conquista de los 22 Grand Slams totales.<\/p>\n<p data-gtm-element-container=\"modulo-texto-link\" class=\"paragraph\">Para un Rafa Nadal adolescente, ya sonando como figura de futuro, perderse el sub-18 de Roland Garros supuso un golpe duro, porque no hab\u00eda impedimento alguno, s\u00ed una decisi\u00f3n de sus padres, <strong>Sebasti\u00e0 y Ana Maria<\/strong>. \u00abEstaba muy ilusionado. Con 15 a\u00f1os por aquel entonces fue muy dif\u00edcil de entender, ten\u00eda delante la posibilidad de jugar un Grand Slam. A pesar de mi decepci\u00f3n, mis padres se mantuvieron firmes y finalmente no jugu\u00e9\u00bb, relat\u00f3 a los asistentes del acto.<\/p>\n<p data-gtm-element-container=\"modulo-texto-link\" class=\"paragraph\">Le cost\u00f3 asimilarlo, pero \u00abcon el tiempo he comprendido que aquella decisi\u00f3n fue una gran lecci\u00f3n y hoy les doy las gracias porque me ayudaron a terminar mi educaci\u00f3n obligatoria y me ense\u00f1aron que ninguno de estos objetivos deportivos puede estar por encima de los valores\u00bb, subray\u00f3.<\/p>\n<p>    Lee tambi\u00e9n<\/p>\n<p data-gtm-element-container=\"modulo-texto-link\" class=\"paragraph\">Una de las caracter\u00edsticas de<strong> Rafa Nadal <\/strong>ha sido su capacidad de trabajo, basada en afrontar con voluntad de superaci\u00f3n cada obst\u00e1culo en el camino. Supo aprender de cada victoria y derrota. \u00abNada se consigue sin esfuerzo diario, sin compromiso y sin cuidar los peque\u00f1os detalles, de poco sirve so\u00f1ar en grande si no se trabaja con intensidad y con objetivos claros en el d\u00eda a d\u00eda. Es la rutina y el esfuerzo constante y silencioso donde realmente empiezan a forjarse los grandes \u00e9xitos\u00bb, sentenci\u00f3.<\/p>\n<p><script async src=\"https:\/\/platform.twitter.com\/widgets.js\" charset=\"utf-8\"><\/script><\/p>\n","protected":false},"excerpt":{"rendered":"Rafa Nadal anunci\u00f3 su retirada del tenis profesional hace un a\u00f1o. Despu\u00e9s de los Juegos Ol\u00edmpicos de Par\u00eds&hellip;\n","protected":false},"author":2,"featured_media":172199,"comment_status":"","ping_status":"","sticky":false,"template":"","format":"standard","meta":{"footnotes":""},"categories":[274],"tags":[168,25,24,23,167,327,326],"class_list":{"0":"post-172198","1":"post","2":"type-post","3":"status-publish","4":"format-standard","5":"has-post-thumbnail","7":"category-tenis","8":"tag-deportes","9":"tag-es","10":"tag-espana","11":"tag-spain","12":"tag-sports","13":"tag-tenis","14":"tag-tennis"},"share_on_mastodon":{"url":"","error":""},"_links":{"self":[{"href":"https:\/\/www.europesays.com\/es\/wp-json\/wp\/v2\/posts\/172198","targetHints":{"allow":["GET"]}}],"collection":[{"href":"https:\/\/www.europesays.com\/es\/wp-json\/wp\/v2\/posts"}],"about":[{"href":"https:\/\/www.europesays.com\/es\/wp-json\/wp\/v2\/types\/post"}],"author":[{"embeddable":true,"href":"https:\/\/www.europesays.com\/es\/wp-json\/wp\/v2\/users\/2"}],"replies":[{"embeddable":true,"href":"https:\/\/www.europesays.com\/es\/wp-json\/wp\/v2\/comments?post=172198"}],"version-history":[{"count":0,"href":"https:\/\/www.europesays.com\/es\/wp-json\/wp\/v2\/posts\/172198\/revisions"}],"wp:featuredmedia":[{"embeddable":true,"href":"https:\/\/www.europesays.com\/es\/wp-json\/wp\/v2\/media\/172199"}],"wp:attachment":[{"href":"https:\/\/www.europesays.com\/es\/wp-json\/wp\/v2\/media?parent=172198"}],"wp:term":[{"taxonomy":"category","embeddable":true,"href":"https:\/\/www.europesays.com\/es\/wp-json\/wp\/v2\/categories?post=172198"},{"taxonomy":"post_tag","embeddable":true,"href":"https:\/\/www.europesays.com\/es\/wp-json\/wp\/v2\/tags?post=172198"}],"curies":[{"name":"wp","href":"https:\/\/api.w.org\/{rel}","templated":true}]}}