{"id":172232,"date":"2025-10-12T17:46:08","date_gmt":"2025-10-12T17:46:08","guid":{"rendered":"https:\/\/www.europesays.com\/es\/172232\/"},"modified":"2025-10-12T17:46:08","modified_gmt":"2025-10-12T17:46:08","slug":"fuengirola-vuelve-a-abrir-su-plaza-de-toros-con-lleno-absoluto-en-su-feria-del-rosario","status":"publish","type":"post","link":"https:\/\/www.europesays.com\/es\/172232\/","title":{"rendered":"Fuengirola vuelve a abrir su plaza de toros con lleno absoluto en su Feria del Rosario"},"content":{"rendered":"<p><strong>La plaza de toros de Fuengirola<\/strong> ha vuelto a sentir el pulso de la afici\u00f3n. Tres a\u00f1os despu\u00e9s de su \u00faltima actividad, el hist\u00f3rico coso de la ciudad malague\u00f1a ha reabierto sus puertas coincidiendo con la Feria de la Virgen del Rosario, patrona de la localidad. El regreso se ha producido con un lleno en los tendidos y un ambiente de ilusi\u00f3n que recordaba los grandes d\u00edas de su historia.<\/p>\n<p><strong>Bajo la nueva propiedad del edificio<\/strong>, el festejo se ha desarrollado con car\u00e1cter de exhibici\u00f3n, sin la muerte de las reses por imposici\u00f3n expresa de los propietarios, siendo los trofeos concedidos de manera simb\u00f3lica.<\/p>\n<p>La Escuela Taurina Costa del Sol ha sido la protagonista del cartel, presentando a varios de sus alumnos junto a j\u00f3venes de otros centros andaluces. El acto ha comenzado con una exhibici\u00f3n ecuestre a cargo de los jinetes \u00c1lvaro Alconchel, Elsa Blanco y Salvador Jaime, que <strong>han hecho gala de elegancia y destreza a lomos de sus caballos<\/strong>.<\/p>\n<p>Posteriormente <strong>se han lidiado un eral y cinco a\u00f1ojos<\/strong> de Roc\u00edo de la C\u00e1mara, con nobleza y buen juego en general. El novillero con picadores Samuel Ortiz, natural de Fuengirola, ha sido el encargado de impartir una clase magistral ante un p\u00fablico entregado, cuajando una faena de madurez y temple que le vali\u00f3 el reconocimiento de dos orejas simb\u00f3licas.<\/p>\n<p>El resto de los alumnos participantes han mostrado su evoluci\u00f3n y valor en el ruedo:<\/p>\n<p><strong>H\u00e9ctor Nieto<\/strong> (E.T. Ronda), dos orejas.<\/p>\n<p><strong>Diego Berenguer <\/strong>(E.T. Costa del Sol), una oreja.<\/p>\n<p><strong>Manuel Villatoro<\/strong> (E.T. Costa del Sol), dos orejas.<\/p>\n<p><strong>Francisco Porras<\/strong> (E.T. Costa del Sol), dos orejas y rabo.<\/p>\n<p><strong>S\u00e1nchez Palencia<\/strong> (E.T. Costa del Sol), dos orejas.<\/p>\n<p>El festejo ha supuesto <strong>un renacer taurino para Fuengirola<\/strong>, que recupera as\u00ed la actividad en su plaza de toros con un formato adaptado a las nuevas circunstancias, pero conservando intacto el esp\u00edritu y la emoci\u00f3n de la tauromaquia.<\/p>\n","protected":false},"excerpt":{"rendered":"La plaza de toros de Fuengirola ha vuelto a sentir el pulso de la afici\u00f3n. Tres a\u00f1os despu\u00e9s&hellip;\n","protected":false},"author":2,"featured_media":172233,"comment_status":"","ping_status":"","sticky":false,"template":"","format":"standard","meta":{"footnotes":""},"categories":[277],"tags":[373,168,25,24,23,167,374],"class_list":{"0":"post-172232","1":"post","2":"type-post","3":"status-publish","4":"format-standard","5":"has-post-thumbnail","7":"category-toreo","8":"tag-bullfighting","9":"tag-deportes","10":"tag-es","11":"tag-espana","12":"tag-spain","13":"tag-sports","14":"tag-toreo"},"share_on_mastodon":{"url":"","error":""},"_links":{"self":[{"href":"https:\/\/www.europesays.com\/es\/wp-json\/wp\/v2\/posts\/172232","targetHints":{"allow":["GET"]}}],"collection":[{"href":"https:\/\/www.europesays.com\/es\/wp-json\/wp\/v2\/posts"}],"about":[{"href":"https:\/\/www.europesays.com\/es\/wp-json\/wp\/v2\/types\/post"}],"author":[{"embeddable":true,"href":"https:\/\/www.europesays.com\/es\/wp-json\/wp\/v2\/users\/2"}],"replies":[{"embeddable":true,"href":"https:\/\/www.europesays.com\/es\/wp-json\/wp\/v2\/comments?post=172232"}],"version-history":[{"count":0,"href":"https:\/\/www.europesays.com\/es\/wp-json\/wp\/v2\/posts\/172232\/revisions"}],"wp:featuredmedia":[{"embeddable":true,"href":"https:\/\/www.europesays.com\/es\/wp-json\/wp\/v2\/media\/172233"}],"wp:attachment":[{"href":"https:\/\/www.europesays.com\/es\/wp-json\/wp\/v2\/media?parent=172232"}],"wp:term":[{"taxonomy":"category","embeddable":true,"href":"https:\/\/www.europesays.com\/es\/wp-json\/wp\/v2\/categories?post=172232"},{"taxonomy":"post_tag","embeddable":true,"href":"https:\/\/www.europesays.com\/es\/wp-json\/wp\/v2\/tags?post=172232"}],"curies":[{"name":"wp","href":"https:\/\/api.w.org\/{rel}","templated":true}]}}