{"id":172281,"date":"2025-10-12T18:14:08","date_gmt":"2025-10-12T18:14:08","guid":{"rendered":"https:\/\/www.europesays.com\/es\/172281\/"},"modified":"2025-10-12T18:14:08","modified_gmt":"2025-10-12T18:14:08","slug":"la-reflexion-de-un-exjefe-de-la-f1-sobre-la-llegada-de-verstappen-a-aston-martin-el-talento-de-alonso","status":"publish","type":"post","link":"https:\/\/www.europesays.com\/es\/172281\/","title":{"rendered":"La reflexi\u00f3n de un exjefe de la F1 sobre la llegada de Verstappen a Aston Martin: \u00abEl talento de Alonso&#8230;\u00bb"},"content":{"rendered":"<p class=\"L6-news-detail__text\"><b><a title=\"Fernando Alonso\" href=\"https:\/\/www.lasexta.com\/noticias\/deportes\/motor\/formula1\/llamativa-afirmacion-palou-caso-mclaren-alonso-uno-mejores_2025101168eaa8020e3c6c50982fe30a.html\" target=\"_blank\" rel=\"nofollow noopener\">Fernando Alonso<\/a><\/b> solt\u00f3 la bomba hace unas semanas. El asturiano dej\u00f3 entrever que si <b>2026<\/b> era un a\u00f1o positivo en cuanto a resultados, podr\u00eda dejar la <b><a title=\"F\u00f3rmula 1\" href=\"https:\/\/www.lasexta.com\/noticias\/deportes\/motor\/formula1\/cambio-radical-aston-martin-construir-coche-fernando-alonso-2026-podemos-copiar_2025101068e8dabe9c028a4cad2e790d.html\" target=\"_blank\" rel=\"nofollow noopener\">F\u00f3rmula 1<\/a><\/b> y retirarse despu\u00e9s de una carrera de m\u00e1s de dos d\u00e9cadas en la \u00e9lite del automovilismo.<\/p>\n<p class=\"L6-news-detail__text\">Seg\u00fan las predicciones, <b><a title=\"Aston Martin\" href=\"https:\/\/www.lasexta.com\/noticias\/deportes\/motor\/formula1\/cambio-radical-aston-martin-construir-coche-fernando-alonso-2026-podemos-copiar_2025101068e8dabe9c028a4cad2e790d.html\" target=\"_blank\" rel=\"nofollow noopener\">Aston Martin<\/a><\/b> es una de las escuder\u00edas llamadas a dar un paso al frente y aspirar a cosas mucho m\u00e1s grandes que a lo que aspira hoy en d\u00eda. Todos los esfuerzos se est\u00e1n centrando en el desarrollo del monoplaza de 2026. <b>Adrian Newey<\/b> lidera ese proyecto con la ayuda de otros ingenieros de mucho calibre.<\/p>\n<p class=\"L6-news-detail__text\"><b>Alonso<\/b> ser\u00e1 el encargado de poner a prueba de verdad el funcionamiento de un coche que podr\u00eda ser lo suficientemente competitivo para ganar carreras. Sin embargo, tras su &#8216;aviso&#8217; sobre una posible marcha, las informaciones comenzaron a situar a <b><a title=\"Max Verstappen\" href=\"https:\/\/www.lasexta.com\/noticias\/deportes\/motor\/formula1\/red-bull-sacrifica-2026-que-verstappen-pueda-ser-campeon-2025_2025101068e9605ae81f417969434e27.html\" target=\"_blank\" rel=\"nofollow noopener\">Max Verstappen<\/a><\/b> en Aston Martin.<\/p>\n<p class=\"L6-news-detail__text\"><b>Guther Steiner<\/b>, exjefe de Haas, ha analizado este posible cambio. Se tratar\u00eda de uno de los movimientos de la d\u00e9cada en la F\u00f3rmula 1. En caso de la marcha de <b><a title=\"Alonso\" href=\"https:\/\/www.lasexta.com\/noticias\/deportes\/motor\/formula1\/archienemigo-alonso-cambia-bando-apoya-guerra-hamilton-hacer-trampa_2025101068e8a5289c028a4cad2e40a8.html\" target=\"_blank\" rel=\"nofollow noopener\">Alonso<\/a><\/b>, Steiner est\u00e1 convencido de lo que necesitar\u00eda la escuder\u00eda brit\u00e1nico: \u00abEl a\u00f1o que viene (Alonso) ver\u00e1 c\u00f3mo est\u00e1. Se lo tomar\u00e1 a\u00f1o a a\u00f1o. La gente se hace mayor y va viendo <b>c\u00f3mo le sientan determinadas cosas<\/b>\u00ab.<\/p>\n<p class=\"L6-news-detail__text\">\u00abAston Martin, primero, necesita a alguien que le <b>reemplace del mismo talento<\/b>\u00ab, ha asegurado el exdirectivo en unas declaraciones para el medio &#8216;The Red Flag&#8217;.<\/p>\n<p class=\"L6-support-news-video__title\">\u00abSe puede ser optimista\u00bb<\/p>\n<p>            <a href=\"https:\/\/www.lasexta.com\/noticias\/deportes\/motor\/formula1\/donde-puede-llegar-carlos-sainz-williams-ojo-sentencia-alguersuari-jugones_2025100968e7b99e9c028a4cad2d9803.html\" class=\"L6-news__link\" rel=\"nofollow noopener\" target=\"_blank\"><br \/>\n                \u00bfHasta d\u00f3nde puede llegar Carlos Sainz con Williams? Ojo a la sentencia de Alguersuari en &#8216;Jugones&#8217;<\/p>\n<p class=\"recirculation-video-desc\">Jaime Alguersuari ha destacado que \u00abCarlos est\u00e1 en su mejor momento\u00bb y que \u00ab2026 puede ser un gran a\u00f1o para \u00e9l\u00bb.<\/p>\n<p>            <\/a><\/p>\n","protected":false},"excerpt":{"rendered":"Fernando Alonso solt\u00f3 la bomba hace unas semanas. El asturiano dej\u00f3 entrever que si 2026 era un a\u00f1o&hellip;\n","protected":false},"author":2,"featured_media":172282,"comment_status":"","ping_status":"","sticky":false,"template":"","format":"standard","meta":{"footnotes":""},"categories":[270],"tags":[168,25,24,306,271,272,23,167],"class_list":{"0":"post-172281","1":"post","2":"type-post","3":"status-publish","4":"format-standard","5":"has-post-thumbnail","7":"category-formula-1","8":"tag-deportes","9":"tag-es","10":"tag-espana","11":"tag-f1","12":"tag-formula-1","13":"tag-formula1","14":"tag-spain","15":"tag-sports"},"share_on_mastodon":{"url":"","error":""},"_links":{"self":[{"href":"https:\/\/www.europesays.com\/es\/wp-json\/wp\/v2\/posts\/172281","targetHints":{"allow":["GET"]}}],"collection":[{"href":"https:\/\/www.europesays.com\/es\/wp-json\/wp\/v2\/posts"}],"about":[{"href":"https:\/\/www.europesays.com\/es\/wp-json\/wp\/v2\/types\/post"}],"author":[{"embeddable":true,"href":"https:\/\/www.europesays.com\/es\/wp-json\/wp\/v2\/users\/2"}],"replies":[{"embeddable":true,"href":"https:\/\/www.europesays.com\/es\/wp-json\/wp\/v2\/comments?post=172281"}],"version-history":[{"count":0,"href":"https:\/\/www.europesays.com\/es\/wp-json\/wp\/v2\/posts\/172281\/revisions"}],"wp:featuredmedia":[{"embeddable":true,"href":"https:\/\/www.europesays.com\/es\/wp-json\/wp\/v2\/media\/172282"}],"wp:attachment":[{"href":"https:\/\/www.europesays.com\/es\/wp-json\/wp\/v2\/media?parent=172281"}],"wp:term":[{"taxonomy":"category","embeddable":true,"href":"https:\/\/www.europesays.com\/es\/wp-json\/wp\/v2\/categories?post=172281"},{"taxonomy":"post_tag","embeddable":true,"href":"https:\/\/www.europesays.com\/es\/wp-json\/wp\/v2\/tags?post=172281"}],"curies":[{"name":"wp","href":"https:\/\/api.w.org\/{rel}","templated":true}]}}