{"id":172287,"date":"2025-10-12T18:17:09","date_gmt":"2025-10-12T18:17:09","guid":{"rendered":"https:\/\/www.europesays.com\/es\/172287\/"},"modified":"2025-10-12T18:17:09","modified_gmt":"2025-10-12T18:17:09","slug":"me-queda-la-espinita-de-que-conocieras-a-mi-hijo","status":"publish","type":"post","link":"https:\/\/www.europesays.com\/es\/172287\/","title":{"rendered":"Me queda la espinita de que conocieras a mi hijo"},"content":{"rendered":"<p class=\"paragraph\" id=\"paragraph_1\">La actriz <strong>Cristina Casta\u00f1o<\/strong> (46) est\u00e1 destrozada. <a href=\"https:\/\/www.elespanol.com\/bluper\/series\/20251012\/muere-jimmy-shaw-actor-tiempo-costuras-avecina-anos-cancer-pancreas\/1003743965625_0.html?utm_cmp_rs=linksinline\" rel=\"nofollow noopener\" target=\"_blank\">La muerte de<\/a><a href=\"https:\/\/www.elespanol.com\/bluper\/series\/20251012\/muere-jimmy-shaw-actor-tiempo-costuras-avecina-anos-cancer-pancreas\/1003743965625_0.html?utm_cmp_rs=linksinline\" rel=\"nofollow noopener\" target=\"_blank\"> actor Jimmy Shaw<\/a>, que ha fallecido el pasado s\u00e1bado, 11 de octubre, a los 59 a\u00f1os, debido a un<strong> c\u00e1ncer de p\u00e1ncreas.<\/strong><\/p>\n<p class=\"paragraph\" id=\"paragraph_2\">Ambos int\u00e9rpretes eran grandes amigos. Ambos forjaron una bonita relaci\u00f3n despu\u00e9s de trabajar juntos en la serie de televisi\u00f3n<strong> La que se avecina. <\/strong>Shaw interpret\u00f3 el papel de <strong>Matthew<\/strong>, cu\u00f1ado del personaje que encarnaba Casta\u00f1o en la ficci\u00f3n.<\/p>\n<p class=\"paragraph\" id=\"paragraph_3\">El fallecimiento de su compa\u00f1ero ha supuesto un duro varapalo para ella. As\u00ed lo ha hecho saber a trav\u00e9s de sus redes sociales: \u00abHoy se nos ha ido Jimmy Shaw. A pocas personas he visto luchar por la vida como a \u00e9l. <strong>Estamos absolutamente devastados y me cuesta realmente articular un discurso\u00bb,<\/strong> empieza diciendo en un emotivo escrito que ha compartido en su cuenta de Instagram.<\/p>\n<p><img loading=\"lazy\" decoding=\"async\" alt=\"Cristina Casta\u00f1o, en una imagen de El Espa\u00f1ol\/ Cristina Villarino.\" height=\"180\" src=\"https:\/\/www.europesays.com\/es\/wp-content\/uploads\/2025\/10\/831677169_239842299_320x180.jpg\" width=\"320\" data-lazy-status=\"processed\" data-lazy-info=\"remove loading item 1\"\/><\/p>\n<p><img decoding=\"async\" alt=\"Imagen de Jimmy Shaw\" data-imgm=\"true\" height=\"180\" loading=\"lazy\"  src=\"https:\/\/www.europesays.com\/es\/wp-content\/uploads\/2025\/10\/1003743965632_259315380_1024x576.jpg\"  width=\"320\"\/><\/p>\n<p>                                                            Imagen de Jimmy Shaw<\/p>\n<p>                    Mucho Arte Management<\/p>\n<p>Su \u00abdura batalla\u00bb contra el c\u00e1ncer<\/p>\n<p class=\"paragraph\" id=\"paragraph_4\">En su post, que acompa\u00f1a de una <strong>fotograf\u00eda<\/strong> en la que posa junto a Shaw, da las gracias a quienes ayudaron al artista durante su <strong>enfermedad<\/strong>.<\/p>\n<p class=\"paragraph\" id=\"paragraph_5\">Y es que, durante los meses m\u00e1s duros de su dolencia, <strong>Cristina Casta\u00f1o no dud\u00f3 en pedir p\u00fablicamente dinero<\/strong> para ayudarlo a sufragar los elevados costes de la operaci\u00f3n a la que este tuvo que ser sometido.<\/p>\n<p class=\"paragraph\" id=\"paragraph_6\">\u00abPor supuesto, agradecer a todos y cada uno de los que pusisteis vuestro granito de arena (tanto econ\u00f3mico como de buena energ\u00eda) para<strong> poder costear la operaci\u00f3n<\/strong> que, ten\u00edamos la esperanza, le hiciese ganar la dura batalla contra el c\u00e1ncer\u00bb, destaca Casta\u00f1o en su mensaje.<\/p>\n<p><img decoding=\"async\" alt=\"Cristina Casta\u00f1o y Jimmy Shaw, en una imagen de sus redes sociales.\" data-imgm=\"true\" height=\"180\" loading=\"lazy\"  src=\"https:\/\/www.europesays.com\/es\/wp-content\/uploads\/2025\/10\/1003743939586_258971146_1024x576.jpg\"  width=\"320\"\/><\/p>\n<p>                                                            Cristina Casta\u00f1o y Jimmy Shaw, en una imagen de sus redes sociales.<\/p>\n<p>\u00abVuela muy alto\u00bb<\/p>\n<p class=\"paragraph\" id=\"paragraph_7\">Un mensaje en el que lamenta profundamente que la enfermedad de Jimmy Shaw haya terminado con su vida. <strong>\u00abFinalmente no pudo ser, pero fue incre\u00edble y muy emocionante recibir la avalancha de donaciones que disteis<\/strong> y estoy segura de que Jimmy se lleva todo ese cari\u00f1o que le brindasteis\u00bb, subraya.<\/p>\n<p class=\"paragraph\" id=\"paragraph_8\">En su carta lamenta que su amigo y colega no haya podido ver la carita de su ni\u00f1o, <strong>Le\u00f3n<\/strong>, nacido el pasado 24 de agosto: \u00abMy dear brother in law\u00bb, a\u00f1ade. \u00ab<strong>Me quedo con la espinita de que conocieras a mi hijo<\/strong>\u2026 Vamos a tener que esperar para eso, pero\u2026 Todo llega, y todos vamos al mismo sitio, as\u00ed que estoy segura de que le ver\u00e1s antes o despu\u00e9s\u00bb.<\/p>\n<p class=\"paragraph\" id=\"paragraph_9\">\u00abVuela muy alto, querido Jimmy. Y cuida de Frisco desde donde est\u00e9s. Te necesita mucho ahora\u00bb, a\u00f1ade en su emocionado mensaje.<\/p>\n<p class=\"paragraph\" id=\"paragraph_10\">Por \u00faltimo, recuerda que el afecto que siente por quien fue su confidente y compa\u00f1ero de reparto seguir\u00e1 siempre vivo en ella: <strong>\u00abTe quiero y te querr\u00e9 siempre. Te ganaste tu lugar en mi coraz\u00f3n y ese no te lo quita nadie\u00bb.<\/strong><\/p>\n","protected":false},"excerpt":{"rendered":"La actriz Cristina Casta\u00f1o (46) est\u00e1 destrozada. La muerte de actor Jimmy Shaw, que ha fallecido el pasado&hellip;\n","protected":false},"author":2,"featured_media":172288,"comment_status":"","ping_status":"","sticky":false,"template":"","format":"standard","meta":{"footnotes":""},"categories":[174],"tags":[255,146,147,25,24,256,4536,4809,23],"class_list":{"0":"post-172287","1":"post","2":"type-post","3":"status-publish","4":"format-standard","5":"has-post-thumbnail","7":"category-famosos","8":"tag-celebrities","9":"tag-entertainment","10":"tag-entretenimiento","11":"tag-es","12":"tag-espana","13":"tag-famosos","14":"tag-instagram","15":"tag-muertes","16":"tag-spain"},"share_on_mastodon":{"url":"","error":""},"_links":{"self":[{"href":"https:\/\/www.europesays.com\/es\/wp-json\/wp\/v2\/posts\/172287","targetHints":{"allow":["GET"]}}],"collection":[{"href":"https:\/\/www.europesays.com\/es\/wp-json\/wp\/v2\/posts"}],"about":[{"href":"https:\/\/www.europesays.com\/es\/wp-json\/wp\/v2\/types\/post"}],"author":[{"embeddable":true,"href":"https:\/\/www.europesays.com\/es\/wp-json\/wp\/v2\/users\/2"}],"replies":[{"embeddable":true,"href":"https:\/\/www.europesays.com\/es\/wp-json\/wp\/v2\/comments?post=172287"}],"version-history":[{"count":0,"href":"https:\/\/www.europesays.com\/es\/wp-json\/wp\/v2\/posts\/172287\/revisions"}],"wp:featuredmedia":[{"embeddable":true,"href":"https:\/\/www.europesays.com\/es\/wp-json\/wp\/v2\/media\/172288"}],"wp:attachment":[{"href":"https:\/\/www.europesays.com\/es\/wp-json\/wp\/v2\/media?parent=172287"}],"wp:term":[{"taxonomy":"category","embeddable":true,"href":"https:\/\/www.europesays.com\/es\/wp-json\/wp\/v2\/categories?post=172287"},{"taxonomy":"post_tag","embeddable":true,"href":"https:\/\/www.europesays.com\/es\/wp-json\/wp\/v2\/tags?post=172287"}],"curies":[{"name":"wp","href":"https:\/\/api.w.org\/{rel}","templated":true}]}}