{"id":172311,"date":"2025-10-12T18:31:08","date_gmt":"2025-10-12T18:31:08","guid":{"rendered":"https:\/\/www.europesays.com\/es\/172311\/"},"modified":"2025-10-12T18:31:08","modified_gmt":"2025-10-12T18:31:08","slug":"costa-del-sol-aguanta-el-pulso-a-bera-bera-en-la-liga-guerreras-iberdrola","status":"publish","type":"post","link":"https:\/\/www.europesays.com\/es\/172311\/","title":{"rendered":"Costa del Sol aguanta el pulso a Bera Bera en la Liga Guerreras Iberdrola"},"content":{"rendered":"<p data-mrf-recirculation=\"Links P\u00e1rrafos\" class=\"ue-c-article__paragraph paragraph ue-c-article--first-letter-highlighted\">C<strong>osta del Sol M\u00e1laga<\/strong> mantiene el pulso a<strong> Super Amara Bera Bera<\/strong> despu\u00e9s de haber disputado ambos sus encuentros de la sexta jornada de la <strong>Liga Guerreras Iberdrola<\/strong>. El conjunto andaluz bati\u00f3 21-25 a<strong> Rocasa Gran Canaria<\/strong> en una dif\u00edcil salida, manteni\u00e9ndose a un punto del conjunto donostiarra, que a su vez venci\u00f3 22-25 en la pista del<strong> Zonzamas Plus Car Lanzarote<\/strong> el pasado mi\u00e9rcoles.<\/p>\n<p data-mrf-recirculation=\"Links P\u00e1rrafos\" class=\"ue-c-article__paragraph paragraph\">La sexta jornada se disputar\u00e1 a lo largo de varios d\u00edas, concluyendo con el <strong>Atticgo Elche-Caja Rural Aula Valladolid<\/strong> y el <strong>Mecalia At. Guard\u00e9s-Replasa Beti Onak<\/strong> el pr\u00f3ximo d\u00eda 22. En el \u00fanico encuentro disputado el domingo 12, <strong>Morvedre<\/strong> venci\u00f3 28-25 a<strong> Cicar Lanzarote Ciudad de Arrecife<\/strong> en un encuentro que contar\u00e1 en la lucha contra el descenso.<\/p>\n<p data-mrf-recirculation=\"Links P\u00e1rrafos\" class=\"ue-c-article__paragraph paragraph\"><strong>Conservas Zendal Orbe Porri\u00f1o <\/strong>logr\u00f3 su cuarta victoria en los seis partidos disputados con un peleado triunfo ante <strong>Elda Prestigi<\/strong>o (28-27). Tambi\u00e9n por la m\u00ednima<strong> Grafometal La Rioja<\/strong> venci\u00f3 en <strong>Granollers <\/strong>(21-22) relegando por el momento al conjunto catal\u00e1n al grupo de cola de la clasificaci\u00f3n.<\/p>\n<p data-mrf-recirculation=\"Links P\u00e1rrafos\" class=\"ue-c-article__paragraph paragraph\">La s\u00e9ptima jornada de la Liga Guerreras Iberdrola se disputar\u00e1 los d\u00edas <strong>25 y 26 de octubre<\/strong><\/p>\n","protected":false},"excerpt":{"rendered":"Costa del Sol M\u00e1laga mantiene el pulso a Super Amara Bera Bera despu\u00e9s de haber disputado ambos sus&hellip;\n","protected":false},"author":2,"featured_media":172312,"comment_status":"","ping_status":"","sticky":false,"template":"","format":"standard","meta":{"footnotes":""},"categories":[278],"tags":[376,168,25,24,375,23,167],"class_list":{"0":"post-172311","1":"post","2":"type-post","3":"status-publish","4":"format-standard","5":"has-post-thumbnail","7":"category-balonmano","8":"tag-balonmano","9":"tag-deportes","10":"tag-es","11":"tag-espana","12":"tag-handball","13":"tag-spain","14":"tag-sports"},"share_on_mastodon":{"url":"","error":""},"_links":{"self":[{"href":"https:\/\/www.europesays.com\/es\/wp-json\/wp\/v2\/posts\/172311","targetHints":{"allow":["GET"]}}],"collection":[{"href":"https:\/\/www.europesays.com\/es\/wp-json\/wp\/v2\/posts"}],"about":[{"href":"https:\/\/www.europesays.com\/es\/wp-json\/wp\/v2\/types\/post"}],"author":[{"embeddable":true,"href":"https:\/\/www.europesays.com\/es\/wp-json\/wp\/v2\/users\/2"}],"replies":[{"embeddable":true,"href":"https:\/\/www.europesays.com\/es\/wp-json\/wp\/v2\/comments?post=172311"}],"version-history":[{"count":0,"href":"https:\/\/www.europesays.com\/es\/wp-json\/wp\/v2\/posts\/172311\/revisions"}],"wp:featuredmedia":[{"embeddable":true,"href":"https:\/\/www.europesays.com\/es\/wp-json\/wp\/v2\/media\/172312"}],"wp:attachment":[{"href":"https:\/\/www.europesays.com\/es\/wp-json\/wp\/v2\/media?parent=172311"}],"wp:term":[{"taxonomy":"category","embeddable":true,"href":"https:\/\/www.europesays.com\/es\/wp-json\/wp\/v2\/categories?post=172311"},{"taxonomy":"post_tag","embeddable":true,"href":"https:\/\/www.europesays.com\/es\/wp-json\/wp\/v2\/tags?post=172311"}],"curies":[{"name":"wp","href":"https:\/\/api.w.org\/{rel}","templated":true}]}}