{"id":172315,"date":"2025-10-12T18:34:11","date_gmt":"2025-10-12T18:34:11","guid":{"rendered":"https:\/\/www.europesays.com\/es\/172315\/"},"modified":"2025-10-12T18:34:11","modified_gmt":"2025-10-12T18:34:11","slug":"franco-romero-con-amplia-ventaja-en-salta-a-una-ronda-del-final","status":"publish","type":"post","link":"https:\/\/www.europesays.com\/es\/172315\/","title":{"rendered":"Franco Romero con amplia ventaja en Salta, a una ronda del final"},"content":{"rendered":"<p><img fetchpriority=\"high\" decoding=\"async\" class=\"alignnone size-full wp-image-87871\" src=\"https:\/\/www.europesays.com\/es\/wp-content\/uploads\/2025\/10\/franco-romero-slide.jpg\" alt=\"\" width=\"1903\" height=\"640\"  \/><\/p>\n<p style=\"font-weight: 400;\">Este s\u00e1bado, y en condiciones muy calurosas, el rosarino continu\u00f3 mostrando su mejor golf y otra vez registr\u00f3 66 golpes para sumar 197, -19, alej\u00e1ndose de su escolta Tommy Cocha, quien tuvo que hacer birdies en los \u00faltimos tres hoyos para\u00a0\u00a0acortar la ventaja que lleg\u00f3 a ser de diez golpes.<\/p>\n<p style=\"font-weight: 400;\">\u201cEstoy muy contento de seguir jugando as\u00ed, sin errores y aprovechando cada buen golpe. Hoy no estuvo f\u00e1cil, por m\u00e1s que parece, pero entre el calor y el viento y la cancha que est\u00e1 cada vez m\u00e1s dura, pero por suerte pude embocar algunas claves y despu\u00e9s aprovech\u00e9 muy bien los par cinco\u201d, dijo el rosarino de 30 a\u00f1os, que busca su primer t\u00edtulo del 2025.\u00a0\u201cEs una buena ventaja, pero tengo que seguir haciendo mi trabajo como lo vengo haciendo, ya en otras oportunidades quise administrar la ventaja y no me fue bien, as\u00ed que este domingo voy a continuar haciendo mijuego\u201d, agreg\u00f3 Romero, tercero en el R\u00e1nking Argentino.\u00a0Romero lleva cuatro Top 5 consecutivos en lo que va de esta temporada y una victoria en Salta lo pondr\u00e1 como l\u00edder de la Orden de M\u00e9rito.<\/p>\n<p style=\"font-weight: 400;\">Para Cocha los birdies en el final de la ronda le dieron alguna esperanza. \u201cFranco sac\u00f3 una ventaja muy grande pero por lo menos esos birdies al final me ponen a la expectativa de cualquier cosa. Somos muy amigos con Franco y me pone muy contento que est\u00e9 jugando tan bien, aunque ma\u00f1ana ojal\u00e1 le pueda poner algo de presi\u00f3n\u201d, dijo el salte\u00f1o que juega habitualmente en Estados Unidos.\u00a0Tercero, a once golpes del l\u00edder, est\u00e1 Maxi Godoy mientras que Bernardo Bide y Luis Romero quedaron en el cuarto lugar, doce golpes detr\u00e1s.<\/p>\n<p style=\"font-weight: 400;\">En la categor\u00eda Aficionados, Tom\u00e1s Romero Monroy con -2, tambi\u00e9n tiene una amplia ventaja luego de una gran ronda de 69 golpes. El tucumano le lleva siete al local Abel Cornejo.\u00a0Este domingo el grupo final saldr\u00e1 a jugar a las 13:00 y una vez finalizado el torneo se realizar\u00e1 la entrega de premios.<\/p>\n","protected":false},"excerpt":{"rendered":"Este s\u00e1bado, y en condiciones muy calurosas, el rosarino continu\u00f3 mostrando su mejor golf y otra vez registr\u00f3&hellip;\n","protected":false},"author":2,"featured_media":172316,"comment_status":"","ping_status":"","sticky":false,"template":"","format":"standard","meta":{"footnotes":""},"categories":[275],"tags":[168,25,24,329,23,167],"class_list":{"0":"post-172315","1":"post","2":"type-post","3":"status-publish","4":"format-standard","5":"has-post-thumbnail","7":"category-golf","8":"tag-deportes","9":"tag-es","10":"tag-espana","11":"tag-golf","12":"tag-spain","13":"tag-sports"},"share_on_mastodon":{"url":"","error":""},"_links":{"self":[{"href":"https:\/\/www.europesays.com\/es\/wp-json\/wp\/v2\/posts\/172315","targetHints":{"allow":["GET"]}}],"collection":[{"href":"https:\/\/www.europesays.com\/es\/wp-json\/wp\/v2\/posts"}],"about":[{"href":"https:\/\/www.europesays.com\/es\/wp-json\/wp\/v2\/types\/post"}],"author":[{"embeddable":true,"href":"https:\/\/www.europesays.com\/es\/wp-json\/wp\/v2\/users\/2"}],"replies":[{"embeddable":true,"href":"https:\/\/www.europesays.com\/es\/wp-json\/wp\/v2\/comments?post=172315"}],"version-history":[{"count":0,"href":"https:\/\/www.europesays.com\/es\/wp-json\/wp\/v2\/posts\/172315\/revisions"}],"wp:featuredmedia":[{"embeddable":true,"href":"https:\/\/www.europesays.com\/es\/wp-json\/wp\/v2\/media\/172316"}],"wp:attachment":[{"href":"https:\/\/www.europesays.com\/es\/wp-json\/wp\/v2\/media?parent=172315"}],"wp:term":[{"taxonomy":"category","embeddable":true,"href":"https:\/\/www.europesays.com\/es\/wp-json\/wp\/v2\/categories?post=172315"},{"taxonomy":"post_tag","embeddable":true,"href":"https:\/\/www.europesays.com\/es\/wp-json\/wp\/v2\/tags?post=172315"}],"curies":[{"name":"wp","href":"https:\/\/api.w.org\/{rel}","templated":true}]}}