{"id":172319,"date":"2025-10-12T18:36:09","date_gmt":"2025-10-12T18:36:09","guid":{"rendered":"https:\/\/www.europesays.com\/es\/172319\/"},"modified":"2025-10-12T18:36:09","modified_gmt":"2025-10-12T18:36:09","slug":"omar-fraile-y-jonathan-castroviejo-apagan-las-luces-2","status":"publish","type":"post","link":"https:\/\/www.europesays.com\/es\/172319\/","title":{"rendered":"Omar Fraile y Jonathan Castroviejo apagan las luces"},"content":{"rendered":"<p>\n        Bajo un sol estupendo, en un domingo liviano, recorriendo caminos de tierra entre vi\u00f1edos, traqueteando el cuerpo sobre penachos de pav\u00e9s, con una amplia sonrisa de agradecimiento que recorri\u00f3 el tu\u00e9tano de ambos y reposa en el coraz\u00f3n, <strong>Omar Fraile<\/strong> (17 de julio de 1990, Santurtzi) y <strong>Jonathan Castroviejo<\/strong> ( 27 de abril de 1987, Getxo) latieron hacia el ocaso.\n<\/p>\n<p class=\"article-body__text \">\n        Partieron en busca de la \u00faltima frontera en la Par\u00eds-Tours, su baile final en el ciclismo profesional tras una estupenda aventura. Una guardia de honor, desenvainadas las bicis del pelot\u00f3n, les salud\u00f3 en su adi\u00f3s.\n<\/p>\n<p class=\"article-body__text \">\n        Compartieron el pasillo con <strong>D\u00e9mare<\/strong>, que tambi\u00e9n cerraba su etapa en la carrera francesa, donde cae el tel\u00f3n del ciclismo europeo. <strong>Matteo Trentin <\/strong>se coron\u00f3 por tercera vez en la cl\u00e1sica gala.\n<\/p>\n<p class=\"article-body__text \">\n        Ajenos a la competici\u00f3n pura, compartiendo maillot del Ineos, la formaci\u00f3n que les ha cobijado durante las \u00faltimas campa\u00f1as, alcanzaron la estaci\u00f3n definitiva de su singladura los vizcainos, que pertenecen a la \u00faltima generaci\u00f3n dorada del ciclismo vasco, a aquellos que crecieron bajo la sombra magn\u00edfica del \u00e1rbol de la <strong>Fundaci\u00f3n Euskadi<\/strong> y sus terminales.\n<\/p>\n<blockquote class=\"twitter-tweet\" data-lang=\"es\" wp_automatic_readability=\"8.6715328467153\">\n<p lang=\"fr\" dir=\"ltr\">\ud83d\ude0d La magnifique haie d\u2019honneur pour Arnaud D\u00e9mare, Omar Fraile et Jonathan Castroviejo  !<\/p>\n<p>\ud83d\ude0d A magnificent guard of honor for Arnaud D\u00e9mare, Omar Fraile, and Jonathan Castroviejo!<a href=\"https:\/\/twitter.com\/hashtag\/ParisTours?src=hash&amp;ref_src=twsrc%5Etfw\" rel=\"nofollow noopener\" target=\"_blank\">#ParisTours<\/a> <a href=\"https:\/\/t.co\/9PE28UB2UH\" rel=\"nofollow\">pic.twitter.com\/9PE28UB2UH<\/a><\/p>\n<p>\u2014 ParisTours (@ParisTours) <a href=\"https:\/\/twitter.com\/ParisTours\/status\/1977314538585538604?ref_src=twsrc%5Etfw\" rel=\"nofollow noopener\" target=\"_blank\">12 de octubre de 2025<\/a><\/p><\/blockquote>\n<p class=\"article-body__text \">\n        Restan algunas ramas del florido \u00e1rbol, pero se intuye cada vez m\u00e1s pr\u00f3xima la caducidad de todas ellas. El tren del ciclismo contin\u00faa lanzado, al galope de los tiempos modernos, pero ellos se quedan en el apeadero de la memoria para recordar una biograf\u00eda que les ha concedido grandes momentos.\n<\/p>\n<p class=\"article-body__text \">\n        El santurtziarra aparca la bici <strong>despu\u00e9s de 14 campa\u00f1as<\/strong> poni\u00e9ndose un dorsal. \u201cMe llevo momentos y personas maravillosas y siempre los recordar\u00e9 con especial cari\u00f1o\u201d, dijo cuando dio a conocer que la presente ser\u00eda la \u00faltima campa\u00f1a. Un vida que le ha servido para saborear la gloria en el <strong>Tour, el Giro o la Itzulia,<\/strong> donde dej\u00f3 huella.\n<\/p>\n<blockquote class=\"twitter-tweet\" data-lang=\"es\" wp_automatic_readability=\"5.568281938326\">\n<p lang=\"en\" dir=\"ltr\">Finishing off a fantastic career today with one last dance at <a href=\"https:\/\/twitter.com\/hashtag\/ParisTours?src=hash&amp;ref_src=twsrc%5Etfw\" rel=\"nofollow noopener\" target=\"_blank\">#ParisTours<\/a> \ud83e\udee1<\/p>\n<p>So many wonderful memories. Congratulations, <a href=\"https:\/\/twitter.com\/OmarFraile?ref_src=twsrc%5Etfw\" rel=\"nofollow noopener\" target=\"_blank\">@OmarFraile<\/a> \ud83e\udd1d <a href=\"https:\/\/t.co\/CwsOW4PCIf\" rel=\"nofollow\">pic.twitter.com\/CwsOW4PCIf<\/a><\/p>\n<p>\u2014 INEOS Grenadiers (@INEOSGrenadiers) <a href=\"https:\/\/twitter.com\/INEOSGrenadiers\/status\/1977298448589492580?ref_src=twsrc%5Etfw\" rel=\"nofollow noopener\" target=\"_blank\">12 de octubre de 2025<\/a><\/p><\/blockquote>\n<p class=\"article-body__text \">\n        Apil\u00f3 el vizcaino ocho triunfos, donde sobresale su conquista en el aer\u00f3dromo de Mende. Una victoria inolvidable. El santurtziarra aterriz\u00f3 en la gloria en el Tour el 21 de julio de 2018 en su descorche en el Tour. Brind\u00f3 con champ\u00e1n, el sabor burbujeante y dorado del triunfo.\n<\/p>\n<p class=\"article-body__text \">\n        De su palmar\u00e9s tambi\u00e9n destaca otra diana, la del Giro de Italia, obtenida un curso antes. En la Itzulia festej\u00f3 el laurel en 2018, el mejor a\u00f1o del santurtziarra.\n<\/p>\n<p class=\"article-body__text \">\n        Fraile debut\u00f3 en el <strong>Orbea <\/strong>(2012), para vestir despu\u00e9s los colores del <strong>Caja Rural<\/strong> (2013-2015), <strong>Dimension Data<\/strong> (2016-2017), <strong>Astana <\/strong>(2018-21) y finalmente el <strong>Ineos <\/strong>(2022-2025).\n<\/p>\n<p class=\"article-body__text \">\n        El vizcaino tambi\u00e9n fue campe\u00f3n de Espa\u00f1a de ruta en 2021. Acumul\u00f3 la participaci\u00f3n en 15 grandes. Cinco Tours, dos Giros y ocho Vueltas. En la carrera espa\u00f1ola conquist\u00f3 en dos ocasiones el reinado de la monta\u00f1a.\n<\/p>\n<p class=\"article-photo__footer\">\n            Castroviejo rueda durante la presente campa\u00f1a.            Ineos        <\/p>\n<p>  Gran especialista en crono<\/p>\n<p class=\"article-body__text \">\n        \u201cEl ciclismo me lo ha dado todo: ense\u00f1anzas, amistades, retos, y momentos que llevar\u00e9 conmigo para siempre y\u00a0lo dejar\u00e9 con el coraz\u00f3n lleno de gratitud\u201d, subray\u00f3 Castroviejo cuando dio a conocer que descabalgar\u00eda en la temporada en curso<strong>.<\/strong>\n<\/p>\n<p class=\"article-body__text \">\n        El de Getxo se baja de su montura tras 18 cursos en los que destac\u00f3 como un gran contrarrelojista que cont\u00f3 11 victorias.\n<\/p>\n<p class=\"article-body__text \">\n        Tras estrenarse en el <strong>Orbea <\/strong>(2008-2009), form\u00f3 despu\u00e9s en el <strong>Euskaltel-Euskadi<\/strong> (2010-2011), para pasar al <strong>Movistar <\/strong>(2012-2017), donde compiti\u00f3 seis campa\u00f1as hasta que se alist\u00f3 al <strong>Sky <\/strong>(2018-2025), que despu\u00e9s cambi\u00f3 su nomenclatura a Ineos.\n<\/p>\n<blockquote class=\"twitter-tweet\" data-lang=\"es\" wp_automatic_readability=\"5.6625514403292\">\n<p lang=\"en\" dir=\"ltr\">Congratulations to <a href=\"https:\/\/twitter.com\/jcastroviejo?ref_src=twsrc%5Etfw\" rel=\"nofollow noopener\" target=\"_blank\">@jcastroviejo<\/a> who pins on the final number of his racing career today at <a href=\"https:\/\/twitter.com\/hashtag\/ParisTours?src=hash&amp;ref_src=twsrc%5Etfw\" rel=\"nofollow noopener\" target=\"_blank\">#ParisTours<\/a> \ud83c\udfc1<\/p>\n<p>An amazing teammate. Thanks for everything \ud83e\udd1d <a href=\"https:\/\/t.co\/3Tzm8dysrI\" rel=\"nofollow\">pic.twitter.com\/3Tzm8dysrI<\/a><\/p>\n<p>\u2014 INEOS Grenadiers (@INEOSGrenadiers) <a href=\"https:\/\/twitter.com\/INEOSGrenadiers\/status\/1977298445929963986?ref_src=twsrc%5Etfw\" rel=\"nofollow noopener\" target=\"_blank\">12 de octubre de 2025<\/a><\/p><\/blockquote>\n<p class=\"article-body__text \">\n        Fue campe\u00f3n de Europa de crono en 2016 y seis veces campe\u00f3n de Espa\u00f1a de la especialidad (2013, 2014, 2015, 2017, 2018, 2019 y 2023)<strong>. <\/strong>Tambi\u00e9n logr\u00f3 el bronce de la especialidad el Mundial de Doha.\n<\/p>\n<p class=\"article-body__text \">\n        Adem\u00e1s de las citadas, Castroviejo ha ganado una etapa del Tour de Romand\u00eda, otra de la Vuelta al Algarve y dos de la Vuelta a la Comunidad de Madrid. Su tiempo en el ciclismo se ha agotado tras una vida dedicada en pleno al cuidado de sus l\u00edderes.\n<\/p>\n<p class=\"article-body__text \">\n        \u201cQuiero agradecer profundamente a todos los equipos por los que he pasado, a los patrocinadores que han confiado en m\u00ed, y a todas las personas que han formado parte de esta etapa de mi vida. He tenido la suerte de conocer a gente extraordinaria, dentro y fuera de la carretera, y me llevo amistades y recuerdos que valen m\u00e1s que cualquier resultado\u201d, dej\u00f3 escrito en un mensaje en sus redes sociales.\n<\/p>\n<p class=\"article-body__text \">\n        Castroviejo fue una pieza fundamental para la gloria. Insustituible en el Tour, donde se erigi\u00f3 en uno de los gregarios m\u00e1s competentes del planeta.\n<\/p>\n<p class=\"article-body__text \">\n        Su jerarqu\u00eda no admit\u00eda discusi\u00f3n. Fue part\u00edcipe en los reinados de<strong> Geraint Thomas<\/strong> de 2018 y en el de <strong>Egan Bernal <\/strong>de 2019.\n<\/p>\n<p class=\"article-body__text \">\n        Con la sensaci\u00f3n de plenitud, de ser parte de un grupo de privilegiados que han podido hacer de su pasi\u00f3n su oficio, de estar presentes en momentos extraordinarios, Omar Fraile y Jonathan Castroviejo se despiden.\n<\/p>\n<p class=\"article-body__text \">\n        En el retrovisor queda una vida apasionante. Ahora comienzan otra, sin hoteles, maletas, dorsales, imperdibles, b\u00e1scula, entrenamientos, competici\u00f3n y frenes\u00ed. Concluido el \u00faltimo baile, Fraile y Castroviejo apagan las luces.\u00a0\n<\/p>\n<p>            <script async src=\"https:\/\/platform.twitter.com\/widgets.js\" charset=\"utf-8\"><\/script><\/p>\n","protected":false},"excerpt":{"rendered":"Bajo un sol estupendo, en un domingo liviano, recorriendo caminos de tierra entre vi\u00f1edos, traqueteando el cuerpo sobre&hellip;\n","protected":false},"author":2,"featured_media":172121,"comment_status":"","ping_status":"","sticky":false,"template":"","format":"standard","meta":{"footnotes":""},"categories":[273],"tags":[49815,9737,313,312,168,25,24,45301,13573,15181,23,167],"class_list":{"0":"post-172319","1":"post","2":"type-post","3":"status-publish","4":"format-standard","5":"has-post-thumbnail","7":"category-ciclismo","8":"tag-apagan","9":"tag-castroviejo","10":"tag-ciclismo","11":"tag-cycling","12":"tag-deportes","13":"tag-es","14":"tag-espana","15":"tag-fraile","16":"tag-jonathan","17":"tag-omar","18":"tag-spain","19":"tag-sports"},"share_on_mastodon":{"url":"","error":""},"_links":{"self":[{"href":"https:\/\/www.europesays.com\/es\/wp-json\/wp\/v2\/posts\/172319","targetHints":{"allow":["GET"]}}],"collection":[{"href":"https:\/\/www.europesays.com\/es\/wp-json\/wp\/v2\/posts"}],"about":[{"href":"https:\/\/www.europesays.com\/es\/wp-json\/wp\/v2\/types\/post"}],"author":[{"embeddable":true,"href":"https:\/\/www.europesays.com\/es\/wp-json\/wp\/v2\/users\/2"}],"replies":[{"embeddable":true,"href":"https:\/\/www.europesays.com\/es\/wp-json\/wp\/v2\/comments?post=172319"}],"version-history":[{"count":0,"href":"https:\/\/www.europesays.com\/es\/wp-json\/wp\/v2\/posts\/172319\/revisions"}],"wp:featuredmedia":[{"embeddable":true,"href":"https:\/\/www.europesays.com\/es\/wp-json\/wp\/v2\/media\/172121"}],"wp:attachment":[{"href":"https:\/\/www.europesays.com\/es\/wp-json\/wp\/v2\/media?parent=172319"}],"wp:term":[{"taxonomy":"category","embeddable":true,"href":"https:\/\/www.europesays.com\/es\/wp-json\/wp\/v2\/categories?post=172319"},{"taxonomy":"post_tag","embeddable":true,"href":"https:\/\/www.europesays.com\/es\/wp-json\/wp\/v2\/tags?post=172319"}],"curies":[{"name":"wp","href":"https:\/\/api.w.org\/{rel}","templated":true}]}}