{"id":172324,"date":"2025-10-12T18:39:07","date_gmt":"2025-10-12T18:39:07","guid":{"rendered":"https:\/\/www.europesays.com\/es\/172324\/"},"modified":"2025-10-12T18:39:07","modified_gmt":"2025-10-12T18:39:07","slug":"asi-hemos-vivido-el-numancia-vs-samano-de-segunda-rfef","status":"publish","type":"post","link":"https:\/\/www.europesays.com\/es\/172324\/","title":{"rendered":"As\u00ed hemos vivido el Numancia vs S\u00e1mano de Segunda RFEF"},"content":{"rendered":"<p>Abel Segovia pondr\u00e1 en liza un once con varias novedades, la principal, en porter\u00eda. Miguel \u00c1ngel Abad defender\u00e1 la meta de Los Pajaritos por primera vez este curso en detrimento de Joel Jim\u00e9nez. Por otro lado, Moustapha retrasar\u00e1 su posici\u00f3n y actuar\u00e1 como central. De esa forma, el Numancia arrancar\u00e1 con: Miguel \u00c1ngel; Ferm\u00edn, De Frutos, Moustapha, Alain Garc\u00eda; Jannick, Cristi\u00e1n Delgado, H\u00e9ctor Pe\u00f1a, Juancho, Dani Garc\u00eda y Jony.<\/p>\n","protected":false},"excerpt":{"rendered":"Abel Segovia pondr\u00e1 en liza un once con varias novedades, la principal, en porter\u00eda. Miguel \u00c1ngel Abad defender\u00e1&hellip;\n","protected":false},"author":2,"featured_media":172325,"comment_status":"","ping_status":"","sticky":false,"template":"","format":"standard","meta":{"footnotes":""},"categories":[268],"tags":[44645,168,25,24,280,282,281,23,167],"class_list":{"0":"post-172324","1":"post","2":"type-post","3":"status-publish","4":"format-standard","5":"has-post-thumbnail","7":"category-futbol","8":"tag-c-d-numancia","9":"tag-deportes","10":"tag-es","11":"tag-espana","12":"tag-football","13":"tag-futbol","14":"tag-soccer","15":"tag-spain","16":"tag-sports"},"share_on_mastodon":{"url":"","error":""},"_links":{"self":[{"href":"https:\/\/www.europesays.com\/es\/wp-json\/wp\/v2\/posts\/172324","targetHints":{"allow":["GET"]}}],"collection":[{"href":"https:\/\/www.europesays.com\/es\/wp-json\/wp\/v2\/posts"}],"about":[{"href":"https:\/\/www.europesays.com\/es\/wp-json\/wp\/v2\/types\/post"}],"author":[{"embeddable":true,"href":"https:\/\/www.europesays.com\/es\/wp-json\/wp\/v2\/users\/2"}],"replies":[{"embeddable":true,"href":"https:\/\/www.europesays.com\/es\/wp-json\/wp\/v2\/comments?post=172324"}],"version-history":[{"count":0,"href":"https:\/\/www.europesays.com\/es\/wp-json\/wp\/v2\/posts\/172324\/revisions"}],"wp:featuredmedia":[{"embeddable":true,"href":"https:\/\/www.europesays.com\/es\/wp-json\/wp\/v2\/media\/172325"}],"wp:attachment":[{"href":"https:\/\/www.europesays.com\/es\/wp-json\/wp\/v2\/media?parent=172324"}],"wp:term":[{"taxonomy":"category","embeddable":true,"href":"https:\/\/www.europesays.com\/es\/wp-json\/wp\/v2\/categories?post=172324"},{"taxonomy":"post_tag","embeddable":true,"href":"https:\/\/www.europesays.com\/es\/wp-json\/wp\/v2\/tags?post=172324"}],"curies":[{"name":"wp","href":"https:\/\/api.w.org\/{rel}","templated":true}]}}