{"id":172326,"date":"2025-10-12T18:40:26","date_gmt":"2025-10-12T18:40:26","guid":{"rendered":"https:\/\/www.europesays.com\/es\/172326\/"},"modified":"2025-10-12T18:40:26","modified_gmt":"2025-10-12T18:40:26","slug":"asi-es-su-paraiso-secreto","status":"publish","type":"post","link":"https:\/\/www.europesays.com\/es\/172326\/","title":{"rendered":"as\u00ed es su para\u00edso secreto"},"content":{"rendered":"<p id=\"eADhcr_pxy\" data-wc=\"112\">Roc\u00edo Camacho ha dado un paso m\u00e1s junto a su ya esposo, Guillermo Aylon: una luna de miel en un destino de pel\u00edcula. Despu\u00e9s de vivir una ceremonia m\u00e1gica en Madrid, la feliz pareja ha volado hasta la Polinesia francesa para instalarse durante unas semanas en las islas de Bora Bora, donde no han escatimado en romanticismo ni planes imposibles de olvidar. <strong>\u201cOjal\u00e1 estas fotos se las ense\u00f1emos en un futuro a nuestros hijos y sonriamos de solo recordar lo que supusieron estas semanas. Que suerte tenerte\u201d<\/strong>, ha escrito Roc\u00edo en una emotiva dedicatoria para su marido, dejando ver la emoci\u00f3n que le provoca cada instante que comparten en este para\u00edso tropical.<\/p>\n<p> <img src=\"https:\/\/www.europesays.com\/es\/wp-content\/uploads\/2025\/10\/0c8afb49a3f1-ojal-estas-fotos-se-las-enseemos-en-un-futuro-a-nuestros-hijos-y-sonriamos-de.jpg\"   width=\"768\" height=\"1024\" loading=\"lazy\" decoding=\"async\" alt=\"Media Image\" fetchpriority=\"auto\" class=\"image ho-image\"\/>\u00a9 rocioccamacho<\/p>\n<p> <img src=\"https:\/\/www.europesays.com\/es\/wp-content\/uploads\/2025\/10\/2a3933c25d70-ojal-estas-fotos-se-las-enseemos-en-un-futuro-a-nuestros-hijos-y-sonriamos-de.jpg\"   width=\"768\" height=\"1024\" loading=\"lazy\" decoding=\"async\" alt=\"Media Image\" fetchpriority=\"auto\" class=\"image ho-image\"\/>\u00a9 rocioccamacho<\/p>\n<p> <img src=\"https:\/\/www.europesays.com\/es\/wp-content\/uploads\/2025\/10\/9dda2814b5c7-ojal-estas-fotos-se-las-enseemos-en-un-futuro-a-nuestros-hijos-y-sonriamos-de.jpg\"   width=\"768\" height=\"1024\" loading=\"lazy\" decoding=\"async\" alt=\"Media Image\" fetchpriority=\"auto\" class=\"image ho-image\"\/>\u00a9 rocioccamacho<\/p>\n<p id=\"epmRPdKmoGl\" data-wc=\"84\">La escapada no ha sido sencilla: la luna de miel empez\u00f3 en Nueva Zelanda y ha continuado, con mucho estilo, en sus d\u00edas en Bora Bora. All\u00ed han disfrutado de una jornada de actividades variadas, algunas m\u00e1s aventureras y otras m\u00e1s tranquilas, pero todas con un objetivo: conectar, celebrar y dejar huella. Desde motos de agua hasta ba\u00f1os entre peces de colores Roc\u00edo y Guillermo est\u00e1n en un aut\u00e9ntico sue\u00f1o. \u00abTe merecer el amor que siempre intentas darle a los dem\u00e1s\u00bb, explicaba la influencer.\u00a0<\/p>\n<p> <img src=\"https:\/\/www.europesays.com\/es\/wp-content\/uploads\/2025\/10\/fbb070de0d53-ojal-estas-fotos-se-las-enseemos-en-un-futuro-a-nuestros-hijos-y-sonriamos-de.jpg\"   width=\"768\" height=\"1024\" loading=\"lazy\" decoding=\"async\" alt=\"Media Image\" fetchpriority=\"auto\" class=\"image ho-image\"\/>\u00a9 rocioccamacho<\/p>\n<p> <img src=\"https:\/\/www.europesays.com\/es\/wp-content\/uploads\/2025\/10\/43e61fea7af4-ojal-estas-fotos-se-las-enseemos-en-un-futuro-a-nuestros-hijos-y-sonriamos-de.jpg\"   width=\"768\" height=\"1024\" loading=\"lazy\" decoding=\"async\" alt=\"Media Image\" fetchpriority=\"auto\" class=\"image ho-image\"\/>\u00a9 rocioccamacho<\/p>\n<p> <img src=\"https:\/\/www.europesays.com\/es\/wp-content\/uploads\/2025\/10\/f8e4c0bce6c7-ojal-estas-fotos-se-las-enseemos-en-un-futuro-a-nuestros-hijos-y-sonriamos-de.jpg\"   width=\"768\" height=\"1024\" loading=\"lazy\" decoding=\"async\" alt=\"Media Image\" fetchpriority=\"auto\" class=\"image ho-image\"\/>\u00a9 rocioccamacho<br \/>\nCelebrando su 31 cumplea\u00f1os<\/p>\n<p id=\"e7O70T7cXI\" data-wc=\"47\">Roc\u00edo ha cumplido 31 a\u00f1os en su destino so\u00f1ado, y lo ha hecho de la forma m\u00e1s \u00edntima y especial junto a su marido. Un d\u00eda inolvidable aderezado con una corona de flores, un esp\u00edritu de complicidad y momentos \u00fanicos que han compartido muy cerca del mar.<\/p>\n<p> <img src=\"https:\/\/www.europesays.com\/es\/wp-content\/uploads\/2025\/10\/e4087a9e4b04-los-31-por-la-puerta-grande-me-siento-la-persona-ms-afortunada-del-mundo-b.jpg\"   width=\"768\" height=\"1024\" loading=\"lazy\" decoding=\"async\" alt=\"Media Image\" fetchpriority=\"auto\" class=\"image ho-image\"\/>\u00a9 rocioccamacho<\/p>\n<p> <img src=\"https:\/\/www.europesays.com\/es\/wp-content\/uploads\/2025\/10\/4785b1d478f0-ojal-estas-fotos-se-las-enseemos-en-un-futuro-a-nuestros-hijos-y-sonriamos-de.jpg\"   width=\"768\" height=\"1024\" loading=\"lazy\" decoding=\"async\" alt=\"Media Image\" fetchpriority=\"auto\" class=\"image ho-image\"\/>\u00a9 rocioccamacho<\/p>\n<p> <img src=\"https:\/\/www.europesays.com\/es\/wp-content\/uploads\/2025\/10\/13346e8583d0-ojal-estas-fotos-se-las-enseemos-en-un-futuro-a-nuestros-hijos-y-sonriamos-de.jpg\"   width=\"768\" height=\"1024\" loading=\"lazy\" decoding=\"async\" alt=\"Media Image\" fetchpriority=\"auto\" class=\"image ho-image\"\/>\u00a9 rocioccamacho<\/p>\n<p id=\"eGlq8QRBqZCO\" data-wc=\"102\">Durante estos d\u00edas, la pareja ha disfrutado de un sinf\u00edn de momentos inolvidables, aprovechando al m\u00e1ximo la magia del lugar. Han recorrido las aguas cristalinas del atol\u00f3n en motos de agua, descubriendo rincones de ensue\u00f1o. Tambi\u00e9n se han sumergido entre peces tropicales, buceando en un escenario lleno de corales y colores vibrantes. La pareja ha compartido divertidos partidos de tenis bajo el sol y han sabido detener el tiempo para contemplar, en silencio, la inmensidad del paisaje. Entre risas, abrazos y miradas c\u00f3mplices, Roc\u00edo y Guillermo han querido que esta etapa de su vida quede marcada con instantes que ambos recordar\u00e1n siempre.<\/p>\n<p> <img src=\"https:\/\/www.europesays.com\/es\/wp-content\/uploads\/2025\/10\/c6592bf66d4f-ojal-estas-fotos-se-las-enseemos-en-un-futuro-a-nuestros-hijos-y-sonriamos-de.jpg\"   width=\"768\" height=\"1024\" loading=\"lazy\" decoding=\"async\" alt=\"Media Image\" fetchpriority=\"auto\" class=\"image ho-image\"\/>\u00a9 rocioccamacho<\/p>\n<p> <img src=\"https:\/\/www.europesays.com\/es\/wp-content\/uploads\/2025\/10\/a1349c4d12ad-ojal-estas-fotos-se-las-enseemos-en-un-futuro-a-nuestros-hijos-y-sonriamos-de.jpg\"   width=\"768\" height=\"1024\" loading=\"lazy\" decoding=\"async\" alt=\"Media Image\" fetchpriority=\"auto\" class=\"image ho-image\"\/>\u00a9 rocioccamacho<\/p>\n<p> <img src=\"https:\/\/www.europesays.com\/es\/wp-content\/uploads\/2025\/10\/3f05f0367e8d-ojal-estas-fotos-se-las-enseemos-en-un-futuro-a-nuestros-hijos-y-sonriamos-de.jpg\"   width=\"768\" height=\"1024\" loading=\"lazy\" decoding=\"async\" alt=\"Media Image\" fetchpriority=\"auto\" class=\"image ho-image\"\/>\u00a9 rocioccamacho<br \/>\nLa historia detr\u00e1s del \u201cs\u00ed, quiero\u201d<\/p>\n<p id=\"ez7CZwOQVYl\" data-wc=\"104\"><a class=\"hm-link ho-link\" href=\"http:\/\/rocioccamacho\" rel=\"noopener nofollow\" target=\"_blank\" data-mrf-recirculation=\"article-body-link\">Un a\u00f1o despu\u00e9s de su pedida en Formentera, Roc\u00edo Camacho y Guillermo Aylon confirmaron su compromiso con una ceremonia civil celebrada en Madrid<\/a>. El marco elegido fue el Castillo de Batres, un palacio-fortaleza renacentista al sur de la capital que guarda historia y poes\u00eda. El enlace tuvo lugar a las 17:30 y en ese momento Roc\u00edo revel\u00f3 algo que hab\u00eda mantenido guardado: su vestido. Firmado por Lorenzo Caprile y confeccionado por encargo, fue su elecci\u00f3n ideal: \u201cNo quer\u00eda sentirme disfrazada ni que fuese un vestido que viese en 20 a\u00f1os y me arrepintiese de haber elegido. Es cl\u00e1sico, sencillo y elegante\u201d, cont\u00f3 a \u00a1HOLA!.<\/p>\n<p> <img src=\"https:\/\/www.europesays.com\/es\/wp-content\/uploads\/2025\/10\/9db5837674ba-43318ced4939-snapinstato552623254185273324410544893166492773512572269n.jpg\"   width=\"768\" height=\"1024\" loading=\"lazy\" decoding=\"async\" alt=\"Media Image\" fetchpriority=\"auto\" class=\"image ho-image\"\/>\u00a9 @rociocamacho<\/p>\n<p> <img src=\"https:\/\/www.europesays.com\/es\/wp-content\/uploads\/2025\/09\/6946c2a3776a-snapinstato551689052185273323630544896356396526038700218n.jpg\"   width=\"768\" height=\"1024\" loading=\"lazy\" decoding=\"async\" alt=\"La boda de Roc\u00edo Camacho y Guillermo Aylon en Madrid\" fetchpriority=\"auto\" class=\"image ho-image\"\/>\u00a9 @rociocamacho<\/p>\n<p id=\"eZnPCcng4eF\" data-wc=\"38\">M\u00e1s de 200 invitados se congregaron para ser testigos del compromiso entre amigos, figuras del mundo digital y familiares: entre ellos, Roc\u00edo Osorno, Teresa Bass, Sara Fructuoso, Gonzalo Cidre, Claudia Martinez, Sophie Tatar, Marta Carriedo e Isa Ramos.\u00a0<\/p>\n<p> <img src=\"https:\/\/www.europesays.com\/es\/wp-content\/uploads\/2025\/09\/f4006fbb6e95-snapinstato551426898185273325220544895566915750816276729n.jpg\"   width=\"768\" height=\"1024\" loading=\"lazy\" decoding=\"async\" alt=\"La boda de Roc\u00edo Camacho y Guillermo Aylon en Madrid\" fetchpriority=\"auto\" class=\"image ho-image\"\/>\u00a9 @rociocamacho<\/p>\n<p> <img src=\"https:\/\/www.europesays.com\/es\/wp-content\/uploads\/2025\/09\/d5d8403f2a9f-snapinstato551278344185273325880544899019236357502027943n.jpg\"   width=\"768\" height=\"1024\" loading=\"lazy\" decoding=\"async\" alt=\"La boda de Roc\u00edo Camacho y Guillermo Aylon en Madrid\" fetchpriority=\"auto\" class=\"image ho-image\"\/>\u00a9 @rociocamacho<\/p>\n<p id=\"eqVD_5p2wa\" data-wc=\"49\">Previo al gran d\u00eda, celebraron una preboda el viernes, seguido del enlace al d\u00eda siguiente, repleto de sonrisas y emoci\u00f3n contenida. \u201cToda una vida va a ser poco para todo lo que quiero vivir contigo\u201d, declar\u00f3 Roc\u00edo al compartir im\u00e1genes que muestran el amor y la ilusi\u00f3n del momento.<\/p>\n<p> <img src=\"https:\/\/www.europesays.com\/es\/wp-content\/uploads\/2025\/09\/d005713307fb-snapinstato55221215418527332531054489755950796547638333n.jpg\"   width=\"768\" height=\"1024\" loading=\"lazy\" decoding=\"async\" alt=\"La boda de Roc\u00edo Camacho y Guillermo Aylon en Madrid\" fetchpriority=\"auto\" class=\"image ho-image\"\/>\u00a9 @rociocamacho<\/p>\n<p> <img src=\"https:\/\/www.europesays.com\/es\/wp-content\/uploads\/2025\/09\/d393c2d25f7c-snapinstato551861991185273325460544891972841935372491563n.jpg\"   width=\"768\" height=\"1024\" loading=\"lazy\" decoding=\"async\" alt=\"La boda de Roc\u00edo Camacho y Guillermo Aylon en Madrid\" fetchpriority=\"auto\" class=\"image ho-image\"\/>\u00a9 @rociocamacho<\/p>\n<p id=\"eYh9N4FrTAG\" data-wc=\"65\">El acto fue un espect\u00e1culo de detalles: un palacete que al caer la noche se convirti\u00f3 en un escenario de ensue\u00f1o, la pomerania negra de la pareja que rob\u00f3 miradas antes del \u201cs\u00ed, quiero\u201d, l\u00e1mparas de ara\u00f1a que realzaban la elegancia del banquete y la luminosidad del entorno. La influencer confes\u00f3 que a\u00fan \u201cno asimila\u201d lo que sucedi\u00f3 aquella tarde, inundada de emoci\u00f3n y belleza.<\/p>\n<p> <img src=\"https:\/\/www.europesays.com\/es\/wp-content\/uploads\/2025\/09\/24bb44d82fa7-snapinstato551966900185273325610544891569439198320643716n.jpg\"   width=\"768\" height=\"1024\" loading=\"lazy\" decoding=\"async\" alt=\"La boda de Roc\u00edo Camacho y Guillermo Aylon en Madrid\" fetchpriority=\"auto\" class=\"image ho-image\"\/>\u00a9 @rociocamacho<\/p>\n<p> <img src=\"https:\/\/www.europesays.com\/es\/wp-content\/uploads\/2025\/09\/c10545b7dc78-snapinstato55158960918527332504054489468949845548766783n.jpg\"   width=\"768\" height=\"1024\" loading=\"lazy\" decoding=\"async\" alt=\"La boda de Roc\u00edo Camacho y Guillermo Aylon en Madrid\" fetchpriority=\"auto\" class=\"image ho-image\"\/>\u00a9 @rociocamacho<\/p>\n<p id=\"efqX_0zzsZ_\" data-wc=\"84\">Sobre su relaci\u00f3n con Guillermo, Roc\u00edo se mostr\u00f3 sincera y emocionada cuando declar\u00f3: \u201cPensaba que, en la sociedad que vivimos, era pr\u00e1cticamente imposible encontrar un amor como el de mis padres, pero he descubierto que existe. Para m\u00ed el amor es encontrar en una pareja a tu mejor amigo\u201d. Sobre su esposo, dijo con cari\u00f1o: \u201cLo que m\u00e1s me gusta de \u00e9l es la capacidad de adaptaci\u00f3n que tiene a todo, la tranquilidad que me transmite y&#8230; que cocina muy bien\u201d, admit\u00eda entre risas.<\/p>\n<p> <img src=\"https:\/\/www.europesays.com\/es\/wp-content\/uploads\/2025\/09\/12a8c0ecdfa9-snapinstato551320166185273325700544891545219902859247946n.jpg\"   width=\"768\" height=\"1024\" loading=\"lazy\" decoding=\"async\" alt=\"El beso que sella su amor tras cuatro a\u00f1os de noviazgo\" fetchpriority=\"auto\" class=\"image ho-image\"\/>\u00a9 @rociocamacho<\/p>\n<p> <img src=\"https:\/\/www.europesays.com\/es\/wp-content\/uploads\/2025\/09\/bea1fc485c58-snapinstato552182430185273325130544896214607291819417683n.jpg\"   width=\"768\" height=\"1024\" loading=\"lazy\" decoding=\"async\" alt=\"La boda de Roc\u00edo Camacho y Guillermo Aylon en Madrid\" fetchpriority=\"auto\" class=\"image ho-image\"\/>\u00a9 @rociocamacho<\/p>\n<p id=\"eH2zMDoSYdc\" data-wc=\"81\">Ambos se conocieron en un ambiente poco habitual para el romance: una discoteca. En 2021, cuando Roc\u00edo se encontraba emocionalmente vulnerable tras una ruptura, aquella noche cambi\u00f3 su destino. \u201cRecuerdo como si fuese ayer entrar al sitio, verle y decirles: \u2018Oye, ese chico es muy mono, \u00bfno?\u2019\u201d. Con apenas unas palabras intercambiadas y conversaciones fren\u00e9ticas por WhatsApp durante un mes mientras \u00e9l trabajaba en Estados Unidos, el flechazo fue real: \u201cEl mismo d\u00eda que volvi\u00f3 quedamos y el resto es historia&#8230;\u201d.<\/p>\n<p> <img src=\"https:\/\/www.europesays.com\/es\/wp-content\/uploads\/2025\/09\/e329846e4508-snapinstato551322269185273326240544898002477936767549808n.jpg\"   width=\"768\" height=\"1024\" loading=\"lazy\" decoding=\"async\" alt=\"El Castillo de Batres, el espectacular enclave en el que la 'influencer' y su ya marido se han dado el 's\u00ed, quiero'\" fetchpriority=\"auto\" class=\"image ho-image\"\/>\u00a9 @rociocamacho<\/p>\n<p> <img src=\"https:\/\/www.europesays.com\/es\/wp-content\/uploads\/2025\/10\/74406ba3c7b0-rocioccamacho2.jpg\"   width=\"819\" height=\"1024\" loading=\"lazy\" decoding=\"async\" alt=\"Roc\u00edo Camacho anuncia que se casa con Guillermo Aylon\" fetchpriority=\"auto\" class=\"image ho-image\"\/>\u00a9 rocioccamacho<\/p>\n<p id=\"eZJT48O2Fwr\" data-wc=\"63\">Para Roc\u00edo, el amor fue tambi\u00e9n un aprendizaje. Hace unos a\u00f1os le dijo a esta revista: \u201cNunca necesite a nadie para ser feliz, pero que, cuando alguien me haga feliz, d\u00e9 el 100 % sin pensar en si lo que recibir\u00e9 de vuelta ser\u00e1 lo mismo, porque lo que dejamos en los dem\u00e1s es siempre lo que damos, no lo que nos devuelven\u201d.<\/p>\n","protected":false},"excerpt":{"rendered":"Roc\u00edo Camacho ha dado un paso m\u00e1s junto a su ya esposo, Guillermo Aylon: una luna de miel&hellip;\n","protected":false},"author":2,"featured_media":172327,"comment_status":"","ping_status":"","sticky":false,"template":"","format":"standard","meta":{"footnotes":""},"categories":[174],"tags":[517,255,146,147,25,24,256,18863,12553,17153,23],"class_list":{"0":"post-172326","1":"post","2":"type-post","3":"status-publish","4":"format-standard","5":"has-post-thumbnail","7":"category-famosos","8":"tag-actualidad","9":"tag-celebrities","10":"tag-entertainment","11":"tag-entretenimiento","12":"tag-es","13":"tag-espana","14":"tag-famosos","15":"tag-luna-de-miel","16":"tag-mas-noticias","17":"tag-novias","18":"tag-spain"},"share_on_mastodon":{"url":"","error":""},"_links":{"self":[{"href":"https:\/\/www.europesays.com\/es\/wp-json\/wp\/v2\/posts\/172326","targetHints":{"allow":["GET"]}}],"collection":[{"href":"https:\/\/www.europesays.com\/es\/wp-json\/wp\/v2\/posts"}],"about":[{"href":"https:\/\/www.europesays.com\/es\/wp-json\/wp\/v2\/types\/post"}],"author":[{"embeddable":true,"href":"https:\/\/www.europesays.com\/es\/wp-json\/wp\/v2\/users\/2"}],"replies":[{"embeddable":true,"href":"https:\/\/www.europesays.com\/es\/wp-json\/wp\/v2\/comments?post=172326"}],"version-history":[{"count":0,"href":"https:\/\/www.europesays.com\/es\/wp-json\/wp\/v2\/posts\/172326\/revisions"}],"wp:featuredmedia":[{"embeddable":true,"href":"https:\/\/www.europesays.com\/es\/wp-json\/wp\/v2\/media\/172327"}],"wp:attachment":[{"href":"https:\/\/www.europesays.com\/es\/wp-json\/wp\/v2\/media?parent=172326"}],"wp:term":[{"taxonomy":"category","embeddable":true,"href":"https:\/\/www.europesays.com\/es\/wp-json\/wp\/v2\/categories?post=172326"},{"taxonomy":"post_tag","embeddable":true,"href":"https:\/\/www.europesays.com\/es\/wp-json\/wp\/v2\/tags?post=172326"}],"curies":[{"name":"wp","href":"https:\/\/api.w.org\/{rel}","templated":true}]}}