{"id":172330,"date":"2025-10-12T18:42:09","date_gmt":"2025-10-12T18:42:09","guid":{"rendered":"https:\/\/www.europesays.com\/es\/172330\/"},"modified":"2025-10-12T18:42:09","modified_gmt":"2025-10-12T18:42:09","slug":"joel-jover-soy-un-lector-que-escribe","status":"publish","type":"post","link":"https:\/\/www.europesays.com\/es\/172330\/","title":{"rendered":"Joel Jover: \u201cSoy un lector que escribe\u201d"},"content":{"rendered":"<p>CAMAG\u00dcEY.- La galer\u00eda de poemas de Joel Jover se ampl\u00eda con Sed (Editorial \u00c1cana, 2025), un libro que llega para saciar \u2014y a la vez despertar\u2014 esa necesidad de mirar hacia dentro. Con la misma intensidad con que pinta, el creador camag\u00fceyano entrega ahora un poemario donde las im\u00e1genes se respiran, se beben, se escuchan.<\/p>\n<p>En el comienzo de la Jornada de la Cultura Cubana en Camag\u00fcey, la poes\u00eda volvi\u00f3 a tener el color del tiempo. En la sede de Sabor y Arte, el emprendimiento familiar que encabezan \u00e9l y la tambi\u00e9n creadora Ileana S\u00e1nchez, se present\u00f3 un libro que, seg\u00fan sus propias palabras, \u201cno es peque\u00f1o por el formato sino por la intenci\u00f3n\u201d. Y en esa humildad, en esa brevedad luminosa, est\u00e1 su fuerza.<\/p>\n<p>\u201cEs un libro que trata de hablarle a las personas sin rebuscamiento \u2014dice\u2014. Es un libro de im\u00e1genes, como si contemplaran un cuadro. La savia que transcurre en \u00e9l es la idea del desencuentro, de la sed personal por lo que no se pudo o no se intent\u00f3. Es, por supuesto, un libro de la vejez. Como dec\u00eda Reinaldo Arenas: hacerlo r\u00e1pidamente antes de que anochezca.\u201d<\/p>\n<p>Cada verso de Sed parece venir de un silencio pict\u00f3rico, de esos espacios donde Jover se detiene a mirar el mundo sin prisa. No escribe desde la t\u00e9cnica, sino desde la mirada: \u201cYo soy pintor \u2014confiesa\u2014. Ese libro est\u00e1 hecho con im\u00e1genes. No me considero escritor. Soy un lector que escribe.\u201d<\/p>\n<p>Su v\u00ednculo con la palabra no es nuevo. Antes, en Autorretrato con pez y mar de fondo, tambi\u00e9n publicado por \u00c1cana, dej\u00f3 una primera huella po\u00e9tica. Pero ahora la voz llega m\u00e1s serena, m\u00e1s \u00edntima: \u201cA estas alturas ya no pretendo nada. No por cansancio, sino porque la pretensi\u00f3n es como fabricar una imagen antes de haberla conseguido. Ahora me basta con mirar el patio lleno de hojas y entender que el viento pas\u00f3. Ya lo que quiero es estar tranquilo y en paz.\u201d<\/p>\n<p>La poes\u00eda de Jover no busca sustituir la pintura, sino completarla. Algunas im\u00e1genes, asegura, no podr\u00edan existir en el lienzo: \u201cNo es que la poes\u00eda sea lo que resta del pintor. Son cosas que no puedo hacer t\u00e9cnicamente en la pintura. Me doy cuenta de que hay ideas que no son para cuadro, son para escribirlas. A veces ha ocurrido al rev\u00e9s, como Autorretrato&#8230; que el poema se convirti\u00f3 en cuadro, pero no es lo com\u00fan.\u201d<\/p>\n<p><img decoding=\"async\" src=\"https:\/\/www.europesays.com\/es\/wp-content\/uploads\/2025\/10\/whatsapp_image_2025-10-10_at_15.00.511.jpeg\" alt=\"\" style=\"display: block; margin: 5px auto;\"\/><\/p>\n<p>Como en su pintura, tambi\u00e9n en sus versos hay una contenci\u00f3n deliberada. Los poemas de Sed son breves, precisos, como pinceladas que no necesitan m\u00e1s para revelar lo esencial: \u201cDesde el principio supe que no pod\u00eda escribir m\u00e1s que esto \u2014dice\u2014. Tienen que ser dos o tres versos, porque es la imagen. Cada poema funciona por separado, y ojal\u00e1 toque el corazoncito de todos.\u201d<\/p>\n<p>En su obra, la poes\u00eda no es un complemento, sino una continuidad. Sed confirma que, para Joel Jover, el arte es una forma de respirar y de recordar: una galer\u00eda interior donde los cuadros tambi\u00e9n pueden hablar.<\/p>\n<p>En las palabras de presentaci\u00f3n, el poeta Jes\u00fas Zamora enfatiz\u00f3 que \u201cla poes\u00eda debe defenderse sola\u201d. Tambi\u00e9n se mencionaron las ilustraciones hechas por el propio autor, quien fue severo consigo mismo: \u201cLa ilustraci\u00f3n es lo menos espiritual del libro.\u201d<\/p>\n<p>Jover tiene otros proyectos literarios. Trabaja en un libro de cuentos sobre los desencuentros de personas que debieron encontrarse \u2014o no lo hicieron\u2014 en el momento justo. Una novela terminada, La retinga del Diablo, espera por su edici\u00f3n. El t\u00edtulo \u2014explica\u2014 viene del nombre de una peque\u00f1a bah\u00eda de Nuevitas donde los pescadores se refugiaban del mal tiempo, y tambi\u00e9n de un antiguo prost\u00edbulo con igual nombre.<\/p>\n<p>\u201cLa novela habla de todo eso. Tiene muchos gui\u00f1os, m\u00e1s de cincuenta referencias a autores. Una persona pasa por La retinga del Diablo y dice: \u2018Est\u00e1n pintando la fachada de rojo, pero esto era verde antes\u2019. Es un gui\u00f1o a La casa verde, de Vargas Llosa.\u201d<\/p>\n<p>Su relaci\u00f3n con la literatura comenz\u00f3 temprano, en su natal Nuevitas, cuando asist\u00eda al taller literario de Enrique Cirules. \u201cAll\u00ed escrib\u00ed un cuento, La escalera,\u00a0 sobre un hombre que intenta subir tres pelda\u00f1os para sentirse reconocido. Era mi propia sensaci\u00f3n entonces: la necesidad de subir.\u201d<\/p>\n<p>Confes\u00f3 que cada vez que hace algo relacionado con la literatura siente \u201cel s\u00edndrome del impostor\u201d, y se remiti\u00f3 a la escuela de arte: \u201cAprend\u00ed t\u00e9cnica, aunque no mucho \u2014record\u00f3\u2014. Siempre he pensado que la t\u00e9cnica solo sirve para destruirla inmediatamente. En el arte, lo fundamental es romper la norma.\u201d<\/p>\n<p>La presentaci\u00f3n de Sed reuni\u00f3 a amigos, escritores, artistas y lectores. En ese ambiente de di\u00e1logo y afecto, el p\u00fablico escuch\u00f3 al pintor-poeta hablar de su obra con la serenidad de quien sigue creando desde la esencia.<\/p>\n<p>\u201cComo dec\u00eda Picasso: \u2018Yo no busco, encuentro\u2019. Eso me basta. Encontrar la paz, la calma, y seguir mirando el mundo con curiosidad.\u201d<\/p>\n","protected":false},"excerpt":{"rendered":"CAMAG\u00dcEY.- La galer\u00eda de poemas de Joel Jover se ampl\u00eda con Sed (Editorial \u00c1cana, 2025), un libro que&hellip;\n","protected":false},"author":2,"featured_media":172331,"comment_status":"","ping_status":"","sticky":false,"template":"","format":"standard","meta":{"footnotes":""},"categories":[172],"tags":[224,49829,146,147,25,24,49828,49830,225,23],"class_list":{"0":"post-172330","1":"post","2":"type-post","3":"status-publish","4":"format-standard","5":"has-post-thumbnail","7":"category-libros","8":"tag-books","9":"tag-editorial-acana","10":"tag-entertainment","11":"tag-entretenimiento","12":"tag-es","13":"tag-espana","14":"tag-joel-jover","15":"tag-jornada-de-la-cultura-cubana","16":"tag-libros","17":"tag-spain"},"share_on_mastodon":{"url":"","error":""},"_links":{"self":[{"href":"https:\/\/www.europesays.com\/es\/wp-json\/wp\/v2\/posts\/172330","targetHints":{"allow":["GET"]}}],"collection":[{"href":"https:\/\/www.europesays.com\/es\/wp-json\/wp\/v2\/posts"}],"about":[{"href":"https:\/\/www.europesays.com\/es\/wp-json\/wp\/v2\/types\/post"}],"author":[{"embeddable":true,"href":"https:\/\/www.europesays.com\/es\/wp-json\/wp\/v2\/users\/2"}],"replies":[{"embeddable":true,"href":"https:\/\/www.europesays.com\/es\/wp-json\/wp\/v2\/comments?post=172330"}],"version-history":[{"count":0,"href":"https:\/\/www.europesays.com\/es\/wp-json\/wp\/v2\/posts\/172330\/revisions"}],"wp:featuredmedia":[{"embeddable":true,"href":"https:\/\/www.europesays.com\/es\/wp-json\/wp\/v2\/media\/172331"}],"wp:attachment":[{"href":"https:\/\/www.europesays.com\/es\/wp-json\/wp\/v2\/media?parent=172330"}],"wp:term":[{"taxonomy":"category","embeddable":true,"href":"https:\/\/www.europesays.com\/es\/wp-json\/wp\/v2\/categories?post=172330"},{"taxonomy":"post_tag","embeddable":true,"href":"https:\/\/www.europesays.com\/es\/wp-json\/wp\/v2\/tags?post=172330"}],"curies":[{"name":"wp","href":"https:\/\/api.w.org\/{rel}","templated":true}]}}