{"id":172338,"date":"2025-10-12T18:47:08","date_gmt":"2025-10-12T18:47:08","guid":{"rendered":"https:\/\/www.europesays.com\/es\/172338\/"},"modified":"2025-10-12T18:47:08","modified_gmt":"2025-10-12T18:47:08","slug":"la-humanidad-vive-mas-pero-los-jovenes-mueren-antes-por-el-consumo-de-drogas-y-el-aumento-de-los-suicidios","status":"publish","type":"post","link":"https:\/\/www.europesays.com\/es\/172338\/","title":{"rendered":"La humanidad vive m\u00e1s, pero los j\u00f3venes mueren antes por el consumo de drogas y el aumento de los suicidios"},"content":{"rendered":"<p class=\"v-mdl-ath__p v-mdl-ath__p--6\">\nDomingo, 12 de octubre 2025, 20:02<\/p>\n<p>| Actualizado 20:14h.<\/p>\n<p class=\"v-p\">La humanidad vive m\u00e1s y muere menos, pero los j\u00f3venes parecen estar quedando atr\u00e1s. As\u00ed lo advierte el \u00faltimo estudio del Instituto de M\u00e9tricas y Evaluaci\u00f3n de la Salud (IHME) de la Universidad de Washington, publicado en la revista &#8216;The Lancet&#8217; y presentado en la Cumbre Mundial de la Salud en Berl\u00edn. A pesar de que la tasa mundial de mortalidad ha ca\u00eddo un 67% desde 1950 y la esperanza de vida ha vuelto a niveles prepand\u00e9micos \u201476,3 a\u00f1os para las mujeres y 71,5 para los hombres\u2014, los investigadores alertan de un preocupante repunte de muertes entre j\u00f3venes de 15 a 39 a\u00f1os.<\/p>\n<p class=\"v-p\">Entre 2011 y 2023, las muertes aumentaron de forma significativa en Am\u00e9rica del Norte y Europa del Este, especialmente entre los adultos j\u00f3venes, con el suicidio, la sobredosis de drogas y el consumo excesivo de alcohol como principales causas. En el Caribe y \u00c1frica subsahariana, la mortalidad femenina joven tambi\u00e9n se dispar\u00f3, impulsada por complicaciones maternas, accidentes de tr\u00e1fico y meningitis.<\/p>\n<p class=\"v-p\">El informe, dirigido por el doctor Christopher Murray, recopila datos de 375 enfermedades y 88 factores de riesgo en 204 pa\u00edses desde 1990, convirti\u00e9ndose en el an\u00e1lisis m\u00e1s exhaustivo sobre el estado de la salud global. Entre sus conclusiones, destaca que casi la mitad de todas las muertes y discapacidades podr\u00edan prevenirse modificando h\u00e1bitos de riesgo, como la reducci\u00f3n del az\u00facar en sangre o del \u00edndice de masa corporal (IMC).<\/p>\n<p class=\"v-p\">Las enfermedades no transmisibles (ENT) \u2014como la cardiopat\u00eda isqu\u00e9mica, el ictus o la diabetes\u2014 ya son responsables de casi dos tercios de las muertes mundiales, desplazando a las infecciosas, que d\u00e9cadas atr\u00e1s dominaban las estad\u00edsticas. La COVID-19, que en 2021 fue la principal causa de muerte, cay\u00f3 hasta el vig\u00e9simo puesto en 2023.<\/p>\n<p class=\"v-p\">Sin embargo, el estudio revela un inquietante giro generacional: mientras los avances m\u00e9dicos prolongan la vida de los mayores, los j\u00f3venes se enfrentan a nuevos enemigos invisibles. El aumento de los trastornos mentales \u2014con un 63% m\u00e1s de casos de ansiedad y un 26% m\u00e1s de depresi\u00f3n\u2014, el abuso de drogas y los efectos del cambio clim\u00e1tico sobre la salud est\u00e1n configurando un nuevo mapa de riesgos.<\/p>\n<p class=\"v-p\">\u00abLa buena noticia es que vivimos m\u00e1s; la mala, que nuestros j\u00f3venes est\u00e1n muriendo antes\u00bb, resume Murray. Un diagn\u00f3stico que, m\u00e1s all\u00e1 de los datos, plantea un desaf\u00edo urgente para la salud p\u00fablica mundial: evitar que la generaci\u00f3n m\u00e1s conectada de la historia se convierta tambi\u00e9n en la m\u00e1s vulnerable.<\/p>\n<p>Reporta un error<\/p>\n","protected":false},"excerpt":{"rendered":"Domingo, 12 de octubre 2025, 20:02 | Actualizado 20:14h. La humanidad vive m\u00e1s y muere menos, pero los&hellip;\n","protected":false},"author":2,"featured_media":172339,"comment_status":"","ping_status":"","sticky":false,"template":"","format":"standard","meta":{"footnotes":""},"categories":[92],"tags":[5609,3213,794,25,24,165,19400,433,25711,166,23,49831,1343],"class_list":{"0":"post-172338","1":"post","2":"type-post","3":"status-publish","4":"format-standard","5":"has-post-thumbnail","7":"category-salud","8":"tag-aumento","9":"tag-consumo","10":"tag-drogas","11":"tag-es","12":"tag-espana","13":"tag-health","14":"tag-humanidad","15":"tag-jovenes","16":"tag-mueren","17":"tag-salud","18":"tag-spain","19":"tag-suicidos","20":"tag-vive"},"share_on_mastodon":{"url":"","error":""},"_links":{"self":[{"href":"https:\/\/www.europesays.com\/es\/wp-json\/wp\/v2\/posts\/172338","targetHints":{"allow":["GET"]}}],"collection":[{"href":"https:\/\/www.europesays.com\/es\/wp-json\/wp\/v2\/posts"}],"about":[{"href":"https:\/\/www.europesays.com\/es\/wp-json\/wp\/v2\/types\/post"}],"author":[{"embeddable":true,"href":"https:\/\/www.europesays.com\/es\/wp-json\/wp\/v2\/users\/2"}],"replies":[{"embeddable":true,"href":"https:\/\/www.europesays.com\/es\/wp-json\/wp\/v2\/comments?post=172338"}],"version-history":[{"count":0,"href":"https:\/\/www.europesays.com\/es\/wp-json\/wp\/v2\/posts\/172338\/revisions"}],"wp:featuredmedia":[{"embeddable":true,"href":"https:\/\/www.europesays.com\/es\/wp-json\/wp\/v2\/media\/172339"}],"wp:attachment":[{"href":"https:\/\/www.europesays.com\/es\/wp-json\/wp\/v2\/media?parent=172338"}],"wp:term":[{"taxonomy":"category","embeddable":true,"href":"https:\/\/www.europesays.com\/es\/wp-json\/wp\/v2\/categories?post=172338"},{"taxonomy":"post_tag","embeddable":true,"href":"https:\/\/www.europesays.com\/es\/wp-json\/wp\/v2\/tags?post=172338"}],"curies":[{"name":"wp","href":"https:\/\/api.w.org\/{rel}","templated":true}]}}