{"id":17234,"date":"2025-07-31T22:30:08","date_gmt":"2025-07-31T22:30:08","guid":{"rendered":"https:\/\/www.europesays.com\/es\/17234\/"},"modified":"2025-07-31T22:30:08","modified_gmt":"2025-07-31T22:30:08","slug":"alaphilippe-baja-en-la-clasica-por-una-infeccion-respiratoria","status":"publish","type":"post","link":"https:\/\/www.europesays.com\/es\/17234\/","title":{"rendered":"Alaphilippe, baja en la Cl\u00e1sica por una infecci\u00f3n respiratoria"},"content":{"rendered":"<p>Julian Alaphilippe no participar\u00e1 el s\u00e1bado en la Cl\u00e1sica de San Sebasti\u00e1n debido a \u00abuna infecci\u00f3n en las v\u00edas respiratorias superiores\u00bb, seg\u00fan reza el comunicado  &#8230; de su equipo. Tudor. Enfermo tras acabar el Tour, el franc\u00e9s renuncia a una carrera en la que se impuso en 2018 y se clasific\u00f3 segundo el a\u00f1o pasado detr\u00e1s de su ahora compa\u00f1ero de equipo Marc Hirschi. El suizo ser\u00e1 precisamente el jefe de filas de Tudor en Donostia. Julian Alaphilippe debe definir su calendario para lo que resta de temporada. <\/p>\n<p class=\"v-p\">Tiene 33 a\u00f1os y dos m\u00e1s de contrato con la formaci\u00f3n helv\u00e9tica, a la que lleg\u00f3 en enero procedente del Soudal. Salvo que ampl\u00ede su n\u00f3mina a \u00faltima hora, Tudor tomar\u00e1 la salida en los jardines de Alderdi Eder con seis ciclistas: Marc Hirschi, que llevar\u00e1 el dorsal 1 como vencedor de 2024, Mathys Rondel, Fabian Weiss, Larry Warbasse, Lucar Eriksson y Florian Stork. Deja vacante el n\u00famero 2, asignado en un principio a Alaphilippe.<\/p>\n","protected":false},"excerpt":{"rendered":"Julian Alaphilippe no participar\u00e1 el s\u00e1bado en la Cl\u00e1sica de San Sebasti\u00e1n debido a \u00abuna infecci\u00f3n en las&hellip;\n","protected":false},"author":2,"featured_media":17235,"comment_status":"","ping_status":"","sticky":false,"template":"","format":"standard","meta":{"footnotes":""},"categories":[273],"tags":[11055,6814,313,2683,312,168,25,24,1373,11056,23,167],"class_list":{"0":"post-17234","1":"post","2":"type-post","3":"status-publish","4":"format-standard","5":"has-post-thumbnail","7":"category-ciclismo","8":"tag-alaphilippe","9":"tag-baja","10":"tag-ciclismo","11":"tag-clasica","12":"tag-cycling","13":"tag-deportes","14":"tag-es","15":"tag-espana","16":"tag-infeccion","17":"tag-respiratoria","18":"tag-spain","19":"tag-sports"},"share_on_mastodon":{"url":"","error":""},"_links":{"self":[{"href":"https:\/\/www.europesays.com\/es\/wp-json\/wp\/v2\/posts\/17234","targetHints":{"allow":["GET"]}}],"collection":[{"href":"https:\/\/www.europesays.com\/es\/wp-json\/wp\/v2\/posts"}],"about":[{"href":"https:\/\/www.europesays.com\/es\/wp-json\/wp\/v2\/types\/post"}],"author":[{"embeddable":true,"href":"https:\/\/www.europesays.com\/es\/wp-json\/wp\/v2\/users\/2"}],"replies":[{"embeddable":true,"href":"https:\/\/www.europesays.com\/es\/wp-json\/wp\/v2\/comments?post=17234"}],"version-history":[{"count":0,"href":"https:\/\/www.europesays.com\/es\/wp-json\/wp\/v2\/posts\/17234\/revisions"}],"wp:featuredmedia":[{"embeddable":true,"href":"https:\/\/www.europesays.com\/es\/wp-json\/wp\/v2\/media\/17235"}],"wp:attachment":[{"href":"https:\/\/www.europesays.com\/es\/wp-json\/wp\/v2\/media?parent=17234"}],"wp:term":[{"taxonomy":"category","embeddable":true,"href":"https:\/\/www.europesays.com\/es\/wp-json\/wp\/v2\/categories?post=17234"},{"taxonomy":"post_tag","embeddable":true,"href":"https:\/\/www.europesays.com\/es\/wp-json\/wp\/v2\/tags?post=17234"}],"curies":[{"name":"wp","href":"https:\/\/api.w.org\/{rel}","templated":true}]}}