{"id":172348,"date":"2025-10-12T18:52:07","date_gmt":"2025-10-12T18:52:07","guid":{"rendered":"https:\/\/www.europesays.com\/es\/172348\/"},"modified":"2025-10-12T18:52:07","modified_gmt":"2025-10-12T18:52:07","slug":"alvise-saca-pecho-ante-pp-y-vox-y-reune-a-miles-de-seguidores-pese-a-sus-imputaciones-judiciales-espana","status":"publish","type":"post","link":"https:\/\/www.europesays.com\/es\/172348\/","title":{"rendered":"Alvise saca pecho ante PP y Vox y re\u00fane a miles de seguidores pese a sus imputaciones judiciales | Espa\u00f1a"},"content":{"rendered":"<p class=\"\">Como en la liturgia de algunas sectas religiosas o en algunas ceremonias castrenses, el mitin de presentaci\u00f3n de <a href=\"https:\/\/elpais.com\/noticias\/se-acabo-la-fiesta\/\" target=\"_self\" rel=\"nofollow noopener\" title=\"https:\/\/elpais.com\/noticias\/se-acabo-la-fiesta\/\">Se Acab\u00f3 la Fiesta<\/a> (SALF) como partido pol\u00edtico ha terminado este domingo con los asistentes jurando, a voz en grito y de pie, cumplir los compromisos que enumeraba su l\u00edder, Alvise P\u00e9rez. Entre otros, mantenerse movilizados hasta las pr\u00f3ximas elecciones generales, a las que el eurodiputado ha confirmado que se presentar\u00e1 como candidato. Previamente, ha tomado juramente p\u00fablico de lealtad a los miembros de su Ejecutiva. No era un acto superfluo: Diego Solier y Nora Junco, los otros dos eurodiputados que obtuvieron esca\u00f1o en lista que Alvise encabezaba, le han abandonado y se han querellado contra \u00e9l por instar a su linchamiento a trav\u00e9s de las redes sociales y revelar datos personales. Es una de las cuatro causas que tiene<a href=\"https:\/\/elpais.com\/espana\/2025-09-24\/la-fiscalia-reclama-al-supremo-que-se-levante-la-inmunidad-de-alvise-para-investigarlo-por-financiacion-irregular-de-su-partido.html\" target=\"_self\" rel=\"nofollow noopener\" title=\"https:\/\/elpais.com\/espana\/2025-09-24\/la-fiscalia-reclama-al-supremo-que-se-levante-la-inmunidad-de-alvise-para-investigarlo-por-financiacion-irregular-de-su-partido.html\"> abiertas en el Tribunal Supremo<\/a>. <\/p>\n<p class=\"\">Alvise ha elegido el Palacio de Vistalegre, en el barrio madrile\u00f1o de Carabanchel, para la puesta de largo del nuevo partido \u2013hasta ahora, una agrupaci\u00f3n electoral-, el mismo escenario donde Podemos y Vox tuvieron su bautismo multitudinario en 2014 y 2018 respectivamente. El activista ultra no ha conseguido llenar la antigua plaza de toros \u2013con un aforo de 10.000 espectadores\u2014 pero s\u00ed el ruedo y parte de los grader\u00edos. En total, unas 4.000 personas (m\u00e1s de 5.000, seg\u00fan los organizadores) que, para poder asistir, tuvieran que adelantar 15 euros \u2013en teor\u00eda devueltos luego\u2014y facilitar datos personales como el DNI o el n\u00famero de tarjeta de cr\u00e9dito. Todo un acto de fe en una persona que est\u00e1 acusada de fraude.<\/p>\n<p class=\"\">Alvise niega que financiara su campa\u00f1a electoral para las europeas con los 100.000 euros que le entreg\u00f3 un empresario, pero <a href=\"https:\/\/elpais.com\/espana\/2025-07-11\/alvise-admite-en-el-supremo-que-cobro-100000-euros-en-efectivo-pero-niega-que-los-usara-para-financiar-a-su-partido.html\" target=\"_self\" rel=\"nofollow noopener\" title=\"https:\/\/elpais.com\/espana\/2025-07-11\/alvise-admite-en-el-supremo-que-cobro-100000-euros-en-efectivo-pero-niega-que-los-usara-para-financiar-a-su-partido.html\">admite que recibi\u00f3 esa cantidad en dinero negro<\/a>, supuestamente a cambio de promocionar entre sus seguidores y en el Parlamento europeo un negocio fraudulento de criptomonedas. Ni ese reconocimiento ni las cuatro causas que tiene abiertas en el Tribunal Supremo \u2013entre otras, por difundir un falso positivo de la covid del entonces ministro de Sanidad Salvador Illa\u2014parecen haber hecho mella en sus admiradores. <\/p>\n<p class=\"\">\u201cHoy con Alvise conocer\u00e9is la verdad y la verdad os liberar\u00e1\u201d, ha anunciado la presentadora del acto antes de darle paso. En vez de subir directamente al escenario, como los dem\u00e1s oradores, el l\u00edder ha cruzado todo el coso a los acordes de una m\u00fasica triunfal mientras era agasajado y aclamado por los asistentes. Sus propuestas no se han diferenciado demasiado de las habituales de Vox e incluso el PP, aunque, siguiendo el consejo de Groucho Marx, les ha a\u00f1adido \u2018dos huevos duros\u2019.<\/p>\n<p class=\"\">As\u00ed, ha prometido rebajar cinco puntos del IRPF por cada hijo \u2013Vox propone cuatro\u2014y acometer \u201cla mayor deportaci\u00f3n masiva de inmigrantes\u201d, financi\u00e1ndola con los 4.000 millones que Espa\u00f1a dedica a cooperaci\u00f3n al desarrollo. Se ha presentado como una versi\u00f3n espa\u00f1ola del presidente salvadore\u00f1o Nayib Bukele, quien ha alquilado los centros penitenciarios de su pa\u00eds a Trump para que encierre a inmigrantes irregulares, y ha desenterrado su promesa de construir una \u201cmacroc\u00e1rcel\u201d, en la que los presos no tengan \u201cpiscinas, gimnasios ni privilegios\u201d. En la misma l\u00ednea de mano dura, ha propuesto reformar el C\u00f3digo Penal para que se pueda embargar el patrimonio de los familiares de los condenados por corrupci\u00f3n y estos no disfruten de ning\u00fan permiso carcelario hasta que devuelvan todo lo robado. Uno de los momentos m\u00e1s celebrados por auditorio ha sido cuando un imitador se ha hecho pasar por el exministro Jos\u00e9 Luis \u00c1balos y ha sido detenido por supuestos polic\u00edas.<\/p>\n<p class=\"\">Aunque el p\u00fablico ha jaleado repetidamente insultos contra el presidente del Gobierno, los oradores se han esforzado por aclarar que SALF no va en contra un partido determinado sino del sistema en su conjunto. El expolic\u00eda Adri\u00e1n Yacar, presentado como experto en Inteligencia Artificial, ha asegurado que \u201cel fraude electoral existe, aunque nos quieran hacer creer que son casos aislados\u201d y ha anunciado un programa inform\u00e1tico, denominado Ecrutinia.2, con el que SALF pretende hacer un recuento paralelo de los votos en las pr\u00f3ximas elecciones generales. <\/p>\n<p class=\"\">Parad\u00f3jicamente, mientras arroja dudas sobre la limpieza del sistema electoral espa\u00f1ol, que ning\u00fan otro partido cuestiona, SALF ha mostrado escasa transparencia sobre sus propias elecciones internas: durante el acto se ha anunciado que Alvise hab\u00eda sido elegido presidente dela nueva formaci\u00f3n con el 98,16% de los votos, pero no se ha informado de cu\u00e1ntos afiliados le han votado. <\/p>\n<p class=\"\">Tras haber sido criticado por no cumplir su promesa de sortear su sueldo \u00edntegro de eurodiputado \u2013suspendi\u00f3 los sorteos con el pretexto de la dana al inicio de la legislatura-, Alvise ha escenificado la entrega de un cheque de 50.000 euros a la fundaci\u00f3n de hu\u00e9rfanos de la Polic\u00eda Nacional y ha prometido repetir la operaci\u00f3n pr\u00f3ximamente con la Guardia Civil.<\/p>\n<p class=\"\">El l\u00edder de SALF ha evitado criticar directamente al PP o Vox. Seg\u00fan \u00e9l mismo confes\u00f3 al empresario \u00c1lvaro Romillo, implicado en el fraude de las criptomonedas, su objetivo es obtener los esca\u00f1os imprescindibles para completar una mayor\u00eda de derechas con Feij\u00f3o y Abascal. Para eso necesita que las causas que tienen abiertas en el Supremo no lleven a su inhabilitaci\u00f3n. De momento, ha nombrado secretario general y n\u00famero dos del partido a su propio abogado, Luis de las Heras Vives.<\/p>\n","protected":false},"excerpt":{"rendered":"Como en la liturgia de algunas sectas religiosas o en algunas ceremonias castrenses, el mitin de presentaci\u00f3n de&hellip;\n","protected":false},"author":2,"featured_media":172349,"comment_status":"","ping_status":"","sticky":false,"template":"","format":"standard","meta":{"footnotes":""},"categories":[8],"tags":[25790,17,18,6323,25,24,13,14,11,19,20,9,10,15,16,957,952,49838,23,12,21,22,4247],"class_list":{"0":"post-172348","1":"post","2":"type-post","3":"status-publish","4":"format-standard","5":"has-post-thumbnail","7":"category-espana","8":"tag-alvise-perez","9":"tag-breaking-news","10":"tag-breakingnews","11":"tag-elecciones-generales","12":"tag-es","13":"tag-espana","14":"tag-featured-news","15":"tag-featurednews","16":"tag-headlines","17":"tag-latest-news","18":"tag-latestnews","19":"tag-news","20":"tag-noticias","21":"tag-noticias-destacadas","22":"tag-noticiasdestacadas","23":"tag-partidos-politicos","24":"tag-politica","25":"tag-se-acabo-la-fiesta-salf","26":"tag-spain","27":"tag-titulares","28":"tag-ultimas-noticias","29":"tag-ultimasnoticias","30":"tag-ultraderecha"},"share_on_mastodon":{"url":"","error":""},"_links":{"self":[{"href":"https:\/\/www.europesays.com\/es\/wp-json\/wp\/v2\/posts\/172348","targetHints":{"allow":["GET"]}}],"collection":[{"href":"https:\/\/www.europesays.com\/es\/wp-json\/wp\/v2\/posts"}],"about":[{"href":"https:\/\/www.europesays.com\/es\/wp-json\/wp\/v2\/types\/post"}],"author":[{"embeddable":true,"href":"https:\/\/www.europesays.com\/es\/wp-json\/wp\/v2\/users\/2"}],"replies":[{"embeddable":true,"href":"https:\/\/www.europesays.com\/es\/wp-json\/wp\/v2\/comments?post=172348"}],"version-history":[{"count":0,"href":"https:\/\/www.europesays.com\/es\/wp-json\/wp\/v2\/posts\/172348\/revisions"}],"wp:featuredmedia":[{"embeddable":true,"href":"https:\/\/www.europesays.com\/es\/wp-json\/wp\/v2\/media\/172349"}],"wp:attachment":[{"href":"https:\/\/www.europesays.com\/es\/wp-json\/wp\/v2\/media?parent=172348"}],"wp:term":[{"taxonomy":"category","embeddable":true,"href":"https:\/\/www.europesays.com\/es\/wp-json\/wp\/v2\/categories?post=172348"},{"taxonomy":"post_tag","embeddable":true,"href":"https:\/\/www.europesays.com\/es\/wp-json\/wp\/v2\/tags?post=172348"}],"curies":[{"name":"wp","href":"https:\/\/api.w.org\/{rel}","templated":true}]}}