{"id":172354,"date":"2025-10-12T18:55:12","date_gmt":"2025-10-12T18:55:12","guid":{"rendered":"https:\/\/www.europesays.com\/es\/172354\/"},"modified":"2025-10-12T18:55:12","modified_gmt":"2025-10-12T18:55:12","slug":"tauromaquia-popular-concurso-de-recortes-de-zaragoza-avance-taurino","status":"publish","type":"post","link":"https:\/\/www.europesays.com\/es\/172354\/","title":{"rendered":"Tauromaquia popular. Concurso de recortes de Zaragoza \u2013 Avance Taurino"},"content":{"rendered":"<p>Sa\u00fal Pardo fue el ganador.<\/p>\n<p>\u00a0<\/p>\n<p>El s\u00e1bado 11 de octubre se celebr\u00f3 en Zaragoza el XIII Concurso de Recortes con Toros de Fuego que tuvo como escenario el coso de La Misericordia.<\/p>\n<p>Los participantes fueron Jos\u00e9 Jim\u00e9nez, Omar Bruno, Nacho Sanjuan, Jorge G\u00f3mez, Jamal Chee, Sa\u00fal Pardo, Francisco Pisador \u201cLeguiche\u201d, Jos\u00e9 Manuel Medina \u201cZorrillo\u201d, Dani Bertol \u201cPlata\u201d, \u00c1lvaro Carpintero \u201cCarpin\u201d, Sergio Mart\u00ednez, Adri\u00e1n Ramos, Javier Manso \u201cBalotelli\u201d, Fernando Murillo, Fidel Cant\u00edn y Pipe Mart\u00edn, que hicieron frente a reses de la ganader\u00eda Hermanos S\u00e1nchez Herrero.<\/p>\n<p>Ala prueba final pasaron Sa\u00fal Pardo, Fernando Murillo, Sergio Mart\u00ednez y Jos\u00e9 Manuel Medina<\/p>\n<p>Finalmente Sa\u00fal Pardo se alz\u00f3 como triunfador de la noche, lo que le convierte en concursante directo del concurso goyesco de recortes con toros.<\/p>\n","protected":false},"excerpt":{"rendered":"Sa\u00fal Pardo fue el ganador. \u00a0 El s\u00e1bado 11 de octubre se celebr\u00f3 en Zaragoza el XIII Concurso&hellip;\n","protected":false},"author":2,"featured_media":172355,"comment_status":"","ping_status":"","sticky":false,"template":"","format":"standard","meta":{"footnotes":""},"categories":[277],"tags":[373,168,25,24,23,167,374],"class_list":{"0":"post-172354","1":"post","2":"type-post","3":"status-publish","4":"format-standard","5":"has-post-thumbnail","7":"category-toreo","8":"tag-bullfighting","9":"tag-deportes","10":"tag-es","11":"tag-espana","12":"tag-spain","13":"tag-sports","14":"tag-toreo"},"share_on_mastodon":{"url":"","error":""},"_links":{"self":[{"href":"https:\/\/www.europesays.com\/es\/wp-json\/wp\/v2\/posts\/172354","targetHints":{"allow":["GET"]}}],"collection":[{"href":"https:\/\/www.europesays.com\/es\/wp-json\/wp\/v2\/posts"}],"about":[{"href":"https:\/\/www.europesays.com\/es\/wp-json\/wp\/v2\/types\/post"}],"author":[{"embeddable":true,"href":"https:\/\/www.europesays.com\/es\/wp-json\/wp\/v2\/users\/2"}],"replies":[{"embeddable":true,"href":"https:\/\/www.europesays.com\/es\/wp-json\/wp\/v2\/comments?post=172354"}],"version-history":[{"count":0,"href":"https:\/\/www.europesays.com\/es\/wp-json\/wp\/v2\/posts\/172354\/revisions"}],"wp:featuredmedia":[{"embeddable":true,"href":"https:\/\/www.europesays.com\/es\/wp-json\/wp\/v2\/media\/172355"}],"wp:attachment":[{"href":"https:\/\/www.europesays.com\/es\/wp-json\/wp\/v2\/media?parent=172354"}],"wp:term":[{"taxonomy":"category","embeddable":true,"href":"https:\/\/www.europesays.com\/es\/wp-json\/wp\/v2\/categories?post=172354"},{"taxonomy":"post_tag","embeddable":true,"href":"https:\/\/www.europesays.com\/es\/wp-json\/wp\/v2\/tags?post=172354"}],"curies":[{"name":"wp","href":"https:\/\/api.w.org\/{rel}","templated":true}]}}