{"id":172356,"date":"2025-10-12T18:58:06","date_gmt":"2025-10-12T18:58:06","guid":{"rendered":"https:\/\/www.europesays.com\/es\/172356\/"},"modified":"2025-10-12T18:58:06","modified_gmt":"2025-10-12T18:58:06","slug":"solana-sierra-se-corona-en-santa-ponca","status":"publish","type":"post","link":"https:\/\/www.europesays.com\/es\/172356\/","title":{"rendered":"Solana Sierra se corona en Santa Pon\u00e7a"},"content":{"rendered":"<p>El <strong>Vanda Pharmaceuticals Mallorca Women\u2019s Championships presented by ecotrans Group<\/strong> (<a href=\"https:\/\/www.ultimahora.es\/etiqueta\/WTA.html?utm_source=Inline-tag&amp;utm_medium=internal\" rel=\"nofollow noopener\" target=\"_blank\">WTA<\/a> 125) cerr\u00f3 este domingo su primera edici\u00f3n con la argentina <strong>Solana Sierra<\/strong>, primera cabeza de serie (No. 86 del ranking mundial), imponi\u00e9ndose a la serbia<strong> Lola Radivojevic (No. 173) por 6-3, 6-1<\/strong>, en un partido que tuvo que interrumpirse por lluvia poco despu\u00e9s del inicio, cuando Sierra lideraba por 4-2 (30-15). A las 15:00 horas, con el regreso del sol, el encuentro se reanud\u00f3 ante un <strong>p\u00fablico entusiasta que no se dej\u00f3 desanimar por la pausa<\/strong> y que cont\u00f3 con una destacada presencia de aficionados argentinos que alentaron sin descanso a su compatriota.<\/p>\n<p>Sierra marc\u00f3 la diferencia con un primer servicio eficaz, un rev\u00e9s potente y un resto agresivo, imponiendo su dominio desde el fondo de la pista. La serbia Radivojevic, que ven\u00eda de una destacada semana en Mallorca, <strong>ofreci\u00f3 resistencia, pero no pudo frenar el ritmo de la jugadora argentina<\/strong>, que conquista un t\u00edtulo importante de su joven carrera. La tenista argentina recibi\u00f3 el trofeo de manos de su compatriota y embajadora del torneo, <strong>Gabriela Sabatin<\/strong>i, y de <strong>Marco Taboas<\/strong>, director insular de la Fundaci\u00f3 Turisme Responsable de Mallorca, mientras que la finalista fue premiada por <strong>Edwin Weindorfer<\/strong>, CEO de e|motion group, y <strong>Javier Tasc\u00f3n<\/strong>, teniente de alcalde de Calvi\u00e0.<\/p>\n<p>Visiblemente emocionada durante la entrega de premios, Solana Sierra agradeci\u00f3 a su entorno y al p\u00fablico mallorqu\u00edn por el apoyo recibido: \u00abHe pasado unas semanas bastante malas, as\u00ed que <strong>gracias a mi equipo<\/strong> por estar aqu\u00ed siempre. He disfrutado mucho de este torneo, y ha sido una ayuda importante tener a Gabriela aqu\u00ed\u00bb.<\/p>\n","protected":false},"excerpt":{"rendered":"El Vanda Pharmaceuticals Mallorca Women\u2019s Championships presented by ecotrans Group (WTA 125) cerr\u00f3 este domingo su primera edici\u00f3n&hellip;\n","protected":false},"author":2,"featured_media":172357,"comment_status":"","ping_status":"","sticky":false,"template":"","format":"standard","meta":{"footnotes":""},"categories":[274],"tags":[168,25,24,49841,6894,3439,23,167,327,326,3123],"class_list":{"0":"post-172356","1":"post","2":"type-post","3":"status-publish","4":"format-standard","5":"has-post-thumbnail","7":"category-tenis","8":"tag-deportes","9":"tag-es","10":"tag-espana","11":"tag-gabriela-sabatini","12":"tag-rafa-nadal","13":"tag-rafael-nadal","14":"tag-spain","15":"tag-sports","16":"tag-tenis","17":"tag-tennis","18":"tag-wta"},"share_on_mastodon":{"url":"","error":""},"_links":{"self":[{"href":"https:\/\/www.europesays.com\/es\/wp-json\/wp\/v2\/posts\/172356","targetHints":{"allow":["GET"]}}],"collection":[{"href":"https:\/\/www.europesays.com\/es\/wp-json\/wp\/v2\/posts"}],"about":[{"href":"https:\/\/www.europesays.com\/es\/wp-json\/wp\/v2\/types\/post"}],"author":[{"embeddable":true,"href":"https:\/\/www.europesays.com\/es\/wp-json\/wp\/v2\/users\/2"}],"replies":[{"embeddable":true,"href":"https:\/\/www.europesays.com\/es\/wp-json\/wp\/v2\/comments?post=172356"}],"version-history":[{"count":0,"href":"https:\/\/www.europesays.com\/es\/wp-json\/wp\/v2\/posts\/172356\/revisions"}],"wp:featuredmedia":[{"embeddable":true,"href":"https:\/\/www.europesays.com\/es\/wp-json\/wp\/v2\/media\/172357"}],"wp:attachment":[{"href":"https:\/\/www.europesays.com\/es\/wp-json\/wp\/v2\/media?parent=172356"}],"wp:term":[{"taxonomy":"category","embeddable":true,"href":"https:\/\/www.europesays.com\/es\/wp-json\/wp\/v2\/categories?post=172356"},{"taxonomy":"post_tag","embeddable":true,"href":"https:\/\/www.europesays.com\/es\/wp-json\/wp\/v2\/tags?post=172356"}],"curies":[{"name":"wp","href":"https:\/\/api.w.org\/{rel}","templated":true}]}}