{"id":17236,"date":"2025-07-31T22:32:15","date_gmt":"2025-07-31T22:32:15","guid":{"rendered":"https:\/\/www.europesays.com\/es\/17236\/"},"modified":"2025-07-31T22:32:15","modified_gmt":"2025-07-31T22:32:15","slug":"suerte-dispar-en-los-cuartos-del-eurobasket-sub-18-para-los-canteranos-del-baskonia","status":"publish","type":"post","link":"https:\/\/www.europesays.com\/es\/17236\/","title":{"rendered":"Suerte dispar en los cuartos del Eurobasket sub-18 para los canteranos del Baskonia"},"content":{"rendered":"<p>\n        El canterano del <a href=\"https:\/\/www.noticiasdealava.eus\/baskonia\/\" title=\"Baskonia\" class=\"link copy\" rel=\"nofollow noopener\" target=\"_blank\">Baskonia<\/a> <strong>Cheik Diallo contin\u00faa avanzando con paso firme en el Eurobasket sub-18 que se est\u00e1 disputando en Serbia y este jueves consigui\u00f3 clasificarse con Espa\u00f1a para la semifinal del torneo<\/strong>. No corri\u00f3 la misma suerte el otro de los jugadores azulgranas que est\u00e1 participando en la cita, <strong>Stefan Joksimovic<\/strong>, ya que la selecci\u00f3n de<strong> Eslovenia cay\u00f3 eliminada <\/strong>ante la todopoderosa Francia.\u00a0\n<\/p>\n<p class=\"article-body__text \">\n        Cheik Diallo, que est\u00e1 jugando con continuidad, aunque sin ser uno de los pilares de su equipo, <strong>anot\u00f3 4 puntos y recogi\u00f3 un rebote en la victoria de Espa\u00f1a por 54-77 sobre Turqu\u00eda<\/strong> gracias a un gran segundo cuarto que allan\u00f3 el camino para el conjunto nacional. El pr\u00f3ximo s\u00e1bado Diallo tendr\u00e1 la oportunidad de certificar una medalla con la disputa de la semifinal ante el ganador del Italia-Serbia.\n<\/p>\n<p>            <a href=\"https:\/\/www.noticiasdealava.eus\/baskonia\/2025\/07\/31\/matteo-spagnolo-gusta-jugar-instinto-9937816.html\" title=\"Matteo Spagnolo: &quot;Me gusta jugar por instinto y a un ritmo alto&quot;\" class=\"new__media\" rel=\"nofollow noopener\" target=\"_blank\"><\/p>\n<p>                <img alt=\"Matteo Spagnolo: &quot;Me gusta jugar por instinto y a un ritmo alto&quot;\" data-src=\"https:\/\/www.europesays.com\/es\/wp-content\/uploads\/2025\/07\/72b32997-4222-47da-931c-a042aef38f6e_16-9-aspect-ratio_default_0_x2952y1957.jpg\" class=\"lozad\"\/><\/p>\n<p>        <\/a><\/p>\n<p>        <a href=\"https:\/\/www.noticiasdealava.eus\/baskonia\/2025\/07\/31\/matteo-spagnolo-gusta-jugar-instinto-9937816.html\" title=\"Matteo Spagnolo: &quot;Me gusta jugar por instinto y a un ritmo alto&quot;\" class=\"new__headline\" rel=\"nofollow noopener\" target=\"_blank\"><br \/>\n            Matteo Spagnolo: \u00abMe gusta jugar por instinto y a un ritmo alto\u00bb<br \/>\n        <\/a><\/p>\n<p class=\"article-body__text \">\n        <strong>Joksimovic, por su parte, hizo lo que estuvo en su mano para dar la sorpresa ante Francia, pero su buena actuaci\u00f3n con 13 puntos, 5 rebotes, 2 asistencias y 13 cr\u00e9ditos de valoraci\u00f3n no fue suficiente<\/strong> para evitar la derrota de Eslovenia por 80-58. Joksimovic y Mahmutovic, autor de 19 puntos, se vieron demasiado solos ante un bloque galo m\u00e1s profundo, por lo que ahora deber\u00e1n conformarse con pelear por el quinto puesto.\n<\/p>\n<p class=\"article-body__text \">\n        El alero baskonista <strong>termina su paso por la fase por el t\u00edtulo con unos sobresalientes promedios de 16,4 puntos, 5,6 rebotes y 2,8 asistencias<\/strong> para 18,6 cr\u00e9ditos de valoraci\u00f3n.<\/p>\n","protected":false},"excerpt":{"rendered":"El canterano del Baskonia Cheik Diallo contin\u00faa avanzando con paso firme en el Eurobasket sub-18 que se est\u00e1&hellip;\n","protected":false},"author":2,"featured_media":17237,"comment_status":"","ping_status":"","sticky":false,"template":"","format":"standard","meta":{"footnotes":""},"categories":[269],"tags":[299,298,11059,168,11058,25,24,301,23,167,4039,11057],"class_list":{"0":"post-17236","1":"post","2":"type-post","3":"status-publish","4":"format-standard","5":"has-post-thumbnail","7":"category-baloncesto","8":"tag-baloncesto","9":"tag-basketball","10":"tag-cuartos","11":"tag-deportes","12":"tag-dispar","13":"tag-es","14":"tag-espana","15":"tag-eurobasket","16":"tag-spain","17":"tag-sports","18":"tag-sub","19":"tag-suerte"},"share_on_mastodon":{"url":"","error":""},"_links":{"self":[{"href":"https:\/\/www.europesays.com\/es\/wp-json\/wp\/v2\/posts\/17236","targetHints":{"allow":["GET"]}}],"collection":[{"href":"https:\/\/www.europesays.com\/es\/wp-json\/wp\/v2\/posts"}],"about":[{"href":"https:\/\/www.europesays.com\/es\/wp-json\/wp\/v2\/types\/post"}],"author":[{"embeddable":true,"href":"https:\/\/www.europesays.com\/es\/wp-json\/wp\/v2\/users\/2"}],"replies":[{"embeddable":true,"href":"https:\/\/www.europesays.com\/es\/wp-json\/wp\/v2\/comments?post=17236"}],"version-history":[{"count":0,"href":"https:\/\/www.europesays.com\/es\/wp-json\/wp\/v2\/posts\/17236\/revisions"}],"wp:featuredmedia":[{"embeddable":true,"href":"https:\/\/www.europesays.com\/es\/wp-json\/wp\/v2\/media\/17237"}],"wp:attachment":[{"href":"https:\/\/www.europesays.com\/es\/wp-json\/wp\/v2\/media?parent=17236"}],"wp:term":[{"taxonomy":"category","embeddable":true,"href":"https:\/\/www.europesays.com\/es\/wp-json\/wp\/v2\/categories?post=17236"},{"taxonomy":"post_tag","embeddable":true,"href":"https:\/\/www.europesays.com\/es\/wp-json\/wp\/v2\/tags?post=17236"}],"curies":[{"name":"wp","href":"https:\/\/api.w.org\/{rel}","templated":true}]}}