{"id":172360,"date":"2025-10-12T19:00:16","date_gmt":"2025-10-12T19:00:16","guid":{"rendered":"https:\/\/www.europesays.com\/es\/172360\/"},"modified":"2025-10-12T19:00:16","modified_gmt":"2025-10-12T19:00:16","slug":"checo-perez-y-valtteri-bottas-reciben-la-aprobacion-para-ser-llamados-los-fabulosos-cadillacs","status":"publish","type":"post","link":"https:\/\/www.europesays.com\/es\/172360\/","title":{"rendered":"Checo P\u00e9rez y Valtteri Bottas reciben la aprobaci\u00f3n para ser llamados Los Fabulosos Cadillacs"},"content":{"rendered":"<p>Est\u00e1n por cumplirse dos meses desde que el regreso de <a href=\"https:\/\/www.record.com.mx\/formula1\/excompanero-de-checo-perez-sufrio-por-choque-en-la-f1-me-desmaye-y-orine-sangre\" rel=\"nofollow noopener\" target=\"_blank\"><strong>Sergio &#8216;Checo&#8217; P\u00e9rez<\/strong><\/a> a la <a href=\"https:\/\/www.record.com.mx\/formula1\/la-formula-1-llega-america-este-es-el-calendario-para-la-maxima-categoria-del\" rel=\"nofollow noopener\" target=\"_blank\"><strong>F\u00f3rmula 1<\/strong><\/a> se hizo oficial. <a href=\"https:\/\/www.record.com.mx\/formula1\/cadillac-y-checo-perez-aceleran-su-ingreso-la-formula-1\" rel=\"nofollow noopener\" target=\"_blank\"><strong>Cadillac<\/strong><\/a>, que debutar\u00e1 en 2026 en la categor\u00eda, eligi\u00f3 al mexicano y a <strong>Valtteri Bottas <\/strong>como alineaci\u00f3n titular para lo que ser\u00e1 un primer a\u00f1o lleno de desaf\u00edos.\u00a0<\/p>\n<p>M\u00e1s all\u00e1 de los retos y dificultades que el equipo estadounidenses tendr\u00e1 en su incorporaci\u00f3n a la F1, los aficionados tomaron con alegr\u00eda y, sobre todo, con humor. El anuncio del fichaje del tapat\u00edo, adem\u00e1s que de inmediato le dieron un nuevo apodo a la dupla: <strong>\u00abLos Fabulosos Cadillacs<\/strong>\u00ab, en referencia a la agrupaci\u00f3n argentina fundada en 1984.\u00a0<\/p>\n<p><img loading=\"lazy\" decoding=\"async\" src=\"https:\/\/www.europesays.com\/es\/wp-content\/uploads\/2025\/10\/GzRmWdHXQAEBsus (1).jpg\" data-entity-uuid=\"db439394-99c9-47d7-9651-7685a80e43fa\" data-entity-type=\"file\" alt=\"Bottas y Checo son la alineaci\u00f3n titular de Cadillac\" width=\"800\" height=\"660\" data-caption=\"Bottas y Checo son la alineaci\u00f3n titular de Cadillac | X: @Cadillac_F1\"\/><\/p>\n<p>Bottas y Checo son la alineaci\u00f3n titular de Cadillac | X: @Cadillac_F1<\/p>\n<p>Aunque la tendencia comenz\u00f3 desde finales de agosto, cuando el equipo de <strong>TWG Motorsports<\/strong> hizo oficial el fichaje de los pilotos, esta semana lleg\u00f3 hasta <strong>Flavio Oscar Cianciarulo<\/strong>, conocido como <strong>&#8216;Sr. Flavio&#8217;<\/strong>. El cofundador de la banda comparti\u00f3 que le pareci\u00f3 divertido y asegur\u00f3 que no les molesta que los seguidores usen el nombre.<\/p>\n<p>Sr. Flavio aprob\u00f3 uso del nombre &#8216;Los Fabulosos Cadillacs&#8217;\u00a0<\/p>\n<p>Cianciarulo fund\u00f3 la banda junto con <strong>Vicentico en 1984 <\/strong>y desde entonces se ha convertido en una de las m\u00e1s populares en Am\u00e9rica Latina. Originalmente, el nombre era <strong>Cadillacs 57<\/strong>, pero se cambi\u00f3 a Fabulosos Cadillacs luego de una presentaci\u00f3n en un bar llamado Blues, seg\u00fan relato Flavio en una entrevista en 2023.\u00a0<\/p>\n<p><img loading=\"lazy\" decoding=\"async\" src=\"https:\/\/www.europesays.com\/es\/wp-content\/uploads\/2025\/10\/Gz2lloSXsAAHA85 (1)_0.jpg\" data-entity-uuid=\"b8553734-1c22-4de5-9a71-34fd7df791c2\" data-entity-type=\"file\" alt=\"Checo y Bottas son los nuevos pilotos de Cadillac\" width=\"640\" height=\"800\" data-caption=\"Checo y Bottas son los nuevos pilotos de Cadillac | X: @Cadillac_F1\"\/><\/p>\n<p>Checo y Bottas son los nuevos pilotos de Cadillac | X: @Cadillac_F1<\/p>\n<p>Ahora, el bajista y guitarrista de la agrupaci\u00f3n comparti\u00f3 sus impresiones cuando escuch\u00f3 el nuevo apodo a la dupla de la escuder\u00eda de F\u00f3rmula 1. \u00abEs simp\u00e1tico. Lo hemos recibido gratamente. Obviamente, todo el mundo nos estaba mandando este posteo viral. Mira lo fabuloso que queda, buen\u00edsimo\u201d.\u00a0<\/p>\n<p>\u201cEn definitiva, como digo siempre, nuestro nombre de banda no deja de ser un autom\u00f3vil, as\u00ed que est\u00e1 bien y me alegro por &#8216;Los Fabulosos Cadillacs&#8217; competidores de autos\u00bb, a\u00f1adi\u00f3 en una entrevista que le realizaron y que no tard\u00f3 en viralizarse en redes sociales.\u00a0<\/p>\n<p><img loading=\"lazy\" decoding=\"async\" src=\"https:\/\/www.europesays.com\/es\/wp-content\/uploads\/2025\/10\/Gz2lHP7XYAEICq0 (1)_0.jpg\" data-entity-uuid=\"01361840-5eb3-4749-935c-b20ace6c9c3f\" data-entity-type=\"file\" alt=\"La banda aprob\u00f3 el apodo para el equipo de Checo y Bottas\" width=\"640\" height=\"800\" data-caption=\"La banda aprob\u00f3 el apodo para el equipo de Checo y Bottas | X: @Cadillac_F1\"\/><\/p>\n<p>La banda aprob\u00f3 el apodo para el equipo de Checo y Bottas | X: @Cadillac_F1<\/p>\n<p>\u00bfCu\u00e1ndo volver\u00e1 a correr Checo P\u00e9rez en F\u00f3rmula 1?<\/p>\n<p>La espera fue larga para los aficionados m\u00e1s fieles del tapat\u00edo, que nunca perdieron la fe de ver al mexicano de nuevo con un equipo de la m\u00e1xima categor\u00eda del automovilismo. Sin embargo, ahora tendr\u00e1n que esperar un poco m\u00e1s para ver al &#8216;Viejo Sabroso&#8217; de nuevo a bordo de un monoplaza en una carrera oficial.\u00a0<\/p>\n<p>La Temporada 2026 de la F\u00f3rmula 1 nuevamente comenzar\u00e1 con el <strong>Gran Premio de Australia, <\/strong>programado del viernes 6 al domingo 8 de marzo. Melbourne fue el escenario en el cual Checo P\u00e9rez debut\u00f3 en 2011, aunque desafortunadamente sufri\u00f3 una descalificaci\u00f3n en aquella ocasi\u00f3n con <strong>Sauber<\/strong>. Desde entonces, su mejor resultado fue el <strong>segundo lugar con Red Bull en 2022<\/strong>.\u00a0<\/p>\n<p><img loading=\"lazy\" decoding=\"async\" src=\"https:\/\/www.europesays.com\/es\/wp-content\/uploads\/2025\/10\/Gz2li2jXwAAQcHN (1)_0.jpg\" data-entity-uuid=\"a7f09c98-a13a-4a15-a7c2-dd409ce81051\" data-entity-type=\"file\" alt=\"Bottas y Checo fueron los pilotos elegidos por Cadillac\" width=\"640\" height=\"800\" data-caption=\"Bottas y Checo fueron los pilotos elegidos por Cadillac | X: @Cadillac_F1\"\/><\/p>\n<p>Bottas y Checo fueron los pilotos elegidos por Cadillac | X: @Cadillac_F1<\/p>\n","protected":false},"excerpt":{"rendered":"Est\u00e1n por cumplirse dos meses desde que el regreso de Sergio &#8216;Checo&#8217; P\u00e9rez a la F\u00f3rmula 1 se&hellip;\n","protected":false},"author":2,"featured_media":172361,"comment_status":"","ping_status":"","sticky":false,"template":"","format":"standard","meta":{"footnotes":""},"categories":[270],"tags":[30830,168,25,24,306,271,272,49843,49842,23,167],"class_list":{"0":"post-172360","1":"post","2":"type-post","3":"status-publish","4":"format-standard","5":"has-post-thumbnail","7":"category-formula-1","8":"tag-checo-perez-en-cadillac","9":"tag-deportes","10":"tag-es","11":"tag-espana","12":"tag-f1","13":"tag-formula-1","14":"tag-formula1","15":"tag-los-fabulosos-cadillacs","16":"tag-sergio-perez-y-valtteri-bottas","17":"tag-spain","18":"tag-sports"},"share_on_mastodon":{"url":"","error":""},"_links":{"self":[{"href":"https:\/\/www.europesays.com\/es\/wp-json\/wp\/v2\/posts\/172360","targetHints":{"allow":["GET"]}}],"collection":[{"href":"https:\/\/www.europesays.com\/es\/wp-json\/wp\/v2\/posts"}],"about":[{"href":"https:\/\/www.europesays.com\/es\/wp-json\/wp\/v2\/types\/post"}],"author":[{"embeddable":true,"href":"https:\/\/www.europesays.com\/es\/wp-json\/wp\/v2\/users\/2"}],"replies":[{"embeddable":true,"href":"https:\/\/www.europesays.com\/es\/wp-json\/wp\/v2\/comments?post=172360"}],"version-history":[{"count":0,"href":"https:\/\/www.europesays.com\/es\/wp-json\/wp\/v2\/posts\/172360\/revisions"}],"wp:featuredmedia":[{"embeddable":true,"href":"https:\/\/www.europesays.com\/es\/wp-json\/wp\/v2\/media\/172361"}],"wp:attachment":[{"href":"https:\/\/www.europesays.com\/es\/wp-json\/wp\/v2\/media?parent=172360"}],"wp:term":[{"taxonomy":"category","embeddable":true,"href":"https:\/\/www.europesays.com\/es\/wp-json\/wp\/v2\/categories?post=172360"},{"taxonomy":"post_tag","embeddable":true,"href":"https:\/\/www.europesays.com\/es\/wp-json\/wp\/v2\/tags?post=172360"}],"curies":[{"name":"wp","href":"https:\/\/api.w.org\/{rel}","templated":true}]}}