{"id":172366,"date":"2025-10-12T19:03:07","date_gmt":"2025-10-12T19:03:07","guid":{"rendered":"https:\/\/www.europesays.com\/es\/172366\/"},"modified":"2025-10-12T19:03:07","modified_gmt":"2025-10-12T19:03:07","slug":"el-paseo-en-altamar-que-confirma-el-romance-de-katy-perry-y-justin-trudeau","status":"publish","type":"post","link":"https:\/\/www.europesays.com\/es\/172366\/","title":{"rendered":"El paseo en altamar que confirma el romance de Katy Perry y Justin Trudeau"},"content":{"rendered":"<p class=\"v-mdl-ath__p v-mdl-ath__p--6\">\nDomingo, 12 de octubre 2025, 15:16<\/p>\n<p class=\"v-p\">Lo que comenz\u00f3 como un d\u00eda de relax, mar y sol frente a la costa de Santa B\u00e1rbara (Estados Unidos) ha terminado convirti\u00e9ndose en la confirmaci\u00f3n oficiosa del romance entre Katy Perry y Justin Trudeau gracias a las im\u00e1genes captadas de la pareja muy acaramelada a bordo del yate de la cantante, el Caravelle. En ellas se puede ver a la artista y al pol\u00edtico abraz\u00e1ndose y bes\u00e1ndose, muestras de cari\u00f1o que no dejan lugar a dudas. <\/p>\n<p class=\"v-p\">No es la primera vez que vemos juntos a Katy Perry y a Justin Trudeau, sin embargo, s\u00ed es la ocasi\u00f3n en la que parece m\u00e1s clara la naturaleza de su relaci\u00f3n. La primera sorpresa la tuvimos a finales de julio, cuando ambos fueron vistos cenando juntos en un restaurante de Montreal. Varios testigos y medios de comunicaci\u00f3n se hicieron eco de este encuentro que, con la cantante estadounidense reci\u00e9n separada, desataron una ola de rumores que no han dejado de crecer en este tiempo. <\/p>\n<p class=\"v-p\">Desde entonces, los paparazzi han documentado otras citas de pareja como sus paseos por Mount Royal Park o la asistencia de Trudeau a uno de los conciertos de su chica, pero no ha sido hasta ahora cuando han sido captados en una actitud c\u00f3mplice. En este sentido, algunas fuentes consultadas por el portal &#8216;Page Six&#8217; aseguran que, tras la cena de Montreal, sus apretadas agendas y la presi\u00f3n medi\u00e1tica provoc\u00f3 un cierto enfriamiento que finalmente qued\u00f3 en nada a tenor de su paseo en yate. <\/p>\n<p class=\"v-p\">Seg\u00fan im\u00e1genes publicadas por &#8216;The Daily Mail&#8217;, la int\u00e9rprete estadounidense de 40 a\u00f1os y el canadiense de 53 disfrutaron de una jornada bajo el sol llena de besos y abrazos. Perry luce un ba\u00f1ador negro cl\u00e1sico, mientras Trudeau, aparece sin camisa y con pantalones vaqueros mientras se abrazan sobre la cubierta del yate ajenos a las miradas indiscretas. \u00abElla acerc\u00f3 su bote a un peque\u00f1o barco p\u00fablico de avistamiento de ballenas y luego comenzaron a besarse\u00bb, ha relatado un testigo del encuentro al diario brit\u00e1nico, el mismo que ha detallado c\u00f3mo descubri\u00f3 quien era el misterioso acompa\u00f1ante de la cantante cuando reconoci\u00f3 el tatuaje de \u00e9l en el brazo. <\/p>\n<p class=\"v-p\">Trudeau tiene un curioso tatuaje en su hombro izquierdo, un globo terr\u00e1queo envuelto en un cuervo Haida, una tribu ind\u00edgena del noroeste de la costa del Pac\u00edfico de Canad\u00e1. En su d\u00eda, el pol\u00edtico explic\u00f3 en su cuenta de Twitter que se hab\u00eda tatuado el planeta Tierra cuando ten\u00eda 23 a\u00f1os y lo hab\u00eda completado con el cuervo con motivo de su 40 cumplea\u00f1os. <\/p>\n<p class=\"v-p\">Katy Perry confirm\u00f3 su ruptura con Orlando Bloom a principios de junio de este a\u00f1o, una separaci\u00f3n anunciada p\u00fablicamente por sus representantes tras meses de especulaciones sobre la profunda crisis que estaban atravesando. Finalmente, decidieron tomar caminos separados despu\u00e9s de casi una d\u00e9cada de uni\u00f3n y una hija en com\u00fan. Por su parte, Trudeau se hab\u00eda separado de su esposa, Sophie Gr\u00e9goire, en agosto de 2023. Su ruptura fue comunicada oficialmente a trav\u00e9s del despacho del primer ministro poniendo punto final a 18 a\u00f1os de matrimonio durante los que tuvieron tres hijos. <\/p>\n<p class=\"v-p\">Hasta el momento, ni Perry ni Trudeau se han pronunciado de manera formal sobre su relaci\u00f3n, pero las im\u00e1genes han hablado por ellos. Queda por ver si a partir de ahora, optan por mostrarse p\u00fablicamente en actos p\u00fablicos y photocalls o si prefieren mantener la relaci\u00f3n en un plano m\u00e1s \u00edntimo.<\/p>\n<p>Reporta un error<\/p>\n","protected":false},"excerpt":{"rendered":"Domingo, 12 de octubre 2025, 15:16 Lo que comenz\u00f3 como un d\u00eda de relax, mar y sol frente&hellip;\n","protected":false},"author":2,"featured_media":172367,"comment_status":"","ping_status":"","sticky":false,"template":"","format":"standard","meta":{"footnotes":""},"categories":[174],"tags":[49844,255,1779,146,147,25,24,256,7914,8646,2755,8647,2657,23,49845],"class_list":{"0":"post-172366","1":"post","2":"type-post","3":"status-publish","4":"format-standard","5":"has-post-thumbnail","7":"category-famosos","8":"tag-altamar","9":"tag-celebrities","10":"tag-confirma","11":"tag-entertainment","12":"tag-entretenimiento","13":"tag-es","14":"tag-espana","15":"tag-famosos","16":"tag-justin","17":"tag-katy","18":"tag-paseo","19":"tag-perry","20":"tag-romance","21":"tag-spain","22":"tag-trudeau"},"share_on_mastodon":{"url":"","error":""},"_links":{"self":[{"href":"https:\/\/www.europesays.com\/es\/wp-json\/wp\/v2\/posts\/172366","targetHints":{"allow":["GET"]}}],"collection":[{"href":"https:\/\/www.europesays.com\/es\/wp-json\/wp\/v2\/posts"}],"about":[{"href":"https:\/\/www.europesays.com\/es\/wp-json\/wp\/v2\/types\/post"}],"author":[{"embeddable":true,"href":"https:\/\/www.europesays.com\/es\/wp-json\/wp\/v2\/users\/2"}],"replies":[{"embeddable":true,"href":"https:\/\/www.europesays.com\/es\/wp-json\/wp\/v2\/comments?post=172366"}],"version-history":[{"count":0,"href":"https:\/\/www.europesays.com\/es\/wp-json\/wp\/v2\/posts\/172366\/revisions"}],"wp:featuredmedia":[{"embeddable":true,"href":"https:\/\/www.europesays.com\/es\/wp-json\/wp\/v2\/media\/172367"}],"wp:attachment":[{"href":"https:\/\/www.europesays.com\/es\/wp-json\/wp\/v2\/media?parent=172366"}],"wp:term":[{"taxonomy":"category","embeddable":true,"href":"https:\/\/www.europesays.com\/es\/wp-json\/wp\/v2\/categories?post=172366"},{"taxonomy":"post_tag","embeddable":true,"href":"https:\/\/www.europesays.com\/es\/wp-json\/wp\/v2\/tags?post=172366"}],"curies":[{"name":"wp","href":"https:\/\/api.w.org\/{rel}","templated":true}]}}