{"id":172370,"date":"2025-10-12T19:05:10","date_gmt":"2025-10-12T19:05:10","guid":{"rendered":"https:\/\/www.europesays.com\/es\/172370\/"},"modified":"2025-10-12T19:05:10","modified_gmt":"2025-10-12T19:05:10","slug":"la-guerra-verde-esmeraldera-hoy-es-mas-sofisticada-y-silenciosa-petrit-baquero","status":"publish","type":"post","link":"https:\/\/www.europesays.com\/es\/172370\/","title":{"rendered":"\u201cLa guerra verde esmeraldera hoy es m\u00e1s sofisticada y silenciosa\u201d: Petrit Baquero"},"content":{"rendered":"<p><img alt=\"Petrit Baquero es historiador, polit\u00f3logo y periodista. Es colaborador ocasional de El Espectador. En 2012 hab\u00eda publicado \u201cEl ABC de la Mafia. Radiograf\u00eda del Cartel de Medell\u00edn\u201d, tambi\u00e9n con el sello editorial Planeta. A la izquierda, la portada de su nuevo libro.\" class=\"ImageArticle-Image\" src=\"https:\/\/www.europesays.com\/es\/wp-content\/uploads\/2025\/10\/HPLR34OXVFEDHHBKD2QLS7HV6U.jpg\" width=\"984\" height=\"655\" loading=\"eager\" decoding=\"async\" fetchpriority=\"high\"\/><\/p>\n<p>Petrit Baquero es historiador, polit\u00f3logo y periodista. Es colaborador ocasional de El Espectador. En 2012 hab\u00eda publicado \u201cEl ABC de la Mafia. Radiograf\u00eda del Cartel de Medell\u00edn\u201d, tambi\u00e9n con el sello editorial Planeta. A la izquierda, la portada de su nuevo libro.<\/p>\n<p>Foto: Gustavo Torrijos Zuluaga<\/p>\n<p>Resume e inf\u00f3rmame r\u00e1pido<\/p>\n<p>Escucha este art\u00edculo<\/p>\n<p class=\"AudioPlayer-Description\">Audio generado con IA de Google<\/p>\n<p class=\"font--secondary\"><b>Yo le\u00ed en 2013 \u201cLa nueva guerra verde\u201d, que fue el primer libro que usted public\u00f3 sobre la violencia ligada a las esmeraldas. \u00bfPor qu\u00e9 ameritaba actualizar lesa investigaci\u00f3n 12 a\u00f1os despu\u00e9s?<\/b><\/p>\n<p class=\"box--float-left grid__col--lg-6 font--secondary\">Porque las esmeraldas y la situaci\u00f3n de violencia que las rodea no se detiene. Precisamente mi primera colaboraci\u00f3n con <b>El Espectador<\/b> hace cinco a\u00f1os fue sobre este tema. Hablaba de lo que estaba pasando en 2020, porque hab\u00eda habido muertes de figuras importantes del gremio. Luego ocurrieron dos sucesos muy importantes, espectaculares, y que llamaron mucho la atenci\u00f3n de los medios de comunicaci\u00f3n: en 2024 el asesinato de Juan Sebasti\u00e1n Aguilar, conocido como Pedro Pechuga, a manos de un francotirador, y, ocho meses despu\u00e9s, el de Jes\u00fas Hernando S\u00e1nchez, que era tal vez el zar de las esmeraldas m\u00e1s importante.<\/p>\n<p class=\"font--secondary\"><b>Personajes que figuraban en listas de venganzas, que se volvieron p\u00fablicas.<\/b><\/p>\n<p class=\"font--secondary\">S\u00ed. Acu\u00e9rdese que se hablaba de la lista de La Picota, de un audio del paramilitar alias Otoniel, etc. El n\u00famero uno de las listas era Jes\u00fas Hernando S\u00e1nchez y lo asesinaron de manera calcada a como mataron a su socio y compadre Aguilar, uno en agosto del 2024 y el otro en abril de 2025. Entonces, uno pod\u00eda percibir que esos asesinatos fueron el fin de una era. Pero cuando se da el fin de una era, es tambi\u00e9n el inicio de otra. Por eso consider\u00e9 que hab\u00eda que escribir el desarrollo de la historia. Adem\u00e1s, despu\u00e9s de que uno publica un libro, en mi caso \u201cLa nueva guerra verde\u201d, a uno le empieza a llegar m\u00e1s informaci\u00f3n y hab\u00eda muchas m\u00e1s cosas para contar.<\/p>\n<p class=\"font--secondary\"><b>S\u00e1nchez ya se hab\u00eda salvado de un atentado en la Zona T de Bogot\u00e1.<\/b><\/p>\n<p class=\"font--secondary\">S\u00ed. Estuvo dos meses en coma, perdi\u00f3 un ojo y un ri\u00f1\u00f3n. Era el n\u00famero uno de las listas negras y por eso muchos no se sorprendieron de ese asesinato, a pesar de que su esquema de seguridad era el segundo o tercero m\u00e1s grande del pa\u00eds.<\/p>\n<p class=\"font--secondary\"><b>Incluida casa blindada.<\/b><\/p>\n<p class=\"font--secondary\">S\u00ed, pero era la cr\u00f3nica de una muerte anunciada y hoy en d\u00eda esos dos bandos siguen teniendo un potencial de violencia que va a seguir. Mi hip\u00f3tesis es que lo que est\u00e1 pasando no es una guerra verde sino blanca, por las nuevas caracter\u00edsticas que ha tomado. Es la guerra de los narcos contra sus testaferros, a su vez relacionados con diferentes fuerzas ilegales que existen en un contexto de atomizaci\u00f3n de los grupos armados en Colombia. Entonces todo eso se mezcla. <\/p>\n<p class=\"font--secondary\"><b>Como historiador, qu\u00e9 an\u00e1lisis hace de que esas \u201cguerras verdes\u201d sean c\u00edclicas como el resto de la violencia en el pa\u00eds.<\/b><\/p>\n<p class=\"font--secondary\">En el libro explico que en muchos casos no son solo guerras por esmeraldas, sino obedecen a otras razones, incluido el narcotr\u00e1fico. La primera guerra verde, de finales de los a\u00f1os 60 y comienzos de los 70, involucra a bandoleros de los a\u00f1os 50, al heredero de Efra\u00edn Gonz\u00e1lez, el legendario Humberto \u201cEl ganso\u201d Ariza. La segunda guerra, fue la de los 80, que fue la \u00fanica declarada y que dej\u00f3 3.500 muertos m\u00e1s o menos e involucr\u00f3 actores como V\u00edctor Carranza y Gilberto Molina, a quien lo asesin\u00f3 su amigo, compa\u00f1ero de la primera guerra verde y despu\u00e9s su terrible enemigo: Gonzalo Rodr\u00edguez Gacha, alias \u201cEl mexicano\u201d, para m\u00ed el narcotraficante y jefe paramilitar m\u00e1s importante y poderoso de ese tiempo. La tercera guerra verde es con otros actores y se da en torno a dos minas que descubren, La pita, en el municipio de Muzo, y Cunas, en Marip\u00ed, que involucra a otros actores narcotraficantes de nueva generaci\u00f3n y a los grupos paramilitares que en los noventas se hacen muy fuertes y est\u00e1n relacionados con las Autodefensas Unidas de Colombia, pues a la zona esmerald\u00edfera llega el bloque \u00c9lmer C\u00e1rdenas. Fue una cosa absurda, porque los paramilitares tradicionales, de Cundinamarca, del Magdalena Medio, dijeron \u00bfpor qu\u00e9 nosotros no? Hay muchas cosas que vale la pena explicar.<\/p>\n<p class=\"font--secondary\"><b>Pero Carranza nunca fue condenado por narcotr\u00e1fico ni paramilitarismo y alegaba que \u201cla mala fama no es delito\u201d.<\/b><\/p>\n<p class=\"font--secondary\">S\u00ed. Ten\u00eda una mentalidad como la de un padrino de la mafia. Algunos dicen que no solo era el zar de las esmeraldas y del paramilitarismo, sino una persona con unos alcances muy grandes, con amistades en el alto mundo pol\u00edtico y en el bajo mundo hasta que en un momento \u00e9l decide pactar por debajo de la mesa, no solo con el Estado colombiano, sino con Estados Unidos, con la DEA, con la CIA.<\/p>\n<p class=\"font--secondary\"><b>\u00bfEsos grupos de Muzo versus Marip\u00ed representan la actual guerra? Por un lado est\u00e1n los ligados a la familia de Horacio Triana y por el otro los llamados herederos de Carranza.<\/b><\/p>\n<p class=\"font--secondary\">De cierta manera es as\u00ed. Obviamente el asunto es m\u00e1s complejo. Uno puede decir que la tercera guerra verde se acab\u00f3 y la gan\u00f3 el grupo establecido ligado a Muzo y Borbur, donde est\u00e1 la mina en el que se establecieron desde los a\u00f1os 60 los ligados a Carranza. Pero el asunto es m\u00e1s complejo, porque uno cree que esos grupos son monol\u00edticos, homog\u00e9neos y que todos van para el mismo lado y no. Horacio Triana era muy fuerte en la mina Cunas y es cu\u00f1ado de los hermanos Pedro, Gilberto y Omar Rinc\u00f3n. Pero hab\u00eda tensiones. Aparentemente los Rinc\u00f3n se le met\u00edan por debajo a Triana. Al ver que no pod\u00eda lidiar con sus cu\u00f1ados termin\u00f3 vendiendo al \u00fanico factor de poder que pod\u00eda enfrentarlos: el todopoderoso zar de las esmeraldas, V\u00edctor Carranza, que lleg\u00f3 con un personaje muy importante llamado Jes\u00fas Hernando S\u00e1nchez. M\u00e1s recientemente, el problema de Triana con S\u00e1nchez tambi\u00e9n ten\u00eda que ver con que aparentemente S\u00e1nchez no le pag\u00f3 unas acciones en la mina Cunas.<\/p>\n<p class=\"font--secondary\"><b>Triana y los Rinc\u00f3n fueron extraditados a Estados Unidos.<\/b><\/p>\n<p class=\"font--secondary\">Los cuatro est\u00e1n extraditados por narcotr\u00e1fico. Ya muerto S\u00e1nchez hay cosas sobre las que se puede hablar y todo parece indicar que realmente fung\u00eda como testaferro de Julio Lozano Pirateque, un personaje del que se ha hablado \u00faltimamente, porque el presidente Gustavo Petro hizo referencia al poder de una \u201cjunta directiva del narcotr\u00e1fico\u201d. Seg\u00fan testimonios de personas involucradas, Lozano ha sido quien mayor coca\u00edna cantidad de coca\u00edna ha exportado en la historia de Colombia. Varios de esos narcos se entregaron o los capturaron y negociaron con el gobierno de Estados Unidos y quienes pensaban que iban a estar d\u00e9cadas en la c\u00e1rcel se llevaron la sorpresa de que pagaron cinco a\u00f1os, regresaron y, claro, se encontraron con que muchos de sus testaferros no quer\u00edan ceder a sus pretensiones de devolver las cosas que cre\u00edan que les pertenec\u00edan. Eso llev\u00f3 a que otra vez explotara la situaci\u00f3n. Por ah\u00ed es la cosa.<\/p>\n<p class=\"font--secondary\"><b>Sobre eso, usted explica en el libro la conexi\u00f3n con Dub\u00e1i.<\/b><\/p>\n<p class=\"font--secondary\">Es que las esmeraldas son bienes suntuarios que llaman la atenci\u00f3n, son s\u00edmbolo de estatus y una esmeralda de alta calidad no es cualquier cosa. Esos escenarios donde se mueve tanto capital, pues son mercados importantes para las esmeraldas. Pero el asunto de Dub\u00e1i va un poco m\u00e1s all\u00e1 y es m\u00e1s relacionado con la \u201cjunta directiva\u201d de la que habl\u00f3 Petro. Es que, si yo estiro la pita, estamos hablando del llamado cartel de Bogot\u00e1 o lo que llaman el cartel del Dorado, por la coca\u00edna que pasa por el aeropuerto. Esto estar\u00eda ligado a las esmeraldas por muchas razones, pero fundamentalmente una: el Estado colombiano sigue siendo incapaz de controlar los territorios de donde se sacan esmeraldas. Llegar hoy en d\u00eda a esas zonas de Boyac\u00e1 es muy dif\u00edcil. Esa carretera es terrible. Toca llegar en camperos. All\u00e1 el Estado cedi\u00f3 el monopolio leg\u00edtimo de la fuerza a los patrones de la esmeralda que constituyeron verdaderos ej\u00e9rcitos paramilitares. Alguien le puede decir que el negocio de las esmeraldas no es tan grande como se cree, pero s\u00ed es muy grande y s\u00ed es de mucha plata. Una esmeralda vale lo que cada quien est\u00e1 dispuesto a pagar por ella. Yo se la vendo usted en 20 millones, pero usted la vende a cualquiera en 50 y si la talla y la exporta puede valer 500 millones o m\u00e1s. Entonces es muy f\u00e1cil lavar capitales con las esmeraldas. Por eso el negocio es atractivo para muchos grupos violentos.<\/p>\n<p class=\"font--secondary\"><b>Viendo c\u00f3mo asesinan esmeralderos con francotiradores en condominios de Bogot\u00e1, \u00bfhasta d\u00f3nde cree que escalar\u00e1 esta violencia?<\/b><\/p>\n<p class=\"font--secondary\">Esta ya no es la guerra de los a\u00f1os 80, donde lanzaban gente desde avionetas, ahora somos testigos de una guerra m\u00e1s sofisticada, silenciosa, no declarada y sobre blancos espec\u00edficos. Por eso ya involucra actores como la oficina de sicarios de San Andresito de la 38, la oficina de Envigado, el Clan del Golfo, organizaciones que ahora entran a formar parte de esa sangr\u00eda tremenda. Incluso, estas acciones con francotiradores pueden tener que ver con un mercenario de origen extranjero. No ser\u00eda raro, porque recordemos que en los 80 hombres de Gilberto Molina y V\u00edctor Carranza fueron entrenados en los cursos que dict\u00f3 el mercenario israel\u00ed Yair Klein en el Magdalena Medio, tra\u00eddos a instancias de las Fuerzas Armadas por Gonzalo Rodr\u00edguez Gacha.<\/p>\n<p class=\"font--secondary\"><b>Despu\u00e9s de los \u00faltimos asesinatos, \u00bfqui\u00e9nes quedan a la cabeza del gremio esmeraldero?<\/b><\/p>\n<p class=\"font--secondary\">Todav\u00eda queda parte de la realeza de la esmeralda, que son los descendientes, no tanto los de V\u00edctor Carranza, que s\u00ed, sino sobre todo los de Gilberto Molina, que operan la mina Cunas, que es tal vez la de capital principalmente colombiano m\u00e1s importante y es la que queda en Marip\u00ed, al frente de La pita, que es la mina de la familia Rinc\u00f3n y de otros personajes que en el pasado tambi\u00e9n fueron extraditados por narcotr\u00e1fico y est\u00e1n por ah\u00ed rondando y del lado de los Triana. Dicen que Horacio Triana va a volver pronto y recordemos que ellos siempre han estado relacionados con pol\u00edticos de todo nivel, siguiendo la estela de Carranza, y Triana tiene un hijo que es representante a la C\u00e1mara, Eduard Triana<\/p>\n<p class=\"font--secondary\"><b>Mientras sucede todo esto, \u00bfqu\u00e9 ocurre con la miner\u00eda que intenta ser legal y qu\u00e9 papel cumple ah\u00ed la Federaci\u00f3n de Esmeraldas?<\/b><\/p>\n<p class=\"font--secondary\">Hay un inter\u00e9s empresarial de limpiar esa imagen de violencia que ha tenido siempre el entorno de la esmeralda, de patrones arcaicos, due\u00f1os de los sue\u00f1os, la vida, las ilusiones, las posibilidades de la gente en esos territorios. Un estereotipo muchas veces negativo. Han tratado de modernizar, hacer un reinado de la Esmeralda, inventarse una figura estilo Juan Valdez, pero cada cierto tiempo nos despertamos con la noticia de que asesinaron a una persona ligada a ese entorno. Por supuesto que hay mucha gente tambi\u00e9n ligada a ese negocio que son trabajadores honestos y en eso s\u00ed hay que hacer \u00e9nfasis en no estigmatizar a toda la gente que est\u00e1 alrededor.<\/p>\n<p class=\"font--secondary\"><b>\u00bfPor qu\u00e9 a la par de estas guerras se internacionaliz\u00f3 el negocio y las minas son manejadas por firmas en Estados Unidos?<\/b><\/p>\n<p class=\"font--secondary\">\u00bfQui\u00e9n le compr\u00f3 a Carranza la mina m\u00e1s importante de esmeraldas, la de Muzo Puerto Arturo? Una empresa con sede en Houston, que se conoce como MTC, Miner\u00eda Texas Colombia, y su gerente fue un antiguo funcionario de la Embajada de Estados Unidos en Bogot\u00e1 y que, como se ha podido establecer, es un exagente de la CIA. Triana tambi\u00e9n vendi\u00f3 parte de su negocio a firmas extranjeras. Como ve el asunto es complejo. Por eso hay que leer el libro, pero este es un ejemplo de que en Colombia tristemente muchos de los grandes recursos naturales al final resultan en manos de poderes que pueden tener conexiones ilegales. No solo hablemos de las esmeraldas, hablemos del oro, hablemos del petr\u00f3leo, de los oleoductos, que resultan financiando estructuras delincuenciales y de corrupci\u00f3n.<\/p>\n<p class=\"font--secondary\"><b>Y Colombia sigue siendo uno de los grandes productores mundiales de esmeraldas. <\/b><\/p>\n<p class=\"font--secondary\">S\u00ed. Es que realmente el mercado de las esmeraldas ha sido sobre todo internacional. Las colombianas son apreciadas, codiciadas. Por razones geol\u00f3gicas particulares en esa zona del occidente y oriente de Boyac\u00e1 se dieron unas piedras de alt\u00edsima calidad y entonces hay redes de comercio hacia muchos lugares del mundo, desde Am\u00e9rica hasta Europa, Oriente Medio y Hong Kong. Uno ve a las a las grandes luminarias de Hollywood ataviadas con esmeraldas y no tienen ni idea de todo lo que ha pasado alrededor de esas joyas.<\/p>\n<p class=\"font--secondary\"><b>\u00bfEl Estado qu\u00e9 hace al respecto?<\/b><\/p>\n<p class=\"font--secondary\">El Estado cree que las empresas extranjeras van a traer la paz, la modernidad. Puede que en la mina de Muzo o en la de Cozcuez ahora se vea un estilo moderno de trabajo, con salarios fijos, prestaciones, pero afuera hay una situaci\u00f3n social muy grave. Los viejos patrones, con todo y las cr\u00edticas que uno les puede hacer, eran personajes que si una mina pintaba, como se dice cuando salen esmeraldas, pues repart\u00edan a toda la poblaci\u00f3n y entonces hasta la se\u00f1ora de los almuerzos se beneficiaba. Ahora me dicen que ni siquiera compran los almuerzos en la zona, que llevarlos de otras regiones les sale m\u00e1s barato. Son empresas meramente capitalistas, cuyo inter\u00e9s es espec\u00edficamente sacar esmeraldas para ganar mucha plata, mientras los antiguos mineros informales est\u00e1n viviendo una situaci\u00f3n social terrible. Est\u00e1n viendo que su mundo est\u00e1 desapareciendo. Yo he ido pues muchas veces, conozco mucha gente buena, tengo amistades, he conversado mucho con ellas y de verdad hay una angustia muy grande por lo que pueda pasar en el futuro. Todas las tensiones est\u00e1n latentes y hay el temor de que vuelva a prenderse la mecha por all\u00e1 tambi\u00e9n. Un antiguo gerente de una mina, que adem\u00e1s fue alcalde, me dec\u00eda: nosotros cumplimos con sacar los cultivos de coca de la regi\u00f3n y le preguntamos al gobierno \u00bfqu\u00e9 pas\u00f3 con la inversi\u00f3n en los proyectos sociales que nos prometieron?<\/p>\n<p class=\"font--secondary\"><b>Desde los 90 se han firmado varios pactos de paz y convivencia. \u00bfC\u00f3mo lograr uno definitivo para esos 15 municipios del occidente de Boyac\u00e1?<\/b><\/p>\n<p class=\"font--secondary\">Para hacer la paz primero tenemos que reconocer y entender lo que ha ocurrido y creo que mi trabajo de investigaci\u00f3n es un buen punto de referencia.<\/p>\n","protected":false},"excerpt":{"rendered":"Petrit Baquero es historiador, polit\u00f3logo y periodista. Es colaborador ocasional de El Espectador. En 2012 hab\u00eda publicado \u201cEl&hellip;\n","protected":false},"author":2,"featured_media":172371,"comment_status":"","ping_status":"","sticky":false,"template":"","format":"standard","meta":{"footnotes":""},"categories":[172],"tags":[224,146,147,25,49846,24,49847,225,23],"class_list":{"0":"post-172370","1":"post","2":"type-post","3":"status-publish","4":"format-standard","5":"has-post-thumbnail","7":"category-libros","8":"tag-books","9":"tag-entertainment","10":"tag-entretenimiento","11":"tag-es","12":"tag-esmeraldas-en-colombia","13":"tag-espana","14":"tag-guerra-verde","15":"tag-libros","16":"tag-spain"},"share_on_mastodon":{"url":"","error":""},"_links":{"self":[{"href":"https:\/\/www.europesays.com\/es\/wp-json\/wp\/v2\/posts\/172370","targetHints":{"allow":["GET"]}}],"collection":[{"href":"https:\/\/www.europesays.com\/es\/wp-json\/wp\/v2\/posts"}],"about":[{"href":"https:\/\/www.europesays.com\/es\/wp-json\/wp\/v2\/types\/post"}],"author":[{"embeddable":true,"href":"https:\/\/www.europesays.com\/es\/wp-json\/wp\/v2\/users\/2"}],"replies":[{"embeddable":true,"href":"https:\/\/www.europesays.com\/es\/wp-json\/wp\/v2\/comments?post=172370"}],"version-history":[{"count":0,"href":"https:\/\/www.europesays.com\/es\/wp-json\/wp\/v2\/posts\/172370\/revisions"}],"wp:featuredmedia":[{"embeddable":true,"href":"https:\/\/www.europesays.com\/es\/wp-json\/wp\/v2\/media\/172371"}],"wp:attachment":[{"href":"https:\/\/www.europesays.com\/es\/wp-json\/wp\/v2\/media?parent=172370"}],"wp:term":[{"taxonomy":"category","embeddable":true,"href":"https:\/\/www.europesays.com\/es\/wp-json\/wp\/v2\/categories?post=172370"},{"taxonomy":"post_tag","embeddable":true,"href":"https:\/\/www.europesays.com\/es\/wp-json\/wp\/v2\/tags?post=172370"}],"curies":[{"name":"wp","href":"https:\/\/api.w.org\/{rel}","templated":true}]}}