{"id":172388,"date":"2025-10-12T19:15:09","date_gmt":"2025-10-12T19:15:09","guid":{"rendered":"https:\/\/www.europesays.com\/es\/172388\/"},"modified":"2025-10-12T19:15:09","modified_gmt":"2025-10-12T19:15:09","slug":"juanma-moreno-admite-que-la-crisis-del-cancer-de-mama-le-puede-costar-la-mayoria-absoluta-en-andalucia","status":"publish","type":"post","link":"https:\/\/www.europesays.com\/es\/172388\/","title":{"rendered":"Juanma Moreno admite que la crisis del c\u00e1ncer de mama le puede costar la mayor\u00eda absoluta en Andaluc\u00eda"},"content":{"rendered":"<p style=\"\">La crisis del cribado del c\u00e1ncer de mama puede tener un coste electoral. El presidente de la Junta de Andaluc\u00eda<strong>, Juanma Moreno,<\/strong> se ha referido por primera vez al desgaste que la pol\u00e9mica por<a href=\"https:\/\/www.abc.es\/espana\/andalucia\/gobierno-andaluz-redobla-apuesta-tras-crisis-anuncia-20251012140805-nts.html\" target=\"_self\" data-voc-vtm-id=\"in-text-traffic\" title=\" los retrasos en los tratamientos a unas dos mil mujeres\" data-mrf-link=\"www.abc.es\" rel=\"nofollow noopener\"> los retrasos en los tratamientos a unas dos mil mujeres<\/a> &#8230;  ha ejercido sobre la marca del <strong>PP<\/strong> de cara a los comicios auton\u00f3micos que est\u00e1n previstos para <strong>junio de 2026<\/strong>. De hecho, ha admitido que podr\u00edan perder la mayor\u00eda absoluta pero ha dejado claro que no es posible pactar con <strong>Vox<\/strong>, y que si los resultados de las elecciones s\u00f3lo dejan esa opci\u00f3n convocar\u00e1 otras.<\/p>\n<p class=\"voc-p\" style=\"\">En una conversaci\u00f3n informal con periodistas durante la recepci\u00f3n ofrecida este domingo por los Reyes en el Palacio Real con motivo de la festividad de la fiesta del 12 de octubre, Moreno ha se\u00f1alado no cree que el el problema en los diagn\u00f3sticos haya beneficiado al <strong>PSOE<\/strong> sino en todo caso a Vox y ha defendido su gesti\u00f3n del problema.<\/p>\n<p class=\"voc-p\" style=\"\">Al tiempo, el jefe del Ejecutivo andaluz ha reivindicado que su Gobierno ha asumido responsabilidades y ha confiado que para finales de noviembre se haya acabado con las llamadas y las pruebas a los afectados, tal y como subraya la agencia Europa Press, que ha recogido las declaraciones de Moreno.<\/p>\n<p>\nLa inc\u00f3gnita del adelanto\n<\/p>\n<p class=\"voc-p\" style=\"\">A su juicio, lo ocurrido no se ha traducido en p\u00e9rdidas en intenci\u00f3n de voto para el PP en <strong>Andaluc\u00eda<\/strong> salvo adelanto electoral, una opci\u00f3n que por ahora Moreno parece descartar ya que cree que podr\u00eda perjudicarle m\u00e1s que beneficiarle.<\/p>\n<p class=\"voc-p\" style=\"\">Seg\u00fan el presidente andaluz, como mucho los socialistas habr\u00edan ara\u00f1ado uno o dos diputados, que hay tiempo de recuperar, pero su candidata, la vicepresidenta primera <strong>Mar\u00eda Jes\u00fas Montero<\/strong>, est\u00e1 \u00abmuy desgastada\u00bb.<\/p>\n<p class=\"voc-p\" style=\"\">En opini\u00f3n de Moreno, cada vez que hay \u00abbronca\u00bb quien sale beneficiado es Vox, que empieza a tener una cierta transversalidad. El presidente de la Junta ha reconocido que la relaci\u00f3n con los de<strong> Santiago Abascal<\/strong> es \u00abmal\u00edsima\u00bb y que estos claramente est\u00e1n decididos a dar el \u00ab<strong>sorpasso\u00bb<\/strong>.<\/p>\n","protected":false},"excerpt":{"rendered":"La crisis del cribado del c\u00e1ncer de mama puede tener un coste electoral. El presidente de la Junta&hellip;\n","protected":false},"author":2,"featured_media":172389,"comment_status":"","ping_status":"","sticky":false,"template":"","format":"standard","meta":{"footnotes":""},"categories":[8],"tags":[17304,6818,259,17,18,1066,49851,4170,25,24,13,14,11,20482,19,20,4917,30746,1712,9,10,15,16,789,23,12,21,22],"class_list":{"0":"post-172388","1":"post","2":"type-post","3":"status-publish","4":"format-standard","5":"has-post-thumbnail","7":"category-espana","8":"tag-absoluta","9":"tag-admite","10":"tag-andalucia","11":"tag-breaking-news","12":"tag-breakingnews","13":"tag-cancer","14":"tag-costar","15":"tag-crisis","16":"tag-es","17":"tag-espana","18":"tag-featured-news","19":"tag-featurednews","20":"tag-headlines","21":"tag-juanma","22":"tag-latest-news","23":"tag-latestnews","24":"tag-mama","25":"tag-mayoria","26":"tag-moreno","27":"tag-news","28":"tag-noticias","29":"tag-noticias-destacadas","30":"tag-noticiasdestacadas","31":"tag-puede","32":"tag-spain","33":"tag-titulares","34":"tag-ultimas-noticias","35":"tag-ultimasnoticias"},"share_on_mastodon":{"url":"","error":""},"_links":{"self":[{"href":"https:\/\/www.europesays.com\/es\/wp-json\/wp\/v2\/posts\/172388","targetHints":{"allow":["GET"]}}],"collection":[{"href":"https:\/\/www.europesays.com\/es\/wp-json\/wp\/v2\/posts"}],"about":[{"href":"https:\/\/www.europesays.com\/es\/wp-json\/wp\/v2\/types\/post"}],"author":[{"embeddable":true,"href":"https:\/\/www.europesays.com\/es\/wp-json\/wp\/v2\/users\/2"}],"replies":[{"embeddable":true,"href":"https:\/\/www.europesays.com\/es\/wp-json\/wp\/v2\/comments?post=172388"}],"version-history":[{"count":0,"href":"https:\/\/www.europesays.com\/es\/wp-json\/wp\/v2\/posts\/172388\/revisions"}],"wp:featuredmedia":[{"embeddable":true,"href":"https:\/\/www.europesays.com\/es\/wp-json\/wp\/v2\/media\/172389"}],"wp:attachment":[{"href":"https:\/\/www.europesays.com\/es\/wp-json\/wp\/v2\/media?parent=172388"}],"wp:term":[{"taxonomy":"category","embeddable":true,"href":"https:\/\/www.europesays.com\/es\/wp-json\/wp\/v2\/categories?post=172388"},{"taxonomy":"post_tag","embeddable":true,"href":"https:\/\/www.europesays.com\/es\/wp-json\/wp\/v2\/tags?post=172388"}],"curies":[{"name":"wp","href":"https:\/\/api.w.org\/{rel}","templated":true}]}}