{"id":172398,"date":"2025-10-12T19:22:10","date_gmt":"2025-10-12T19:22:10","guid":{"rendered":"https:\/\/www.europesays.com\/es\/172398\/"},"modified":"2025-10-12T19:22:10","modified_gmt":"2025-10-12T19:22:10","slug":"consumi-unos-120-gramos-de-cocaina-no-se-como-no-mori","status":"publish","type":"post","link":"https:\/\/www.europesays.com\/es\/172398\/","title":{"rendered":"Consum\u00ed unos 120 gramos de coca\u00edna, no s\u00e9 c\u00f3mo no mor\u00ed"},"content":{"rendered":"<p class=\"c-paragraph\">Bradley Wiggins, ganador del Tour de Francia, habl\u00f3 hace unos meses sobre su adicci\u00f3n a la\u00a0coca\u00edna en\u00a0The Observer tras retirarse del ciclismo en 2016. Ahora, el exciclista ha dado m\u00e1s detalles en una entrevista con The Times <b>sobre c\u00f3mo fue su etapa m\u00e1s oscura tras dejar el deporte que tanto le dio.\u00a0\u00a0<\/b><\/p>\n<p class=\"c-paragraph\">\u00abEra un adicto funcional a la coca\u00edna. La gente no se daba cuenta.<b>\u00a0Estuve colocado la mayor parte del tiempo durante muchos a\u00f1os\u00bb,<\/b> afirm\u00f3 entonces. El brit\u00e1nico incluso lleg\u00f3 a confesar la preocupaci\u00f3n por su estado de sus familiares: \u00abHubo momentos en que mi hijo pens\u00f3 que me encontrar\u00edan muerto por la ma\u00f1ana\u00bb.\u00a0<\/p>\n<p class=\"c-paragraph\"><b>\u00abPude consumir unos 120 gramos de coca\u00edna,\u00a0no s\u00e9 c\u00f3mo no me mor\u00ed. <\/b>No me gusta pensar en ello\u00bb, desvela ahora sobre un episodio en el que estuvo dos semanas encerrado en un hotel.\u00a0<\/p>\n<p class=\"c-paragraph\">Asimismo, cuenta c\u00f3mo incluso esnif\u00f3 \u00ab<b>coca\u00edna\u00bb sobre su \u00abmedalla de oro ol\u00edmpica\u00bb. <\/b>Tambi\u00e9n habla sobre c\u00f3mo Lance Armstrong lo ayud\u00f3 en numerosas ocasiones y sobre c\u00f3mo se preocup\u00f3 por \u00e9l.\u00a0<\/p>\n<p class=\"c-paragraph\">\u00abLance ha sido muy bueno conmigo. Eso no es algo que todos quieran o\u00edr <b>porque a la gente solo le gusta o\u00edr cosas malas<\/b>. S\u00f3lo puedes aceptar a alguien por su trato, y\u00a0Lance ha sido una fuente de inspiraci\u00f3n y un apoyo constante para m\u00ed\u00bb, apunta.\u00a0<\/p>\n<p class=\"c-paragraph\">El exciclista brit\u00e1nico publica el 23 de octubre su libro The Chain en el que <b>recoge c\u00f3mo ha sido su vida.\u00a0<\/b><\/p>\n","protected":false},"excerpt":{"rendered":"Bradley Wiggins, ganador del Tour de Francia, habl\u00f3 hace unos meses sobre su adicci\u00f3n a la\u00a0coca\u00edna en\u00a0The Observer&hellip;\n","protected":false},"author":2,"featured_media":172399,"comment_status":"","ping_status":"","sticky":false,"template":"","format":"standard","meta":{"footnotes":""},"categories":[273],"tags":[49852,313,49854,312,168,25,24,368,23,167,49853],"class_list":{"0":"post-172398","1":"post","2":"type-post","3":"status-publish","4":"format-standard","5":"has-post-thumbnail","7":"category-ciclismo","8":"tag-bradley","9":"tag-ciclismo","10":"tag-consumi","11":"tag-cycling","12":"tag-deportes","13":"tag-es","14":"tag-espana","15":"tag-leyenda","16":"tag-spain","17":"tag-sports","18":"tag-wiggins"},"share_on_mastodon":{"url":"","error":""},"_links":{"self":[{"href":"https:\/\/www.europesays.com\/es\/wp-json\/wp\/v2\/posts\/172398","targetHints":{"allow":["GET"]}}],"collection":[{"href":"https:\/\/www.europesays.com\/es\/wp-json\/wp\/v2\/posts"}],"about":[{"href":"https:\/\/www.europesays.com\/es\/wp-json\/wp\/v2\/types\/post"}],"author":[{"embeddable":true,"href":"https:\/\/www.europesays.com\/es\/wp-json\/wp\/v2\/users\/2"}],"replies":[{"embeddable":true,"href":"https:\/\/www.europesays.com\/es\/wp-json\/wp\/v2\/comments?post=172398"}],"version-history":[{"count":0,"href":"https:\/\/www.europesays.com\/es\/wp-json\/wp\/v2\/posts\/172398\/revisions"}],"wp:featuredmedia":[{"embeddable":true,"href":"https:\/\/www.europesays.com\/es\/wp-json\/wp\/v2\/media\/172399"}],"wp:attachment":[{"href":"https:\/\/www.europesays.com\/es\/wp-json\/wp\/v2\/media?parent=172398"}],"wp:term":[{"taxonomy":"category","embeddable":true,"href":"https:\/\/www.europesays.com\/es\/wp-json\/wp\/v2\/categories?post=172398"},{"taxonomy":"post_tag","embeddable":true,"href":"https:\/\/www.europesays.com\/es\/wp-json\/wp\/v2\/tags?post=172398"}],"curies":[{"name":"wp","href":"https:\/\/api.w.org\/{rel}","templated":true}]}}