{"id":172413,"date":"2025-10-12T19:30:13","date_gmt":"2025-10-12T19:30:13","guid":{"rendered":"https:\/\/www.europesays.com\/es\/172413\/"},"modified":"2025-10-12T19:30:13","modified_gmt":"2025-10-12T19:30:13","slug":"cuando-me-uni-senti-que-por-fin-estaba-en-casa-ronnie-wood-celebro-50-anos-con-los-rolling-stones","status":"publish","type":"post","link":"https:\/\/www.europesays.com\/es\/172413\/","title":{"rendered":"\u201cCuando me un\u00ed, sent\u00ed que por fin estaba en casa\u201d: Ronnie Wood celebr\u00f3 50 a\u00f1os con los Rolling Stones"},"content":{"rendered":"<p><img alt=\"Ronnie Wood celebra 50 a\u00f1os\" class=\"global-image\" decoding=\"async\" fetchpriority=\"high\" height=\"2475\" loading=\"eager\" src=\"https:\/\/www.europesays.com\/es\/wp-content\/uploads\/2025\/10\/6WYXO64EVRCSJAUZMYNO7G55AY\" width=\"4400\"\/>Ronnie Wood celebra 50 a\u00f1os como guitarrista de los Rolling Stones, coincidiendo con la reedici\u00f3n de Black and Blue (REUTERS\/Lawrence Bryant)<\/p>\n<p class=\"paragraph\"><a href=\"https:\/\/www.infobae.com\/entretenimiento\/2025\/08\/23\/ronnie-wood-anuncia-una-antologia-por-sus-seis-decadas-de-carrera-y-presenta-mother-of-pearl-con-imelda-may\/\" target=\"_blank\" rel=\"noreferrer nofollow noopener\" title=\"https:\/\/www.infobae.com\/entretenimiento\/2025\/08\/23\/ronnie-wood-anuncia-una-antologia-por-sus-seis-decadas-de-carrera-y-presenta-mother-of-pearl-con-imelda-may\/\"><b>Ronnie Wood<\/b><\/a> cumpli\u00f3 medio siglo como guitarrista de los <a href=\"https:\/\/www.infobae.com\/entretenimiento\/2025\/10\/08\/la-jugada-rebelde-de-the-rolling-stones-la-cancion-prohibida-que-rompio-su-contrato-con-decca-records\/\" target=\"_blank\" rel=\"noreferrer nofollow noopener\" title=\"https:\/\/www.infobae.com\/entretenimiento\/2025\/10\/08\/la-jugada-rebelde-de-the-rolling-stones-la-cancion-prohibida-que-rompio-su-contrato-con-decca-records\/\"><b>Rolling Stones<\/b><\/a>, una efem\u00e9ride que coincide con la reedici\u00f3n de <b>Black and Blue<\/b>, el disco que marc\u00f3 su llegada oficial al grupo. Para Wood, aquel ingreso represent\u00f3 mucho m\u00e1s que una transici\u00f3n profesional. <\/p>\n<p class=\"paragraph\">\u201c<b>Cuando me un\u00ed, sent\u00ed que por fin estaba en casa<\/b>\u201d, record\u00f3 en una entrevista con UNCUT. Su entrada supuso el inicio de una nueva etapa para los Stones, transformando la din\u00e1mica interna y consolidando a Wood como una figura permanente.<\/p>\n<p class=\"paragraph\">El aniversario de 50 a\u00f1os de Wood con los Rolling Stones no solo rescata la historia de su integraci\u00f3n, sino tambi\u00e9n el contexto de <b>Black and Blue<\/b>, un \u00e1lbum breve de ocho canciones que el guitarrista define como una colecci\u00f3n de \u201cjoyas\u201d. Entre los recuerdos m\u00e1s significativos se destaca la grabaci\u00f3n de <b>Hey Negrita<\/b>, el primer tema que lider\u00f3 en el estudio. <\/p>\n<p><img alt=\"La integraci\u00f3n de Wood incluy\u00f3\" class=\"global-image\" decoding=\"async\" fetchpriority=\"low\" height=\"1365\" loading=\"lazy\" src=\"https:\/\/www.europesays.com\/es\/wp-content\/uploads\/2025\/10\/YAW7ILJ7OBA3LBNSZLC5UBKP2A.jpg\" width=\"1920\"\/>La integraci\u00f3n de Wood incluy\u00f3 ensayos intensos, una actuaci\u00f3n improvisada en Nueva York y su debut en Baton Rouge (Credit Image: \u00a9 KEYSTONE Pictures USA\/Grosby)<\/p>\n<p class=\"paragraph\">\u201c<b>Fue mi introducci\u00f3n cl\u00e1sica con los chicos<\/b>. Charlie Watts dijo: <b>\u2018Solo lo conocemos desde hace cinco minutos y ya nos est\u00e1 mandando\u2019<\/b>\u201d, relat\u00f3 Wood, quien recibi\u00f3 cr\u00e9dito como \u201cinspiraci\u00f3n por\u201d en el \u00e1lbum. <\/p>\n<p class=\"paragraph\">Aquel periodo constituy\u00f3 una prueba de fuego: \u201c<b>Tuve que aprenderme unas 300 canciones r\u00e1pido. Keith Richards me mantuvo en marcha<\/b>. Toc\u00e1bamos todo el tiempo, apenas dorm\u00edamos, <b>fue un curso intensivo<\/b>\u201d, explic\u00f3 el guitarrista.<\/p>\n<p class=\"paragraph\">El proceso de integraci\u00f3n estuvo marcado por ensayos intensos y camarader\u00eda en circunstancias poco convencionales. Antes de su primer concierto oficial el uno de junio de 1975 en Baton Rouge \u2014el mismo d\u00eda de su 28\u00ba cumplea\u00f1os\u2014, los Rolling Stones realizaron una actuaci\u00f3n improvisada de <b>Brown Sugar<\/b> sobre un cami\u00f3n por la Quinta Avenida de Nueva York. <\/p>\n<p><img alt=\"Ronnie Wood se integr\u00f3 a\" class=\"global-image\" decoding=\"async\" fetchpriority=\"low\" height=\"2679\" loading=\"lazy\" src=\"https:\/\/www.europesays.com\/es\/wp-content\/uploads\/2025\/10\/MPHHRJSSC43UUY3IFITGDHZVZQ.jpg\" width=\"4018\"\/>Ronnie Wood se integr\u00f3 a los Rolling Stones tras intensos ensayos y una actuaci\u00f3n improvisada en Nueva York (REUTERS\/Chris Helgren)<\/p>\n<p class=\"paragraph\">Los ensayos previos se celebraron en la finca de Andy Warhol en Montauk, Nueva York, preparando as\u00ed el Tour of the Americas. \u201cAl unirme, tuve que respirar hondo y decir: \u2018Aqu\u00ed vamos\u2019. O lo tienes o no lo tienes\u201d, afirm\u00f3 Wood, quien admiraba los discos de los Stones desde <b>Beggars Banquet<\/b>.<\/p>\n<p class=\"paragraph\">La adaptaci\u00f3n de Wood dependi\u00f3 especialmente de su relaci\u00f3n con Keith Richards y Charlie Watts. El guitarrista record\u00f3 con humor la t\u00e1ctica de Richards: \u201cKeith tuvo una gran idea: \u2018No le digamos a nadie que est\u00e1s en la banda\u2019. \u00a1Genial, gracias, Keith!\u201d. <\/p>\n<p class=\"paragraph\">La ausencia de un anuncio oficial lo dej\u00f3 con la etiqueta de \u201cel nuevo\u201d durante a\u00f1os, una sensaci\u00f3n que, en palabras del propio Wood a UNCUT, nunca desapareci\u00f3 completamente. La convivencia con los miembros originales y la <b>presi\u00f3n <\/b>de estar a la altura de la leyenda marcaron el inicio de su <b>recorrido<\/b>.<\/p>\n<p><img alt=\"La adaptaci\u00f3n de Wood a\" class=\"global-image\" decoding=\"async\" fetchpriority=\"low\" height=\"1802\" loading=\"lazy\" src=\"https:\/\/www.europesays.com\/es\/wp-content\/uploads\/2025\/10\/EFNE2UVBPZBVHDLB7DDVT5OOMI\" width=\"3204\"\/>La adaptaci\u00f3n de Wood a la banda estuvo marcada por su relaci\u00f3n con Keith Richards y Charlie Watts (REUTERS\/Gary Hershorn)<\/p>\n<p class=\"paragraph\">La grabaci\u00f3n de <b>Black and Blue<\/b> incluy\u00f3 la colaboraci\u00f3n de otros guitarristas como Harvey Mandel y Wayne Perkins, quienes aportaron a temas como <b>Hot Stuff<\/b> y <b>Hand of Fate<\/b>. Wood reconoce la influencia de estos m\u00fasicos y de sus predecesores, Mick Taylor y Brian Jones: \u201c<b>Pas\u00e9 50 a\u00f1os intentando rendirles homenaje en el escenario<\/b>. Es una lecci\u00f3n valiosa para m\u00ed, mantener viva su leyenda mientras <b>dejo mi propia huella<\/b>\u201d. <\/p>\n<p class=\"paragraph\">Pese a la competencia por el puesto, aclar\u00f3 que su \u00fanico objetivo era pertenecer a los Stones. \u201c<b>Solo ten\u00eda a los Stones en la mira<\/b>. Pensaba: \u2018Aqu\u00ed es donde debo estar. Todo va seg\u00fan lo planeado\u2019. No ve\u00eda a nadie m\u00e1s\u201d.<\/p>\n<p class=\"paragraph\">Entre las personalidades que inspiraron su llegada, Wood destaca a Billy Preston, cuya participaci\u00f3n al piano y voz fue decisiva. \u201c<b>Billy fue mi motor en el ingreso a la banda<\/b>. Era inspirador, con su piano apasionado y su manera de cantar. Nos compenetramos muy bien, como en \u2018Crazy Mama\u2019, el solo a d\u00fao que hicimos. Es de mis favoritas\u201d, confes\u00f3.<\/p>\n<p><img alt=\"El \u00e1lbum Black and Blue\" class=\"global-image\" decoding=\"async\" fetchpriority=\"low\" height=\"941\" loading=\"lazy\" src=\"https:\/\/www.europesays.com\/es\/wp-content\/uploads\/2025\/10\/GMQNV2GGRVFA5PSSONOGUTPEYA.jpg\" width=\"1920\"\/>El \u00e1lbum Black and Blue mostr\u00f3 la versatilidad de los Rolling Stones con influencias del reggae y la m\u00fasica jamaicana<\/p>\n<p class=\"paragraph\"><b>Black and Blue<\/b> exhibe tambi\u00e9n la versatilidad de los Rolling Stones, con influencias que abarcan desde el reggae de Eric Donaldson en <b>Cherry Oh Baby<\/b> hasta la m\u00fasica jamaicana de Max Romeo, Jimmy Cliff y The Heptones. <\/p>\n<p class=\"paragraph\">Para Wood, el \u00e1lbum anticip\u00f3 la \u00e9poca de grabaciones en Path\u00e9 Marconi en Par\u00eds, como <b>Some Girls<\/b>, <b>Tattoo You<\/b> y <b>Emotional Rescue<\/b>, materiales que redefinieron las posibilidades del grupo.<\/p>\n<p class=\"paragraph\">La gira europea tras el lanzamiento del \u00e1lbum fue clave en la integraci\u00f3n de Wood. Los carteles promocionales mostraban el Mont Blanc al fondo, s\u00edmbolo de la <b>energ\u00eda y ambici\u00f3n de la banda<\/b> en esa etapa. <\/p>\n<p><img alt=\"La gira europea tras el\" class=\"global-image\" decoding=\"async\" fetchpriority=\"low\" height=\"2398\" loading=\"lazy\" src=\"https:\/\/www.europesays.com\/es\/wp-content\/uploads\/2025\/10\/N2CQRHHRMNE3ZMA75VI7PYUSFI.jpg\" width=\"1595\"\/>La gira europea tras el lanzamiento del \u00e1lbum consolid\u00f3 la integraci\u00f3n de Wood en la banda (Robin Pope\/Camera Press)<\/p>\n<p class=\"paragraph\">\u201cPodr\u00edamos haber subido realmente, porque ten\u00edamos esa energ\u00eda. Necesit\u00e1bamos algo que demostrara que est\u00e1bamos listos para arrasar en esa gira\u201d, se\u00f1al\u00f3 Wood, quien, aun sabiendo las canciones de memoria, apenas hab\u00eda tenido oportunidad de interpretarlas en directo.<\/p>\n<p class=\"paragraph\">La sesi\u00f3n fotogr\u00e1fica para la portada de <b>Black and Blue<\/b> tuvo lugar en Sanibel Island, Florida, bajo la direcci\u00f3n del fot\u00f3grafo japon\u00e9s-estadounidense Hiro y se transform\u00f3 en una imagen emblem\u00e1tica del grupo. <\/p>\n<p><img alt=\"Ronnie Wood fue testigo de\" class=\"global-image\" decoding=\"async\" fetchpriority=\"low\" height=\"3338\" loading=\"lazy\" src=\"https:\/\/www.europesays.com\/es\/wp-content\/uploads\/2025\/10\/QYX77FADVJCOLDEAUXKTIGJ3LQ.jpg\" width=\"3954\"\/>Ronnie Wood fue testigo de la evoluci\u00f3n y vigencia de los Rolling Stones durante cinco d\u00e9cadas (GIJSBERT HANEKROOT)<\/p>\n<p class=\"paragraph\">\u201cEst\u00e1bamos todos en la playa, y si abres el \u00e1lbum ves que la sesi\u00f3n se extendi\u00f3 hasta el anochecer. Usamos linternas para hacer se\u00f1ales y formas. El fot\u00f3grafo quer\u00eda que pintara con luz, lo que estuvo bastante bien. Nos mov\u00edan por la arena, y Charlie llevaba traje, su atuendo habitual de playa. Cada petici\u00f3n ese d\u00eda no le resultaba c\u00f3moda. \u2018\u00bfVamos a la playa? Vale. \u00a1L\u00edmpienme los zapatos!\u2019\u201d, relat\u00f3 Wood.<\/p>\n<p class=\"paragraph\">En estas cinco d\u00e9cadas, Wood fue testigo de la evoluci\u00f3n y vigencia del grupo, convirti\u00e9ndose en <b>una pieza fundamental de los Rolling Stones<\/b>. <\/p>\n<p class=\"paragraph\">A pesar del tiempo transcurrido, la falta de un anuncio formal sobre su incorporaci\u00f3n prolong\u00f3 por a\u00f1os la percepci\u00f3n de ser \u201cel nuevo\u201d, un detalle que el propio Wood a\u00fan recuerda con iron\u00eda.<\/p>\n","protected":false},"excerpt":{"rendered":"Ronnie Wood celebra 50 a\u00f1os como guitarrista de los Rolling Stones, coincidiendo con la reedici\u00f3n de Black and&hellip;\n","protected":false},"author":2,"featured_media":172414,"comment_status":"","ping_status":"","sticky":false,"template":"","format":"standard","meta":{"footnotes":""},"categories":[170],"tags":[146,8117,147,25,24,184,185,23,1559],"class_list":{"0":"post-172413","1":"post","2":"type-post","3":"status-publish","4":"format-standard","5":"has-post-thumbnail","7":"category-musica","8":"tag-entertainment","9":"tag-entertainment-and-lifestyle","10":"tag-entretenimiento","11":"tag-es","12":"tag-espana","13":"tag-music","14":"tag-musica","15":"tag-spain","16":"tag-us"},"share_on_mastodon":{"url":"","error":""},"_links":{"self":[{"href":"https:\/\/www.europesays.com\/es\/wp-json\/wp\/v2\/posts\/172413","targetHints":{"allow":["GET"]}}],"collection":[{"href":"https:\/\/www.europesays.com\/es\/wp-json\/wp\/v2\/posts"}],"about":[{"href":"https:\/\/www.europesays.com\/es\/wp-json\/wp\/v2\/types\/post"}],"author":[{"embeddable":true,"href":"https:\/\/www.europesays.com\/es\/wp-json\/wp\/v2\/users\/2"}],"replies":[{"embeddable":true,"href":"https:\/\/www.europesays.com\/es\/wp-json\/wp\/v2\/comments?post=172413"}],"version-history":[{"count":0,"href":"https:\/\/www.europesays.com\/es\/wp-json\/wp\/v2\/posts\/172413\/revisions"}],"wp:featuredmedia":[{"embeddable":true,"href":"https:\/\/www.europesays.com\/es\/wp-json\/wp\/v2\/media\/172414"}],"wp:attachment":[{"href":"https:\/\/www.europesays.com\/es\/wp-json\/wp\/v2\/media?parent=172413"}],"wp:term":[{"taxonomy":"category","embeddable":true,"href":"https:\/\/www.europesays.com\/es\/wp-json\/wp\/v2\/categories?post=172413"},{"taxonomy":"post_tag","embeddable":true,"href":"https:\/\/www.europesays.com\/es\/wp-json\/wp\/v2\/tags?post=172413"}],"curies":[{"name":"wp","href":"https:\/\/api.w.org\/{rel}","templated":true}]}}