{"id":172419,"date":"2025-10-12T19:33:15","date_gmt":"2025-10-12T19:33:15","guid":{"rendered":"https:\/\/www.europesays.com\/es\/172419\/"},"modified":"2025-10-12T19:33:15","modified_gmt":"2025-10-12T19:33:15","slug":"se-consume-mas-de-lo-imaginable-gente-impensable","status":"publish","type":"post","link":"https:\/\/www.europesays.com\/es\/172419\/","title":{"rendered":"\u201cSe consume m\u00e1s de lo imaginable, gente impensable\u201d"},"content":{"rendered":"<p class=\"paragraph-atom &#10;        B-500-500-700-N B-600-500-700-N--md  \">El consumo de <strong>drogas<\/strong> en la <a href=\"https:\/\/www.laregion.es\/provincia\/\" target=\"_blank\" rel=\"nofollow noopener\"><strong>provincia<\/strong><\/a><strong> de Ourense<\/strong>, al igual que en toda Galicia, se define por un inicio alarmantemente temprano y unos patrones de uso que normalizan el riesgo, especialmente entre los <strong>j\u00f3venes<\/strong>. Seg\u00fan los datos m\u00e1s recientes del Plan Nacional sobre Drogas, correspondientes a 2024, la puerta de entrada a las adicciones se cruza a los <strong>14,2 a\u00f1os<\/strong>, edad media id\u00e9ntica para el primer contacto con el <strong>alcohol y el tabaco<\/strong>, estableci\u00e9ndose el consumo diario de cigarrillos a los 14,8 a\u00f1os. El salto al <strong>cannabis<\/strong>, la sustancia ilegal m\u00e1s extendida, se produce de media a los <strong>15 a\u00f1os<\/strong>. <\/p>\n<p class=\"paragraph-atom &#10;        B-500-500-700-N B-600-500-700-N--md  \">M\u00e1s all\u00e1 del primer contacto, los h\u00e1bitos revelan la profundidad del problema. El <strong>binge drinking<\/strong><strong> (atrac\u00f3n de alcohol)<\/strong> es una pr\u00e1ctica habitual para casi un tercio de los menores entre 14 y 18 a\u00f1os, y casi un <strong>58,8% <\/strong>de ellos bebe alcohol de forma regular, la droga m\u00e1s consumida.  Tras \u00e9l se sit\u00faa el <strong>tabaco<\/strong>, aunque a la baja, ya superado por la versi\u00f3n electr\u00edonica: el <strong>36% <\/strong>ha probado el tabaco normal, pero solo el 25% fuma de forma habitual entre los m\u00e1s j\u00f3venes. Aqu\u00ed reside el cambio de paradigma, ya que la moda ahora reside en <strong>vapear<\/strong> (consumir cigarrillos electr\u00f3nicos). Un alarmante <strong>52%<\/strong> de los menores ourensanos afirma haberlo probado. A continuaci\u00f3n, el cannabis se consolida como la adicci\u00f3n m\u00e1s extendida en la poblaci\u00f3n m\u00e1s joven (18,5% lo hacen cada mes y el 24,7% de ellos ha consumido en el \u00faltimo a\u00f1o). Su popularidad se cimienta en una <strong>baja percepci\u00f3n de riesgo<\/strong> y una alt\u00edsima disponibilidad: m\u00e1s de la mitad de los ourensanos en edad escolar considera que les resultar\u00eda \u201cf\u00e1cil\u201d conseguirlo.<\/p>\n<p class=\"paragraph-atom &#10;        B-500-500-700-N B-600-500-700-N--md  \">El consumo de <strong>coca\u00edna<\/strong> repunta, pero sigue ocupando todav\u00eda un puesto inferior en la escala de adicciones, con un 2,9% de consumo habitual.  El aumento m\u00e1s dr\u00e1stico se observa en los <strong>hipnosedantes<\/strong> (somn\u00edferos, tranquilizantes). Su consumo pr\u00e1cticamente <strong>se duplica<\/strong>, pasando de ser una sustancia minoritaria a convertirse en el <strong>cuarto grupo m\u00e1s consumido<\/strong>, con un 19% de consumidores habituales.<\/p>\n<p class=\"paragraph-atom &#10;        B-500-500-700-N B-600-500-700-N--md  \">En pocos d\u00edas har\u00e1 cuatro meses que la Polic\u00eda Nacional despleg\u00f3 la <strong>Operaci\u00f3n Cop\u00e9rnico <\/strong>en el barrio de <strong>Covadonga<\/strong>. La redada arroj\u00f3 <strong>15 detenidos<\/strong>, la incautaci\u00f3n de <strong>42.000 dosis<\/strong> individuales de sustancias psicoactivas, y la receptaci\u00f3n de <strong>17.000 euros en met\u00e1lico<\/strong> generados por esa actividad delictiva. El efectivo, fraccionado en monedas y billetes de peque\u00f1a denominaci\u00f3n, propicia una lectura inquietante: el menudeo ha dominado y domina hoy el panorama local de Ourense, por m\u00e1s que la Polic\u00eda Judicial afirma haber desmantelado el<strong> 50% del microtr\u00e1fico <\/strong>de drogas en la ciudad.<\/p>\n<p class=\"paragraph-atom &#10;        B-500-500-700-N B-600-500-700-N--md  \">El panorama es altamente complejo. El consumo tiene mil formas de expandirse, y lo que parece una guerra ganada, no es m\u00e1s que una tregua. Por un lado, la demanda crece, y por otro, los proveedores se reinventan para burlar los dispositivos de vigilancia policial. <\/p>\n<p>        Interioridades<\/p>\n<p class=\"paragraph-atom &#10;        B-500-500-700-N B-600-500-700-N--md  \"><strong>Irene<\/strong>, consumidora de <strong>49 a\u00f1os<\/strong> cuyo nombre real pidi\u00f3 permaneciese en el anonimato, eval\u00faa la situaci\u00f3n de la<strong> drogadicci\u00f3n en Ourense<\/strong> desde la perspectiva del observador participante: \u201cSe consume <strong>m\u00e1s de lo que gente imaginas<\/strong>, y es gente impensable. Esto va de <strong>hach\u00eds, marihuana, coca\u00edna<\/strong>, (fumada y esnifada), adem\u00e1s de la <strong>hero\u00edna<\/strong>, que en la movida se le llama <strong>\u201ccaballo\u201d<\/strong>. Tambi\u00e9n est\u00e1 el fentanilo, y una mezcla, <strong>hero\u00edna con coca\u00edn<\/strong>a, que sobre todo los chavales llaman<strong> \u201crebujito\u201d o \u201crebujao\u201d<\/strong>. Esta, que es de la que m\u00e1s consumen los m\u00e1s j\u00f3venes, es una bomba porque combina el baj\u00f3n con el subid\u00f3n, la verdad es que te coloca en nada\u201d. <\/p>\n<p class=\"paragraph-atom &#10;        B-500-500-700-N B-600-500-700-N--md  \">Al preguntarle a Irene por el modo de consumo, relata: \u201cPor ejemplo, el caballo y la coca se <strong>fuman en papel de aluminio<\/strong> en una<strong> base con mechero<\/strong> o en una pipa, claramente, esto hay que cortarlo con <strong>anfetaminas o amon\u00edaco<\/strong>, porque de otro modo, no funciona. La verdad es que la gente aqu\u00ed fuma o esnifa mucho, raro es el que usa <strong>agujas<\/strong>. Yo, personalmente, las respeto\u201d.<\/p>\n<p class=\"paragraph-atom &#10;        B-500-500-700-N B-600-500-700-N--md  \">Durante la conversaci\u00f3n, charlamos con<strong> Iv\u00e1n, novio de Irene<\/strong>. \u201cLa coca de pureza media se vende a<strong> 60 euros el gramo<\/strong>, 30 el medio y a 15 el cuarto; el hach\u00eds, por barras fumables que parecen de plastilina, y que anda cada una por los <strong>20 euros<\/strong>; los cogollos de cannabis, tambi\u00e9n a<strong> 20 euros el gramo<\/strong>, es decir, cuando es de interior, cuando se trata de una planta cuidada, con aceitillo palpable\u201d, comenta con leve tartamudeo. <\/p>\n<p>        Las apariencias enga\u00f1an<\/p>\n<p class=\"paragraph-atom &#10;        B-500-500-700-N B-600-500-700-N--md  \">Irene ilustra la escena del consumo ourensano: \u201cEs cierto que quienes m\u00e1s consumen <strong>son los chavales,<\/strong> porque sienten curiosidad, o los reta el grupo de compis, pero son los aficionados en esta liga. Aqu\u00ed los profesionales son los de<strong> \u201cclase yey\u00e9\u201d<\/strong>, esos que no quieren que los vean, y se colocan, pero <strong>encerrados en sus pisos<\/strong>. Hablo de m\u00e9dicos, ingenieros, funcionarios, gente que est\u00e1 entre los <strong>55 y los 65 a\u00f1os<\/strong>; esos no compran de la barata, esos a lo que aspiran es a pureza porque tienen c\u00f3mo pagarla: los caballos o los ponis (enti\u00e9ndase los que hacen las visitas) no les pueden ir con otra cosa, es la misma diferencia entre comer en un restaurante de mala muerte y otro de lujo, pero en los <strong>dos te envenenas<\/strong>.\u201d<\/p>\n<p class=\"paragraph-atom &#10;        B-500-500-700-N B-600-500-700-N--md  \">La realidad sobre el consumo en Ourense es multicausal, y requiere por parte de las instituciones implicadas en la prevenci\u00f3n un abordaje integral capaz de comprender las actuales din\u00e1micas sociales. Iv\u00e1n, que al igual que Irene recibe atenci\u00f3n del <strong>Proxecto Home<\/strong>, se despide contundente: \u201cLo mejor es <strong>no empezar<\/strong>: es como una piedra que nunca oyes caer en el fondo del pozo\u201d.<\/p>\n","protected":false},"excerpt":{"rendered":"El consumo de drogas en la provincia de Ourense, al igual que en toda Galicia, se define por&hellip;\n","protected":false},"author":2,"featured_media":172420,"comment_status":"","ping_status":"","sticky":false,"template":"","format":"standard","meta":{"footnotes":""},"categories":[92],"tags":[21380,13979,25,24,260,165,49856,19704,166,23],"class_list":{"0":"post-172419","1":"post","2":"type-post","3":"status-publish","4":"format-standard","5":"has-post-thumbnail","7":"category-salud","8":"tag-consume","9":"tag-droga","10":"tag-es","11":"tag-espana","12":"tag-gente","13":"tag-health","14":"tag-imaginable","15":"tag-ourense","16":"tag-salud","17":"tag-spain"},"share_on_mastodon":{"url":"","error":""},"_links":{"self":[{"href":"https:\/\/www.europesays.com\/es\/wp-json\/wp\/v2\/posts\/172419","targetHints":{"allow":["GET"]}}],"collection":[{"href":"https:\/\/www.europesays.com\/es\/wp-json\/wp\/v2\/posts"}],"about":[{"href":"https:\/\/www.europesays.com\/es\/wp-json\/wp\/v2\/types\/post"}],"author":[{"embeddable":true,"href":"https:\/\/www.europesays.com\/es\/wp-json\/wp\/v2\/users\/2"}],"replies":[{"embeddable":true,"href":"https:\/\/www.europesays.com\/es\/wp-json\/wp\/v2\/comments?post=172419"}],"version-history":[{"count":0,"href":"https:\/\/www.europesays.com\/es\/wp-json\/wp\/v2\/posts\/172419\/revisions"}],"wp:featuredmedia":[{"embeddable":true,"href":"https:\/\/www.europesays.com\/es\/wp-json\/wp\/v2\/media\/172420"}],"wp:attachment":[{"href":"https:\/\/www.europesays.com\/es\/wp-json\/wp\/v2\/media?parent=172419"}],"wp:term":[{"taxonomy":"category","embeddable":true,"href":"https:\/\/www.europesays.com\/es\/wp-json\/wp\/v2\/categories?post=172419"},{"taxonomy":"post_tag","embeddable":true,"href":"https:\/\/www.europesays.com\/es\/wp-json\/wp\/v2\/tags?post=172419"}],"curies":[{"name":"wp","href":"https:\/\/api.w.org\/{rel}","templated":true}]}}