{"id":172421,"date":"2025-10-12T19:34:09","date_gmt":"2025-10-12T19:34:09","guid":{"rendered":"https:\/\/www.europesays.com\/es\/172421\/"},"modified":"2025-10-12T19:34:09","modified_gmt":"2025-10-12T19:34:09","slug":"no-es-facil-asumir-algo-asi-2","status":"publish","type":"post","link":"https:\/\/www.europesays.com\/es\/172421\/","title":{"rendered":"\u00abNo es f\u00e1cil asumir algo as\u00ed\u00bb"},"content":{"rendered":"<p style=\"\">Todo parec\u00eda ir como la seda en la vida de <a href=\"https:\/\/www.abc.es\/gente\/gossip\/abci-nueva-y-apasionante-faceta-profesional-eugenia-silva-conecta-tenis-202202251105_noticia.html\" target=\"_self\" data-voc-vtm-id=\"in-text-traffic\" title=\"Eugenia Silva\" data-mrf-link=\"www.abc.es\" rel=\"nofollow noopener\">Eugenia Silva<\/a>. A sus 49 a\u00f1os, y muy activa en redes, por ah\u00ed iba contando a sus muchos seguidores c\u00f3mo eran sus d\u00edas. Unas veces sus viajes, otras sus planes con amigos, tambi\u00e9n sus  &#8230; looks\u2026 Hasta que ahora se ha decidido a compartir <strong>una experiencia bastante menos grata<\/strong>, pues ha tenido que ser intervenida de una <strong>artrosis severa en la cadera<\/strong>. \u00abNo es f\u00e1cil asumir algo as\u00ed\u00bb, ha lamentado.<\/p>\n<p class=\"voc-p\" style=\"\">La esposa de <strong>Alfonso de Borb\u00f3n y Yordi<\/strong> ha hablado abiertamente en su Instagram del <strong>problema que ha sacudido su vida<\/strong> y que le ha obligado a parar fulminantemente. As\u00ed, en su cuenta oficial de Instagram ha abierto su coraz\u00f3n a sus seguidores para compartir un mensaje y unas im\u00e1genes de ella misma <strong>en la habitaci\u00f3n de un hospital<\/strong>.<\/p>\n<p class=\"voc-p\" style=\"\">\u00abOs he echado de menos\u2026 Ese cari\u00f1o que me regal\u00e1is cada d\u00eda es algo muy especial, y<strong> estos d\u00edas de silencio<\/strong> tambi\u00e9n me han hecho sentirlo. Estas fotos os las hice para compartir lo que no siempre se muestra. Hace unos d\u00edas me operaron por unas lesiones debidas a una artrosis severa en la cadera. <strong>Me han puesto una pr\u00f3tesis de titanio<\/strong>\u00bb, comenzaba para dejar con la boca abierta a sus seguidores. \u00abEra necesario. El dolor ya no me permit\u00eda seguir con mi ritmo habitual\u00bb, confesaba con pesar antes de a\u00f1adir que \u00ab<strong>este mes de septiembre ha sido especialmente retador<\/strong>\u00bb.<\/p>\n<p>\nUnas fotograf\u00edas impactantes\n<\/p>\n<p class=\"voc-p\" style=\"\"><a href=\"https:\/\/www.abc.es\/gente\/muere-anos-alfonso-borbon-escasany-primo-segundo-20250510123743-nt.html\" target=\"_self\" data-voc-vtm-id=\"in-text-traffic\" title=\"Eugenia Silva\" data-mrf-link=\"www.abc.es\" rel=\"nofollow noopener\">Eugenia Silva<\/a> ha mostrado una serie de im\u00e1genes que inclu\u00edan la radiograf\u00eda de su cadera y a ella misma intentando comenzar a andar de nuevo con sus muletas en la mism\u00edsima habitaci\u00f3n del hospital. \u00ab<strong>No es f\u00e1cil asumir algo as\u00ed, sobre todo cuando tu carrera est\u00e1 tan ligada a la imagen<\/strong>, al movimiento, al cuerpo en acci\u00f3n\u2026 O porque muchas veces asociamos este tipo de intervenciones a etapas m\u00e1s avanzadas de la vida\u00bb, dec\u00eda. \u00abPero aqu\u00ed estoy. Cuid\u00e1ndome. Escuch\u00e1ndome. Y entendiendo que estar bien tambi\u00e9n es esto: parar\u00bb, aseguraba.<\/p>\n<p class=\"voc-p\" style=\"\">Finalmente, Eugenia Silva ha querido enviar <strong>su agradecimiento a quienes han cuidado de ella en estos d\u00edas desde el hospital<\/strong> y tambi\u00e9n a sus seguidores. \u00abGracias por estar cerca tambi\u00e9n en estos momentos y gracias al Dr. Novoa, la Dra. Ruiz y todo el equipo de la Cl\u00ednica Cemtro en Madrid. Os ir\u00e9 contando, desde casa, c\u00f3mo va evolucionando esta nueva etapa\u00bb, resum\u00eda.<\/p>\n<p>\nEl apoyo de Vicky Mart\u00edn Berrocal\n<\/p>\n<p class=\"voc-p\" style=\"\">Por supuesto, su cuenta oficial de Instagram se ha llenado de los comentarios de apoyo de sus seguidores, quienes han transmitido <strong>todo el apoyo y la fuerza a Eugenia Silva<\/strong> para que ayudarle a superar este dif\u00edcil trance que ahora mismo atraviesa. Y uno de ellos proced\u00eda de su amiga <a href=\"https:\/\/www.abc.es\/gente\/vicky-martin-berrocal-consolida-kardashian-espanola-encuentra-20250403195618-nt.html\" target=\"_self\" data-voc-vtm-id=\"in-text-traffic\" title=\"Vicky Mart\u00edn Berrocal\" data-mrf-link=\"www.abc.es\" rel=\"nofollow noopener\">Vicky Mart\u00edn Berrocal<\/a>, quien ha escrito: \u00ab<strong>Amiga, de titanio est\u00e1s hecha t\u00fa entera<\/strong>!\u00bb<\/p>\n<p class=\"voc-p\" style=\"\">La artrosis de cadera es una enfermedad degenerativa que se manifiesta en fuertes dolores, rigidez y p\u00e9rdida de movilidad. En Espa\u00f1a afecta a m\u00e1s de dos millones de personas y <strong>su prevalencia aumenta con la edad<\/strong>, especialmente entre las mujeres mayores de 60 a\u00f1os, aunque en el caso de Eugenia Silva ha aparecido antes de lo que suele ser habitual. A la modelo le espera ahora <strong>un proceso de rehabilitaci\u00f3n largo<\/strong> que incluye fisioterapia y seguimiento m\u00e9dico permanente.<\/p>\n","protected":false},"excerpt":{"rendered":"Todo parec\u00eda ir como la seda en la vida de Eugenia Silva. A sus 49 a\u00f1os, y muy&hellip;\n","protected":false},"author":2,"featured_media":172422,"comment_status":"","ping_status":"","sticky":false,"template":"","format":"standard","meta":{"footnotes":""},"categories":[91],"tags":[7612,9440,20791,146,147,25,24,29412,9868,3345,2885,2469,23],"class_list":{"0":"post-172421","1":"post","2":"type-post","3":"status-publish","4":"format-standard","5":"has-post-thumbnail","7":"category-entretenimiento","8":"tag-alarmas","9":"tag-asumir","10":"tag-enciende","11":"tag-entertainment","12":"tag-entretenimiento","13":"tag-es","14":"tag-espana","15":"tag-eugenia","16":"tag-facil","17":"tag-hospital","18":"tag-operacion","19":"tag-silva","20":"tag-spain"},"share_on_mastodon":{"url":"","error":""},"_links":{"self":[{"href":"https:\/\/www.europesays.com\/es\/wp-json\/wp\/v2\/posts\/172421","targetHints":{"allow":["GET"]}}],"collection":[{"href":"https:\/\/www.europesays.com\/es\/wp-json\/wp\/v2\/posts"}],"about":[{"href":"https:\/\/www.europesays.com\/es\/wp-json\/wp\/v2\/types\/post"}],"author":[{"embeddable":true,"href":"https:\/\/www.europesays.com\/es\/wp-json\/wp\/v2\/users\/2"}],"replies":[{"embeddable":true,"href":"https:\/\/www.europesays.com\/es\/wp-json\/wp\/v2\/comments?post=172421"}],"version-history":[{"count":0,"href":"https:\/\/www.europesays.com\/es\/wp-json\/wp\/v2\/posts\/172421\/revisions"}],"wp:featuredmedia":[{"embeddable":true,"href":"https:\/\/www.europesays.com\/es\/wp-json\/wp\/v2\/media\/172422"}],"wp:attachment":[{"href":"https:\/\/www.europesays.com\/es\/wp-json\/wp\/v2\/media?parent=172421"}],"wp:term":[{"taxonomy":"category","embeddable":true,"href":"https:\/\/www.europesays.com\/es\/wp-json\/wp\/v2\/categories?post=172421"},{"taxonomy":"post_tag","embeddable":true,"href":"https:\/\/www.europesays.com\/es\/wp-json\/wp\/v2\/tags?post=172421"}],"curies":[{"name":"wp","href":"https:\/\/api.w.org\/{rel}","templated":true}]}}