{"id":172427,"date":"2025-10-12T19:37:07","date_gmt":"2025-10-12T19:37:07","guid":{"rendered":"https:\/\/www.europesays.com\/es\/172427\/"},"modified":"2025-10-12T19:37:07","modified_gmt":"2025-10-12T19:37:07","slug":"que-se-sabe-de-los-rehenes-con-vida-que-liberara-hamas-internacional","status":"publish","type":"post","link":"https:\/\/www.europesays.com\/es\/172427\/","title":{"rendered":"Qu\u00e9 se sabe de los rehenes con vida que liberar\u00e1 Ham\u00e1s | Internacional"},"content":{"rendered":"<p class=\"loc\">Madrid<\/p>\n<p>A falta de horas para que Ham\u00e1s libere a los rehenes que permanecen en Gaza, los ojos de todo el mundo est\u00e1n puestos sobre un enclave en el que, mientras, miles de palestinos tratan de regresar a lo que queda de sus hogares, destruidos por la guerra. <\/p>\n<p>M\u00e1s informaci\u00f3n<\/p>\n<p>Ham\u00e1s ha terminado ya el recuento de rehenes que permanecen con vida, 20 en total, frente a los 28 cautivos que han muerto en la Franja y cuyos cuerpos tambi\u00e9n entregar\u00e1 el grupo terrorista en el marco de la implementaci\u00f3n de la primera fase del acuerdo de paz para Gaza. <\/p>\n<p>Aquellos que permanecen retenidos con vida regresar\u00e1n a Israel tras m\u00e1s de dos a\u00f1os secuestrados. Era el 7 de octubre de 2023 cuando Ham\u00e1s secuestraba a numerosos asistentes a un festival de m\u00fasica celebrado en el pa\u00eds, as\u00ed como a otras personas que permanec\u00edan en sus kibutz o en bases militares. <\/p>\n<p>Tres extranjeros<\/p>\n<p>Entre los rehenes con vida se encuentran tres ciudadanos con doble nacionalidad israel\u00ed y argentina que fueron secuestrados por Ham\u00e1s. Dos de ellos, los hermanos Ariel y David Cunio, residentes en Israel desde 1986, fueron secuestrados con sus familias o parejas, los cuales han sido puestos en libertad en otros ceses de violencia en el enclave. <\/p>\n<p>El otro ciudadano argentino se trata de Eitan Horn, quien fue secuestrado cuando visitaba a su hermano en su casa.<\/p>\n<p>Soldados y guardias de seguridad<\/p>\n<p>El ataque de Ham\u00e1s sobre el festival de m\u00fasica Nova supuso el inicio de la escalada en un conflicto que se ha extendido durante dos a\u00f1os. Numerosas personas lograron esconderse o huir, pero otras no pudieron escapar del secuestro por parte del grupo. <\/p>\n<p>Uno de ellos fue Rom Braslavski, un guardia de seguridad del festival que fue retenido mientras trataba de ayudar a los asistentes. Braslavski, que ser\u00e1 liberado este lunes, es descrito por su madre como \u00abun h\u00e9roe\u00bb. <\/p>\n<p>A \u00e9l se a\u00f1ade el soldado israel\u00ed Matan Angrestm secuestrado tambi\u00e9n el 7 de octubre, y Maxim Herkin, un ciudadano con la doble nacionalidad rusa e israel\u00ed, que sali\u00f3 de Ucrania para residir en Israel. <\/p>\n<p>En Tel Aviv los esperan sus familiares, que a lo largo de estos dos a\u00f1os han protagonizado una fuerte protesta y rechazo hacia el primer ministro israel\u00ed, Benjam\u00edn Netanyahu, al que culpan de extender el conflicto y prolongar el sufrimiento de los rehenes en Gaza. <\/p>\n<p>Otro ejemplo es el de los hermanos gemelos Ziv y Gali Berman, que, seg\u00fan sus familias, han sido separados en el cautiverio. Ambos fueron secuestrados en sus casas el 7 de octubre de 2023. <\/p>\n<p>Lista completa de los rehenes vivos que ser\u00e1n liberados<\/p>\n<p>Elkana Bohbot (34 a\u00f1os)<\/p>\n<p>David Cunio (34 a\u00f1os)<\/p>\n<p>Eitan Horn (38 a\u00f1os)<\/p>\n<p>Eitan Abraham Mor (24 a\u00f1os)<\/p>\n<p>Matan Zangauker (25 a\u00f1os)<\/p>\n<p>Avinatan Or (31 a\u00f1os)<\/p>\n<p>Omri Miran (47 a\u00f1os)<\/p>\n<p>Maxim Herkin (36 a\u00f1os)<\/p>\n<p>Ariel Cunio (27 a\u00f1os)<\/p>\n<p>Gali Berman (27 a\u00f1os)<\/p>\n<p>Ziv Berman (27 a\u00f1os)<\/p>\n<p>Nimrod Cohen (20 a\u00f1os)<\/p>\n<p>Guy Gilboa-Dalal (23 a\u00f1os)<\/p>\n<p>Bar Kupershtein (23 a\u00f1os)<\/p>\n<p>Alon Ohel (23 a\u00f1os)<\/p>\n<p>Matan Angrest (21 a\u00f1os)<\/p>\n<p>Rom Braslavski (21 a\u00f1os)<\/p>\n<p>Evyatar David (24 a\u00f1os)<\/p>\n<p>Segev Kalfon (27 a\u00f1os)<\/p>\n<p>Yosef-Chaim Ohana (24 a\u00f1os)<\/p>\n","protected":false},"excerpt":{"rendered":"Madrid A falta de horas para que Ham\u00e1s libere a los rehenes que permanecen en Gaza, los ojos&hellip;\n","protected":false},"author":2,"featured_media":172428,"comment_status":"","ping_status":"","sticky":false,"template":"","format":"standard","meta":{"footnotes":""},"categories":[42],"tags":[49858,17,18,36965,18680,49859,49860,13,14,11,61,62,63,64,19,20,9,10,15,16,35630,49861,49862,6222,49863,12,21,22,65,66,67],"class_list":{"0":"post-172427","1":"post","2":"type-post","3":"status-publish","4":"format-standard","5":"has-post-thumbnail","7":"category-internacional","8":"tag-anti-war","9":"tag-breaking-news","10":"tag-breakingnews","11":"tag-demo","12":"tag-demonstration","13":"tag-demonstrator","14":"tag-demonstrators","15":"tag-featured-news","16":"tag-featurednews","17":"tag-headlines","18":"tag-internacional","19":"tag-international","20":"tag-international-news","21":"tag-internationalnews","22":"tag-latest-news","23":"tag-latestnews","24":"tag-news","25":"tag-noticias","26":"tag-noticias-destacadas","27":"tag-noticiasdestacadas","28":"tag-placards","29":"tag-protester","30":"tag-protesters","31":"tag-rally","32":"tag-release-israeli-hostages","33":"tag-titulares","34":"tag-ultimas-noticias","35":"tag-ultimasnoticias","36":"tag-world","37":"tag-world-news","38":"tag-worldnews"},"share_on_mastodon":{"url":"","error":""},"_links":{"self":[{"href":"https:\/\/www.europesays.com\/es\/wp-json\/wp\/v2\/posts\/172427","targetHints":{"allow":["GET"]}}],"collection":[{"href":"https:\/\/www.europesays.com\/es\/wp-json\/wp\/v2\/posts"}],"about":[{"href":"https:\/\/www.europesays.com\/es\/wp-json\/wp\/v2\/types\/post"}],"author":[{"embeddable":true,"href":"https:\/\/www.europesays.com\/es\/wp-json\/wp\/v2\/users\/2"}],"replies":[{"embeddable":true,"href":"https:\/\/www.europesays.com\/es\/wp-json\/wp\/v2\/comments?post=172427"}],"version-history":[{"count":0,"href":"https:\/\/www.europesays.com\/es\/wp-json\/wp\/v2\/posts\/172427\/revisions"}],"wp:featuredmedia":[{"embeddable":true,"href":"https:\/\/www.europesays.com\/es\/wp-json\/wp\/v2\/media\/172428"}],"wp:attachment":[{"href":"https:\/\/www.europesays.com\/es\/wp-json\/wp\/v2\/media?parent=172427"}],"wp:term":[{"taxonomy":"category","embeddable":true,"href":"https:\/\/www.europesays.com\/es\/wp-json\/wp\/v2\/categories?post=172427"},{"taxonomy":"post_tag","embeddable":true,"href":"https:\/\/www.europesays.com\/es\/wp-json\/wp\/v2\/tags?post=172427"}],"curies":[{"name":"wp","href":"https:\/\/api.w.org\/{rel}","templated":true}]}}