{"id":172435,"date":"2025-10-12T19:41:11","date_gmt":"2025-10-12T19:41:11","guid":{"rendered":"https:\/\/www.europesays.com\/es\/172435\/"},"modified":"2025-10-12T19:41:11","modified_gmt":"2025-10-12T19:41:11","slug":"dice-morante-de-la-puebla-adios-a-los-ruedos","status":"publish","type":"post","link":"https:\/\/www.europesays.com\/es\/172435\/","title":{"rendered":"Dice Morante de la Puebla adi\u00f3s a los ruedos"},"content":{"rendered":"<p class=\"gr_datos_tiempo\">02 MIN 30 SEG<\/p>\n<p class=\"gr_datos_autor\">Guillermo Leal<\/p>\n<p class=\"gr_datos_lugar_fecha\">Cd. de M\u00e9xico  (12 octubre 2025) .-13:27 hrs<\/p>\n<p><img decoding=\"async\" id=\"imgCerrarSticky\" style=\"display:none;\" class=\"stickyImg\" onclick=\"cerrarSticky()\" src=\"https:\/\/www.europesays.com\/es\/wp-content\/uploads\/2025\/07\/btn_cerrar.png\"\/><img decoding=\"async\" src=\"https:\/\/www.europesays.com\/es\/wp-content\/uploads\/2025\/09\/1757026390_774_expande.png\" alt=\"\"\/><img decoding=\"async\" src=\"https:\/\/www.europesays.com\/es\/wp-content\/uploads\/2025\/10\/6046493.jpg&#038;imagencompleta=1.jpeg\" alt=\"Un emocionado Morante de la Puebla con la coleta en la mano derecha.\" class=\"imgArt zoomable-image\"\/><\/p>\n<p class=\"gr_pie_de_foto\">Un emocionado Morante de la Puebla con la coleta en la mano derecha. Cr\u00e9dito: Especial<\/p>\n<p>Aunque era Fernando Roble\u00f1o, el torero madrile\u00f1o que hab\u00eda anunciado su adi\u00f3s de los ruedos en la \u00faltima corrida de este a\u00f1o en Madrid, la sorpresa y la noticia es que, s\u00fabitamente, una de las figuras m\u00e1s importantes del toreo \u00abMorante de la Puebla\u00bb se quit\u00f3 la colera, tras haber hecho una faena excepcional de arte y calidad por la que cort\u00f3 dos orejas.<\/p>\n<p><img decoding=\"async\" width=\"35px\" height=\"35px\" style=\"display:none;\" src=\"https:\/\/www.europesays.com\/es\/wp-content\/uploads\/2025\/09\/contrae2.png\" alt=\"\" id=\"closeM\"\/><img class=\"modal-content\"\/><\/p>\n","protected":false},"excerpt":{"rendered":"02 MIN 30 SEG Guillermo Leal Cd. de M\u00e9xico (12 octubre 2025) .-13:27 hrs Un emocionado Morante de&hellip;\n","protected":false},"author":2,"featured_media":172436,"comment_status":"","ping_status":"","sticky":false,"template":"","format":"standard","meta":{"footnotes":""},"categories":[277],"tags":[373,1679,168,49864,25,24,205,1392,5775,23,167,374,444],"class_list":{"0":"post-172435","1":"post","2":"type-post","3":"status-publish","4":"format-standard","5":"has-post-thumbnail","7":"category-toreo","8":"tag-bullfighting","9":"tag-cancha","10":"tag-deportes","11":"tag-dos-orejas","12":"tag-es","13":"tag-espana","14":"tag-madrid","15":"tag-morante-de-la-puebla","16":"tag-retiro","17":"tag-spain","18":"tag-sports","19":"tag-toreo","20":"tag-toros"},"share_on_mastodon":{"url":"","error":""},"_links":{"self":[{"href":"https:\/\/www.europesays.com\/es\/wp-json\/wp\/v2\/posts\/172435","targetHints":{"allow":["GET"]}}],"collection":[{"href":"https:\/\/www.europesays.com\/es\/wp-json\/wp\/v2\/posts"}],"about":[{"href":"https:\/\/www.europesays.com\/es\/wp-json\/wp\/v2\/types\/post"}],"author":[{"embeddable":true,"href":"https:\/\/www.europesays.com\/es\/wp-json\/wp\/v2\/users\/2"}],"replies":[{"embeddable":true,"href":"https:\/\/www.europesays.com\/es\/wp-json\/wp\/v2\/comments?post=172435"}],"version-history":[{"count":0,"href":"https:\/\/www.europesays.com\/es\/wp-json\/wp\/v2\/posts\/172435\/revisions"}],"wp:featuredmedia":[{"embeddable":true,"href":"https:\/\/www.europesays.com\/es\/wp-json\/wp\/v2\/media\/172436"}],"wp:attachment":[{"href":"https:\/\/www.europesays.com\/es\/wp-json\/wp\/v2\/media?parent=172435"}],"wp:term":[{"taxonomy":"category","embeddable":true,"href":"https:\/\/www.europesays.com\/es\/wp-json\/wp\/v2\/categories?post=172435"},{"taxonomy":"post_tag","embeddable":true,"href":"https:\/\/www.europesays.com\/es\/wp-json\/wp\/v2\/tags?post=172435"}],"curies":[{"name":"wp","href":"https:\/\/api.w.org\/{rel}","templated":true}]}}