{"id":172439,"date":"2025-10-12T19:45:09","date_gmt":"2025-10-12T19:45:09","guid":{"rendered":"https:\/\/www.europesays.com\/es\/172439\/"},"modified":"2025-10-12T19:45:09","modified_gmt":"2025-10-12T19:45:09","slug":"carlos-garcia-pierna-lidera-el-triplete-historico-del-burgos-burpellet-bh-en-la-primera-etapa-del-tour-de-mentougou-esciclismo","status":"publish","type":"post","link":"https:\/\/www.europesays.com\/es\/172439\/","title":{"rendered":"Carlos Garc\u00eda Pierna lidera el triplete hist\u00f3rico del Burgos-Burpellet-BH en la primera etapa del Tour de Mentougou &#8211; Esciclismo"},"content":{"rendered":"<ol>\n<li><a href=\"https:\/\/news.google.com\/rss\/articles\/CBMiakFVX3lxTE9qQ3VnaFJhQUQwTkV6RXBHVnhUbjBnT2hiY2ROUGh4UkwwZ2c2ckIwdU1zNFJOXzdSVTN0dHJDU0RSYjcwRjBkZE9zRVYta2RkTG5Xckx2NnVDcU9iV2hTVEo1S3ZwQjYtcFE?oc=5\" target=\"_blank\" rel=\"nofollow noopener\">Carlos Garc\u00eda Pierna lidera el triplete hist\u00f3rico del Burgos-Burpellet-BH en la primera etapa del Tour de Mentougou<\/a>&nbsp;&nbsp;Esciclismo<\/li>\n<li><a href=\"https:\/\/news.google.com\/rss\/articles\/CBMiwwFBVV95cUxQeTl0aC1vVU9MajBaa0NjT254NlhXM2NiakVSaWFXRVptbVJTMEg4OG5ZOUc3Qm5fdkZkR2ozLVlsa2RycEkwRGh5UEFyaXNhTnQ3N1k4ZGtfbU9sakFRa0N6SmRHdFB0SFgzOWgtMk1hVWtYZVBIVTRaNUZ5eFdIVzRLSW5SblVqbEl5UzRNNWZONnVudFlzNHhCdDRsMTF3T1hpcmYtRnlWRUJxLUtVRlZtUHJycmJiS0ROa3RHUC1RYTDSAdcBQVVfeXFMT2FDU2dmVUF5WDlyQjRVWWFxNGJwNTc5QU9IZ3lpYVBSOTQwZXltZ19KVnZRMEhUaWFNRm9wa3Q2ZDdQemQxU3ZkeHZGWnV0N293NEVTdkR0ek9QclczUUlJdU5XZnp4TTFBZmxlS05neU1ySXhWVXBEaUtHcUVOc2ZEajVtaW9SYWNWUlpOZ3hRN3ppQWFvZHNhYnd2TTdiRXdkSUY3Q1g4RURLbkVyNWlFMWdObGRRczFrTk9fNXBpU2l0M2NBSm1ZQ3lfMUhEVGRNblJrS28?oc=5\" target=\"_blank\" rel=\"nofollow noopener\">Garc\u00eda Pierna encabeza el hist\u00f3rico triplete del Burgos Burpellet BH en China<\/a>&nbsp;&nbsp;Diario AS<\/li>\n<li><a href=\"https:\/\/news.google.com\/rss\/articles\/CBMicEFVX3lxTE9HUC1Cc1YteG84LTh5VkhkTHRXY2tKRkhEQXFoNkFGUDBxQVhNYlVkYklkUWZVNGFvbGtjUjFPeG05Y2cyV2hnWXcwWU5yUFBKdXU0MmhDaWNEX1RDbXF4M1k3M2R1endxa0gzZE56d3Q?oc=5\" target=\"_blank\" rel=\"nofollow noopener\">El Burgos Burpellet BH regresa a China por partida doble<\/a>&nbsp;&nbsp;burgos burpellet bh<\/li>\n<li><a href=\"https:\/\/news.google.com\/rss\/articles\/CBMi0wFBVV95cUxOaEFhUEEzZVM5RF8xNmw5ZHFMbmZQOHBCVDctZmRSZ0wzckRIZmhYRGVHbnJhQUFCRUlSeklDMG52cDl0WTlOdFdTUjJOSVdkeEwyR2xRVDFsc2tDQ3haWFFEUjhiTl9LZkNaLTN6NWpRejNzNTNQTVg5b2IzWE45TktpUENtei0zR1RtN3VxQUJMWnl5OXJIZTR5dG1mVU1HWDJYdGdZdWF1cXdwR0dJdGpaMTFNM1RUTnB6YnhCODFadlNDQnZPNHB3dmlfa3BrY1RV0gHYAUFVX3lxTE1JSHgySDZlS2tUMHVlaF9IdUhrbTFtZXhlQTlFNjI3NnhSOW80YkxaQlF4SjdfRWtMTHplZVB5QWQwSDNyRHhDbW03Vll4TDZ5cWs2OXBWY3NQX3lQRnN3eGRmYlY1bE80UHVJWl9fakRYUFZWN1BSNjU2N00xNmFXWk00UjlYd1JCS3FIRmZkbkpsODJaZ2lsSGVlWUFTUks1MGlQNE1mQnpfeHh6S25KeXBLdHVzemt4YUc2Ql9TMEg3OGtXVHBnYnB3NzV4UFN2TVI2S3hPMA?oc=5\" target=\"_blank\" rel=\"nofollow noopener\">Exhibici\u00f3n del Burgos Burpellet BH en China: tres ciclistas en el podio y liderato asegurado<\/a>&nbsp;&nbsp;El Correo de Burgos<\/li>\n<li><a href=\"https:\/\/news.google.com\/rss\/articles\/CBMirgFBVV95cUxOcFgwVVBmYi1FRkZjbUdNWU1HQ2NBWDVYSmJKQ3ZJMm04WlNkalBzUF96clpWYnNHN2lyb2hxbmJlam9WQ0F5NlEtekowaUYwZmZqd0Mwdl9xZTE5QWlfX19rUnYtVEoyYjVZYnRMejZnbXNUeHVVM0hmaTdQU1hRYndGLVpaT1p4VllnRGV5NThwLWprVlVMVUNtQnZNbXd0SHVyTGlkbU52LXNwOWfSAbsBQVVfeXFMT25nUktveWZMc29Ec041ZUdOYjl2TWlQakRlVmJjVFE4UFYwZ05FRHVlOEF4VFhOcDhRRTlBZklKNjZDR2gwYVFPNU1fNnJSQ2NXZDI3T0tTTFR3OExsZWlKRVBOTHhnMmUyeDJWdFBjelhmbkROamRuNzFTNXFIUlhzQ2pVSTZNQmt5UlBEUUlHQ3pQc0FnWVdrT29PNjJyRC1hZDQ5bFBfa1hfM0FlSjZickhON0xfT3R2QQ?oc=5\" target=\"_blank\" rel=\"nofollow noopener\">Triplete hist\u00f3rico del Burgos Burpellet BH en China<\/a>&nbsp;&nbsp;Mundo Deportivo<\/li>\n<\/ol>\n","protected":false},"excerpt":{"rendered":"Carlos Garc\u00eda Pierna lidera el triplete hist\u00f3rico del Burgos-Burpellet-BH en la primera etapa del Tour de Mentougou&nbsp;&nbsp;Esciclismo Garc\u00eda&hellip;\n","protected":false},"author":2,"featured_media":172440,"comment_status":"","ping_status":"","sticky":false,"template":"","format":"standard","meta":{"footnotes":""},"categories":[273],"tags":[313,1757,312,168,158,25,24,23,167],"class_list":{"0":"post-172439","1":"post","2":"type-post","3":"status-publish","4":"format-standard","5":"has-post-thumbnail","7":"category-ciclismo","8":"tag-ciclismo","9":"tag-ciclista","10":"tag-cycling","11":"tag-deportes","12":"tag-el","13":"tag-es","14":"tag-espana","15":"tag-spain","16":"tag-sports"},"share_on_mastodon":{"url":"","error":""},"_links":{"self":[{"href":"https:\/\/www.europesays.com\/es\/wp-json\/wp\/v2\/posts\/172439","targetHints":{"allow":["GET"]}}],"collection":[{"href":"https:\/\/www.europesays.com\/es\/wp-json\/wp\/v2\/posts"}],"about":[{"href":"https:\/\/www.europesays.com\/es\/wp-json\/wp\/v2\/types\/post"}],"author":[{"embeddable":true,"href":"https:\/\/www.europesays.com\/es\/wp-json\/wp\/v2\/users\/2"}],"replies":[{"embeddable":true,"href":"https:\/\/www.europesays.com\/es\/wp-json\/wp\/v2\/comments?post=172439"}],"version-history":[{"count":0,"href":"https:\/\/www.europesays.com\/es\/wp-json\/wp\/v2\/posts\/172439\/revisions"}],"wp:featuredmedia":[{"embeddable":true,"href":"https:\/\/www.europesays.com\/es\/wp-json\/wp\/v2\/media\/172440"}],"wp:attachment":[{"href":"https:\/\/www.europesays.com\/es\/wp-json\/wp\/v2\/media?parent=172439"}],"wp:term":[{"taxonomy":"category","embeddable":true,"href":"https:\/\/www.europesays.com\/es\/wp-json\/wp\/v2\/categories?post=172439"},{"taxonomy":"post_tag","embeddable":true,"href":"https:\/\/www.europesays.com\/es\/wp-json\/wp\/v2\/tags?post=172439"}],"curies":[{"name":"wp","href":"https:\/\/api.w.org\/{rel}","templated":true}]}}